{"id":4379,"date":"2024-11-25T17:27:09","date_gmt":"2024-11-25T20:27:09","guid":{"rendered":"https:\/\/circonavegador.com.br\/?p=4379"},"modified":"2024-11-25T17:27:15","modified_gmt":"2024-11-25T20:27:15","slug":"forum-panorama-de-cultura-do-litoral-norte-03-12-e-05-12-gratis","status":"publish","type":"post","link":"https:\/\/circonavegador.com.br\/?p=4379","title":{"rendered":"F\u00f3rum Panorama de Cultura do Litoral Norte 03\/12 e 05\/12 GR\u00c1TIS"},"content":{"rendered":"\n<p><span id=\"docs-internal-guid-40d53f23-7fff-1b24-e5dc-7f2ece534df6\"><p dir=\"ltr\" style=\"line-height:1.38;margin-left: -14.173228346456689pt;margin-right: -30.389763779527556pt;text-align: justify;margin-top:0pt;margin-bottom:0pt;\"><span style=\"font-size: 12pt; font-family: Arial, sans-serif; color: rgb(0, 0, 0); background-color: transparent; font-variant-numeric: normal; font-variant-east-asian: normal; font-variant-alternates: normal; font-variant-position: normal; font-variant-emoji: normal; vertical-align: baseline;\">O F\u00f3rum Panorama de Cultura do Litoral Norte contar\u00e1 com dois encontros nos dias 03\/12 (ter\u00e7a-feira) e 05\/12 (quinta-feira) \u00e0s 19h. Em comemora\u00e7\u00e3o ao anivers\u00e1rio de 10 anos do Espa\u00e7o Cultural Circo Navegador, estar\u00e3o reunidas as principais representa\u00e7\u00f5es da produ\u00e7\u00e3o cultural do Litoral Norte para debates com ativistas e interessados no desenvolvimento do setor na regi\u00e3o.\u00a0O f\u00f3rum ser\u00e1 composto de mesas de debate sobre a cultura no Litoral Norte e proposi\u00e7\u00e3o de pol\u00edticas p\u00fablicas, tratando dos temas Festivais e Espa\u00e7os Culturais, respectivamente nos dias 03 e 05 de dezembro. Para tratar dos Festivais estar\u00e3o presentes Monique Schivel (Dan\u00e7a e Movimento &#8211; Ilhabela), Luciano Draetta (Festival Felino &#8211; S\u00e3o Sebasti\u00e3o), Juliana Borges (Citronela Doc &#8211; Ilhabela) e (Litoral Encena &#8211; Caragu\u00e1).<\/span><\/p><span style=\"font-size: 12pt; font-family: Arial, sans-serif; color: rgb(0, 0, 0); background-color: transparent; font-variant-numeric: normal; font-variant-east-asian: normal; font-variant-alternates: normal; font-variant-position: normal; font-variant-emoji: normal; vertical-align: baseline;\">Para o tema Espa\u00e7os Culturais estar\u00e3o reunidos Emiliano Pingo (P\u00e9s no Ch\u00e3o &#8211; Ilhabela), Luciano Draetta (Espa\u00e7o Cultural Circo Navegador &#8211; S\u00e3o Sebasti\u00e3o), Carmen Prado (Escambau &#8211; Boi\u00e7ucanga &#8211; S\u00e3o Sebasti\u00e3o), \u00c2ngela Santos<\/span><span style=\"font-size: 12pt; font-family: Arial, sans-serif; color: rgb(255, 0, 0); background-color: transparent; font-variant-numeric: normal; font-variant-east-asian: normal; font-variant-alternates: normal; font-variant-position: normal; font-variant-emoji: normal; vertical-align: baseline;\"> <\/span><span style=\"font-size: 12pt; font-family: Arial, sans-serif; color: rgb(0, 0, 0); background-color: transparent; font-variant-numeric: normal; font-variant-east-asian: normal; font-variant-alternates: normal; font-variant-position: normal; font-variant-emoji: normal; vertical-align: baseline;\">(Casa Brasileira e Instituto Mpumalanga &#8211; S\u00e3o Sebasti\u00e3o) e Cl\u00e1udio<\/span><span style=\"font-size: 12pt; font-family: Arial, sans-serif; color: rgb(255, 0, 0); background-color: transparent; font-variant-numeric: normal; font-variant-east-asian: normal; font-variant-alternates: normal; font-variant-position: normal; font-variant-emoji: normal; vertical-align: baseline;\"> <\/span><span style=\"font-size: 12pt; font-family: Arial, sans-serif; color: rgb(0, 0, 0); background-color: transparent; font-variant-numeric: normal; font-variant-east-asian: normal; font-variant-alternates: normal; font-variant-position: normal; font-variant-emoji: normal; vertical-align: baseline;\">Luiz Dias (Espa\u00e7o Hart\u00e3t- Acervo Ind\u00edgena &#8211; Caraguatatuba).<\/span><\/span><\/p>\n","protected":false},"excerpt":{"rendered":"<p>O F\u00f3rum Panorama de Cultura do Litoral Norte contar\u00e1 com dois encontros nos dias 03\/12 (ter\u00e7a-feira) e 05\/12 (quinta-feira) \u00e0s 19h. Em comemora\u00e7\u00e3o ao anivers\u00e1rio de 10 anos do Espa\u00e7o Cultural Circo Navegador, estar\u00e3o reunidas as principais representa\u00e7\u00f5es da produ\u00e7\u00e3o cultural do Litoral Norte para debates com ativistas e interessados no desenvolvimento do setor na regi\u00e3o.\u00a0O f\u00f3rum ser\u00e1 composto de mesas de debate sobre a cultura no Litoral Norte e proposi\u00e7\u00e3o de pol\u00edticas p\u00fablicas, tratando dos temas Festivais e Espa\u00e7os Culturais, respectivamente nos dias 03 e 05 de dezembro. Para tratar dos Festivais estar\u00e3o presentes Monique Schivel (Dan\u00e7a e Movimento &#8211; Ilhabela), Luciano Draetta (Festival Felino &#8211; S\u00e3o Sebasti\u00e3o), Juliana Borges (Citronela Doc &#8211; Ilhabela) e (Litoral Encena &#8211; Caragu\u00e1). Para o tema Espa\u00e7os Culturais estar\u00e3o reunidos Emiliano Pingo (P\u00e9s no Ch\u00e3o &#8211; Ilhabela), Luciano Draetta (Espa\u00e7o Cultural Circo Navegador &#8211; S\u00e3o Sebasti\u00e3o), Carmen Prado (Escambau &#8211; Boi\u00e7ucanga &#8211; S\u00e3o Sebasti\u00e3o), \u00c2ngela Santos (Casa Brasileira e Instituto Mpumalanga &#8211; S\u00e3o Sebasti\u00e3o) e Cl\u00e1udio Luiz Dias (Espa\u00e7o Hart\u00e3t- Acervo Ind\u00edgena &#8211; Caraguatatuba).<\/p>\n","protected":false},"author":1,"featured_media":4380,"comment_status":"open","ping_status":"open","sticky":false,"template":"","format":"standard","meta":{"_eb_attr":"","_EventAllDay":false,"_EventTimezone":"","_EventStartDate":"","_EventEndDate":"","_EventStartDateUTC":"","_EventEndDateUTC":"","_EventShowMap":false,"_EventShowMapLink":false,"_EventURL":"","_EventCost":"","_EventCostDescription":"","_EventCurrencySymbol":"","_EventCurrencyCode":"","_EventCurrencyPosition":"","_EventDateTimeSeparator":"","_EventTimeRangeSeparator":"","_EventOrganizerID":[],"_EventVenueID":[],"_OrganizerEmail":"","_OrganizerPhone":"","_OrganizerWebsite":"","_VenueAddress":"","_VenueCity":"","_VenueCountry":"","_VenueProvince":"","_VenueState":"","_VenueZip":"","_VenuePhone":"","_VenueURL":"","_VenueStateProvince":"","_VenueLat":"","_VenueLng":"","_VenueShowMap":false,"_VenueShowMapLink":false,"ocean_post_layout":"","ocean_both_sidebars_style":"","ocean_both_sidebars_content_width":0,"ocean_both_sidebars_sidebars_width":0,"ocean_sidebar":"","ocean_second_sidebar":"","ocean_disable_margins":"enable","ocean_add_body_class":"","ocean_shortcode_before_top_bar":"","ocean_shortcode_after_top_bar":"","ocean_shortcode_before_header":"","ocean_shortcode_after_header":"","ocean_has_shortcode":"","ocean_shortcode_after_title":"","ocean_shortcode_before_footer_widgets":"","ocean_shortcode_after_footer_widgets":"","ocean_shortcode_before_footer_bottom":"","ocean_shortcode_after_footer_bottom":"","ocean_display_top_bar":"default","ocean_display_header":"default","ocean_header_style":"","ocean_center_header_left_menu":"","ocean_custom_header_template":"","ocean_custom_logo":0,"ocean_custom_retina_logo":0,"ocean_custom_logo_max_width":0,"ocean_custom_logo_tablet_max_width":0,"ocean_custom_logo_mobile_max_width":0,"ocean_custom_logo_max_height":0,"ocean_custom_logo_tablet_max_height":0,"ocean_custom_logo_mobile_max_height":0,"ocean_header_custom_menu":"","ocean_menu_typo_font_family":"","ocean_menu_typo_font_subset":"","ocean_menu_typo_font_size":0,"ocean_menu_typo_font_size_tablet":0,"ocean_menu_typo_font_size_mobile":0,"ocean_menu_typo_font_size_unit":"px","ocean_menu_typo_font_weight":"","ocean_menu_typo_font_weight_tablet":"","ocean_menu_typo_font_weight_mobile":"","ocean_menu_typo_transform":"","ocean_menu_typo_transform_tablet":"","ocean_menu_typo_transform_mobile":"","ocean_menu_typo_line_height":0,"ocean_menu_typo_line_height_tablet":0,"ocean_menu_typo_line_height_mobile":0,"ocean_menu_typo_line_height_unit":"","ocean_menu_typo_spacing":0,"ocean_menu_typo_spacing_tablet":0,"ocean_menu_typo_spacing_mobile":0,"ocean_menu_typo_spacing_unit":"","ocean_menu_link_color":"","ocean_menu_link_color_hover":"","ocean_menu_link_color_active":"","ocean_menu_link_background":"","ocean_menu_link_hover_background":"","ocean_menu_link_active_background":"","ocean_menu_social_links_bg":"","ocean_menu_social_hover_links_bg":"","ocean_menu_social_links_color":"","ocean_menu_social_hover_links_color":"","ocean_disable_title":"default","ocean_disable_heading":"default","ocean_post_title":"","ocean_post_subheading":"","ocean_post_title_style":"","ocean_post_title_background_color":"","ocean_post_title_background":0,"ocean_post_title_bg_image_position":"","ocean_post_title_bg_image_attachment":"","ocean_post_title_bg_image_repeat":"","ocean_post_title_bg_image_size":"","ocean_post_title_height":0,"ocean_post_title_bg_overlay":0.5,"ocean_post_title_bg_overlay_color":"","ocean_disable_breadcrumbs":"default","ocean_breadcrumbs_color":"","ocean_breadcrumbs_separator_color":"","ocean_breadcrumbs_links_color":"","ocean_breadcrumbs_links_hover_color":"","ocean_display_footer_widgets":"default","ocean_display_footer_bottom":"default","ocean_custom_footer_template":"","ocean_post_oembed":"","ocean_post_self_hosted_media":"","ocean_post_video_embed":"","ocean_link_format":"","ocean_link_format_target":"self","ocean_quote_format":"","ocean_quote_format_link":"post","ocean_gallery_link_images":"on","ocean_gallery_id":[],"footnotes":""},"categories":[2],"tags":[],"class_list":["post-4379","post","type-post","status-publish","format-standard","has-post-thumbnail","hentry","category-noticias","entry","has-media"],"aioseo_notices":[],"jetpack_featured_media_url":"https:\/\/circonavegador.com.br\/wp-content\/uploads\/2024\/11\/2022-05-04_roda_cidada5.jpeg","_links":{"self":[{"href":"https:\/\/circonavegador.com.br\/index.php?rest_route=\/wp\/v2\/posts\/4379","targetHints":{"allow":["GET"]}}],"collection":[{"href":"https:\/\/circonavegador.com.br\/index.php?rest_route=\/wp\/v2\/posts"}],"about":[{"href":"https:\/\/circonavegador.com.br\/index.php?rest_route=\/wp\/v2\/types\/post"}],"author":[{"embeddable":true,"href":"https:\/\/circonavegador.com.br\/index.php?rest_route=\/wp\/v2\/users\/1"}],"replies":[{"embeddable":true,"href":"https:\/\/circonavegador.com.br\/index.php?rest_route=%2Fwp%2Fv2%2Fcomments&post=4379"}],"version-history":[{"count":0,"href":"https:\/\/circonavegador.com.br\/index.php?rest_route=\/wp\/v2\/posts\/4379\/revisions"}],"wp:featuredmedia":[{"embeddable":true,"href":"https:\/\/circonavegador.com.br\/index.php?rest_route=\/wp\/v2\/media\/4380"}],"wp:attachment":[{"href":"https:\/\/circonavegador.com.br\/index.php?rest_route=%2Fwp%2Fv2%2Fmedia&parent=4379"}],"wp:term":[{"taxonomy":"category","embeddable":true,"href":"https:\/\/circonavegador.com.br\/index.php?rest_route=%2Fwp%2Fv2%2Fcategories&post=4379"},{"taxonomy":"post_tag","embeddable":true,"href":"https:\/\/circonavegador.com.br\/index.php?rest_route=%2Fwp%2Fv2%2Ftags&post=4379"}],"curies":[{"name":"wp","href":"https:\/\/api.w.org\/{rel}","templated":true}]}}