{"id":4346,"date":"2024-10-30T10:04:56","date_gmt":"2024-10-30T13:04:56","guid":{"rendered":"https:\/\/circonavegador.com.br\/?p=4346"},"modified":"2024-10-30T10:05:01","modified_gmt":"2024-10-30T13:05:01","slug":"sarau-sao-sebastiao-urgente-24-11-as-19h-gratis","status":"publish","type":"post","link":"https:\/\/circonavegador.com.br\/?p=4346","title":{"rendered":"Sarau S\u00e3o Sebasti\u00e3o URGENTE 24\/11 \u00e0s 19h GR\u00c1TIS"},"content":{"rendered":"\n<p>Reservas por <a href=\"https:\/\/wa.me\/1221018249\" title=\"\">WhatsApp (12) 2101-8249<\/a><\/p>\n\n\n\n<p>O Ponto de Cultura realiza no dia 24\/11 (domingo), \u00e0s 19h, o Sarau S\u00e3o Sebasti\u00e3o<br>URGENTE, contando com a participa\u00e7\u00e3o dos artistas: Bento Bles, Brenauta MC, DJ Pipoo,<br>Erickson Freitas, Jean Garfunkel e R\u00f4 Cabeini, que fizeram parte do projeto que levou arte e<br>cultura para diversos locais das periferias de S\u00e3o Sebasti\u00e3o. Na ocasi\u00e3o ser\u00e1 lan\u00e7ado o<br>mini-document\u00e1rio com as experi\u00eancias do projeto e a recep\u00e7\u00e3o das plateias dos diversos<br>bairros da cidade.<br>O evento conta com o lan\u00e7amento do livro Rave is heaven no sert\u00e3o e outros versos, do<br>artista e m\u00fasico Jean Garfunkel. A obra \u00e9 uma colet\u00e2nea de poemas que levam o leitor a um<br>universo po\u00e9tico singular, onde a voz do autor se destaca como a de um trovador<br>contempor\u00e2neo. Com uma poesia que mescla oralidade e musicalidade, Jean Garfunkel usa<br>m\u00e9tricas regulares e rimas criativas para criar uma pros\u00f3dia envolvente e l\u00fadica.<br>Jean Garfunkel tamb\u00e9m tocar\u00e1 no Sarau e encantar\u00e1 o p\u00fablico com a sua po\u00e9tica que j\u00e1 foi<br>gravada por importantes vozes da MPB, como: Elis Regina, Maria Rita, Margareth Menezes,<br>Zizi Possi, Renato Braz e Pena Branca e Xavantinho. Como letrista, trabalhou com L\u00e9a<br>Freire, Siz\u00e3o Machado, Mozart Terra, maestro Moacir Santos, maestro J\u00falio Medaglia e com<br>o violonista Yamand\u00fa Costa.<br>O sarau tamb\u00e9m vai receber DJ Pippo, pioneiro do movimento hip hop em S\u00e3o Sebasti\u00e3o,<br>atuando desde 1984 em diversas casas noturnas do Litoral Norte e Vale do Para\u00edba.<br>O rapper Bento Bless, de S\u00e3o Sebasti\u00e3o, se apresentar\u00e1 mais uma vez no Ponto de Cultura,<br>levando muito hip hop ao p\u00fablico. Ele est\u00e1 no mundo da m\u00fasica h\u00e1 sete anos e conta com<br>15 m\u00fasicas lan\u00e7adas. J\u00e1 foi apresentador do festival Rap Sunday, em Caraguatatuba, al\u00e9m<br>de entrevistador no quadro T\u00e1 na Rua, movimento significativo no Litoral Norte.<br>Nascido e criado em Boi\u00e7ucanga, Brenalta MC tamb\u00e9m participa do sarau, com sua trajet\u00f3ria<br>pelo hip hop e literatura marginal, colecionando pr\u00eamios nestas categorias art\u00edsticas. Al\u00e9m<br>do single EP Amanh\u00e3 N\u00e3o Tem Show (2020), do \u00e1lbum Escombros (2021), do EP Antes do<br>Fim (2022) e do EP S\u00d3IS (2023), \u00e9 autor do livro MARGEM, lan\u00e7ado em 2023. O artista<br>tamb\u00e9m foi o representante do estado de S\u00e3o Paulo no campeonato nacional de poesia<br>falada (SLAM BR), em 2021.<br>Tamb\u00e9m direto de Boi\u00e7ucanga, o m\u00fasico multiinstrumentista Erickson Freitas levar\u00e1 ao sarau<br>muita bossa nova, rock, blues, funk groover, reggae e jazz, em uma performance ao vivo<br>com temas cl\u00e1ssicos acompanhados de improvisa\u00e7\u00e3o e criatividade.<br>Com um repert\u00f3rio repleto de m\u00fasicas afro-brasileiras, a artista Ro Cabelini, de S\u00e3o<br>Sebasti\u00e3o, completa a lista de artistas do sarau. Ela iniciou a sua carreira musical aos 12<br>anos e atualmente desenvolve o projeto Ro Cabelini e Banda.<\/p>\n","protected":false},"excerpt":{"rendered":"<p>Reservas por WhatsApp (12) 2101-8249 O Ponto de Cultura realiza no dia 24\/11 (domingo), \u00e0s 19h, o Sarau S\u00e3o Sebasti\u00e3oURGENTE, contando com a participa\u00e7\u00e3o dos artistas: Bento Bles, Brenauta MC, DJ Pipoo,Erickson Freitas, Jean Garfunkel e R\u00f4 Cabeini, que fizeram parte do projeto que levou arte ecultura para diversos locais das periferias de S\u00e3o Sebasti\u00e3o. Na ocasi\u00e3o ser\u00e1 lan\u00e7ado omini-document\u00e1rio com as experi\u00eancias do projeto e a recep\u00e7\u00e3o das plateias dos diversosbairros da cidade.O evento conta com o lan\u00e7amento do livro Rave is heaven no sert\u00e3o e outros versos, doartista e m\u00fasico Jean Garfunkel. A obra \u00e9 uma colet\u00e2nea de poemas que levam o leitor a umuniverso po\u00e9tico singular, onde a voz do autor se destaca como a de um trovadorcontempor\u00e2neo. Com uma poesia que mescla oralidade e musicalidade, Jean Garfunkel usam\u00e9tricas regulares e rimas criativas para criar uma pros\u00f3dia envolvente e l\u00fadica.Jean Garfunkel tamb\u00e9m tocar\u00e1 no Sarau e encantar\u00e1 o p\u00fablico com a sua po\u00e9tica que j\u00e1 foigravada por importantes vozes da MPB, como: Elis Regina, Maria Rita, Margareth Menezes,Zizi Possi, Renato Braz e Pena Branca e Xavantinho. Como letrista, trabalhou com L\u00e9aFreire, Siz\u00e3o Machado, Mozart Terra, maestro Moacir Santos, maestro J\u00falio Medaglia e como violonista Yamand\u00fa Costa.O sarau tamb\u00e9m vai receber DJ Pippo, pioneiro do movimento hip hop em S\u00e3o Sebasti\u00e3o,atuando desde 1984 em diversas casas noturnas do Litoral Norte e Vale do Para\u00edba.O rapper Bento Bless, de S\u00e3o Sebasti\u00e3o, se apresentar\u00e1 mais uma vez no Ponto de Cultura,levando muito hip hop ao p\u00fablico. Ele est\u00e1 no mundo da m\u00fasica h\u00e1 sete anos e conta com15 m\u00fasicas lan\u00e7adas. J\u00e1 foi apresentador do festival Rap Sunday, em Caraguatatuba, al\u00e9mde entrevistador no quadro T\u00e1 na Rua, movimento significativo no Litoral Norte.Nascido e criado em Boi\u00e7ucanga, Brenalta MC tamb\u00e9m participa do sarau, com sua trajet\u00f3riapelo hip hop e literatura marginal, colecionando pr\u00eamios nestas categorias art\u00edsticas. Al\u00e9mdo single EP Amanh\u00e3 N\u00e3o Tem Show (2020), do \u00e1lbum Escombros (2021), do EP Antes doFim (2022) e do EP S\u00d3IS (2023), \u00e9 autor do livro MARGEM, lan\u00e7ado em 2023. O artistatamb\u00e9m foi o representante do estado de S\u00e3o Paulo no campeonato nacional de poesiafalada (SLAM BR), em 2021.Tamb\u00e9m direto de Boi\u00e7ucanga, o m\u00fasico multiinstrumentista Erickson Freitas levar\u00e1 ao saraumuita bossa nova, rock, blues, funk groover, reggae e jazz, em uma performance ao vivocom temas cl\u00e1ssicos acompanhados de improvisa\u00e7\u00e3o e criatividade.Com um repert\u00f3rio repleto de m\u00fasicas afro-brasileiras, a artista Ro Cabelini, de S\u00e3oSebasti\u00e3o, completa a lista de artistas do sarau. Ela iniciou a sua carreira musical aos 12anos e atualmente desenvolve o projeto Ro Cabelini e Banda.<\/p>\n","protected":false},"author":1,"featured_media":4347,"comment_status":"open","ping_status":"open","sticky":false,"template":"","format":"standard","meta":{"_eb_attr":"","_EventAllDay":false,"_EventTimezone":"","_EventStartDate":"","_EventEndDate":"","_EventStartDateUTC":"","_EventEndDateUTC":"","_EventShowMap":false,"_EventShowMapLink":false,"_EventURL":"","_EventCost":"","_EventCostDescription":"","_EventCurrencySymbol":"","_EventCurrencyCode":"","_EventCurrencyPosition":"","_EventDateTimeSeparator":"","_EventTimeRangeSeparator":"","_EventOrganizerID":[],"_EventVenueID":[],"_OrganizerEmail":"","_OrganizerPhone":"","_OrganizerWebsite":"","_VenueAddress":"","_VenueCity":"","_VenueCountry":"","_VenueProvince":"","_VenueState":"","_VenueZip":"","_VenuePhone":"","_VenueURL":"","_VenueStateProvince":"","_VenueLat":"","_VenueLng":"","_VenueShowMap":false,"_VenueShowMapLink":false,"ocean_post_layout":"","ocean_both_sidebars_style":"","ocean_both_sidebars_content_width":0,"ocean_both_sidebars_sidebars_width":0,"ocean_sidebar":"","ocean_second_sidebar":"","ocean_disable_margins":"enable","ocean_add_body_class":"","ocean_shortcode_before_top_bar":"","ocean_shortcode_after_top_bar":"","ocean_shortcode_before_header":"","ocean_shortcode_after_header":"","ocean_has_shortcode":"","ocean_shortcode_after_title":"","ocean_shortcode_before_footer_widgets":"","ocean_shortcode_after_footer_widgets":"","ocean_shortcode_before_footer_bottom":"","ocean_shortcode_after_footer_bottom":"","ocean_display_top_bar":"default","ocean_display_header":"default","ocean_header_style":"","ocean_center_header_left_menu":"","ocean_custom_header_template":"","ocean_custom_logo":0,"ocean_custom_retina_logo":0,"ocean_custom_logo_max_width":0,"ocean_custom_logo_tablet_max_width":0,"ocean_custom_logo_mobile_max_width":0,"ocean_custom_logo_max_height":0,"ocean_custom_logo_tablet_max_height":0,"ocean_custom_logo_mobile_max_height":0,"ocean_header_custom_menu":"","ocean_menu_typo_font_family":"","ocean_menu_typo_font_subset":"","ocean_menu_typo_font_size":0,"ocean_menu_typo_font_size_tablet":0,"ocean_menu_typo_font_size_mobile":0,"ocean_menu_typo_font_size_unit":"px","ocean_menu_typo_font_weight":"","ocean_menu_typo_font_weight_tablet":"","ocean_menu_typo_font_weight_mobile":"","ocean_menu_typo_transform":"","ocean_menu_typo_transform_tablet":"","ocean_menu_typo_transform_mobile":"","ocean_menu_typo_line_height":0,"ocean_menu_typo_line_height_tablet":0,"ocean_menu_typo_line_height_mobile":0,"ocean_menu_typo_line_height_unit":"","ocean_menu_typo_spacing":0,"ocean_menu_typo_spacing_tablet":0,"ocean_menu_typo_spacing_mobile":0,"ocean_menu_typo_spacing_unit":"","ocean_menu_link_color":"","ocean_menu_link_color_hover":"","ocean_menu_link_color_active":"","ocean_menu_link_background":"","ocean_menu_link_hover_background":"","ocean_menu_link_active_background":"","ocean_menu_social_links_bg":"","ocean_menu_social_hover_links_bg":"","ocean_menu_social_links_color":"","ocean_menu_social_hover_links_color":"","ocean_disable_title":"default","ocean_disable_heading":"default","ocean_post_title":"","ocean_post_subheading":"","ocean_post_title_style":"","ocean_post_title_background_color":"","ocean_post_title_background":0,"ocean_post_title_bg_image_position":"","ocean_post_title_bg_image_attachment":"","ocean_post_title_bg_image_repeat":"","ocean_post_title_bg_image_size":"","ocean_post_title_height":0,"ocean_post_title_bg_overlay":0.5,"ocean_post_title_bg_overlay_color":"","ocean_disable_breadcrumbs":"default","ocean_breadcrumbs_color":"","ocean_breadcrumbs_separator_color":"","ocean_breadcrumbs_links_color":"","ocean_breadcrumbs_links_hover_color":"","ocean_display_footer_widgets":"default","ocean_display_footer_bottom":"default","ocean_custom_footer_template":"","ocean_post_oembed":"","ocean_post_self_hosted_media":"","ocean_post_video_embed":"","ocean_link_format":"","ocean_link_format_target":"self","ocean_quote_format":"","ocean_quote_format_link":"post","ocean_gallery_link_images":"on","ocean_gallery_id":[],"footnotes":""},"categories":[2],"tags":[],"class_list":["post-4346","post","type-post","status-publish","format-standard","has-post-thumbnail","hentry","category-noticias","entry","has-media"],"aioseo_notices":[],"jetpack_featured_media_url":"https:\/\/circonavegador.com.br\/wp-content\/uploads\/2024\/10\/cartaz-felino-ajustado.jpg","_links":{"self":[{"href":"https:\/\/circonavegador.com.br\/index.php?rest_route=\/wp\/v2\/posts\/4346","targetHints":{"allow":["GET"]}}],"collection":[{"href":"https:\/\/circonavegador.com.br\/index.php?rest_route=\/wp\/v2\/posts"}],"about":[{"href":"https:\/\/circonavegador.com.br\/index.php?rest_route=\/wp\/v2\/types\/post"}],"author":[{"embeddable":true,"href":"https:\/\/circonavegador.com.br\/index.php?rest_route=\/wp\/v2\/users\/1"}],"replies":[{"embeddable":true,"href":"https:\/\/circonavegador.com.br\/index.php?rest_route=%2Fwp%2Fv2%2Fcomments&post=4346"}],"version-history":[{"count":0,"href":"https:\/\/circonavegador.com.br\/index.php?rest_route=\/wp\/v2\/posts\/4346\/revisions"}],"wp:featuredmedia":[{"embeddable":true,"href":"https:\/\/circonavegador.com.br\/index.php?rest_route=\/wp\/v2\/media\/4347"}],"wp:attachment":[{"href":"https:\/\/circonavegador.com.br\/index.php?rest_route=%2Fwp%2Fv2%2Fmedia&parent=4346"}],"wp:term":[{"taxonomy":"category","embeddable":true,"href":"https:\/\/circonavegador.com.br\/index.php?rest_route=%2Fwp%2Fv2%2Fcategories&post=4346"},{"taxonomy":"post_tag","embeddable":true,"href":"https:\/\/circonavegador.com.br\/index.php?rest_route=%2Fwp%2Fv2%2Ftags&post=4346"}],"curies":[{"name":"wp","href":"https:\/\/api.w.org\/{rel}","templated":true}]}}