{"id":3399,"date":"2023-10-17T10:43:03","date_gmt":"2023-10-17T13:43:03","guid":{"rendered":"https:\/\/circonavegador.com.br\/?p=3399"},"modified":"2023-10-17T10:43:08","modified_gmt":"2023-10-17T13:43:08","slug":"documentario-retratos-fantasmas-no-espaco-cultural-circo-navegador","status":"publish","type":"post","link":"https:\/\/circonavegador.com.br\/?p=3399","title":{"rendered":"Document\u00e1rio Retratos Fantasmas no Espa\u00e7o Cultural Circo Navegador"},"content":{"rendered":"\n<p><span id=\"docs-internal-guid-c1771bf3-7fff-94ac-bd77-7ad05a6ff49f\"><p dir=\"ltr\" style=\"line-height:1.38;margin-top:0pt;margin-bottom:0pt;\"><span style=\"font-size: 11pt; font-family: Arial, sans-serif; color: rgb(0, 0, 0); background-color: transparent; font-variant-numeric: normal; font-variant-east-asian: normal; font-variant-alternates: normal; font-variant-position: normal; vertical-align: baseline;\">Exibi\u00e7\u00e3o do filme \u201cRetratos Fantasmas\u201d, que ser\u00e1 o representante brasileiro na premia\u00e7\u00e3o do Oscar em 2024, no Espa\u00e7o Cultural Circo Navegador.\u00a0<\/span><\/p><p dir=\"ltr\" style=\"line-height:1.38;margin-top:0pt;margin-bottom:0pt;\"><span style=\"font-size: 11pt; font-family: Arial, sans-serif; color: rgb(0, 0, 0); background-color: transparent; font-variant-numeric: normal; font-variant-east-asian: normal; font-variant-alternates: normal; font-variant-position: normal; vertical-align: baseline;\">Dirigido por Kleber Mendon\u00e7a Filho (O Som ao Redor, Aquarius, Bacurau), o filme teve a sua estreia mundial em maio deste ano no Festival de Cannes, na Fran\u00e7a, quando foi exibido na Sele\u00e7\u00e3o Oficial da 76\u00aa edi\u00e7\u00e3o do festival. Este \u00e9 o terceiro filme do diretor na Sele\u00e7\u00e3o Oficial de Cannes, depois de Aquarius, em 2016, e Bacurau, co-dirigido por Juliano Dornelles, em 2019, quando ganhou o Pr\u00eamio do J\u00fari.<\/span><\/p><p dir=\"ltr\" style=\"line-height:1.38;margin-top:0pt;margin-bottom:0pt;\"><span style=\"font-size: 11pt; font-family: Arial, sans-serif; color: rgb(0, 0, 0); background-color: transparent; font-variant-numeric: normal; font-variant-east-asian: normal; font-variant-alternates: normal; font-variant-position: normal; vertical-align: baseline;\">A exibi\u00e7\u00e3o acontece no domingo dia 22\/10 \u00e0s 19h no Espa\u00e7o Cultural Circo Navegador e o ingresso \u00e9 R$20<\/span><\/p><p dir=\"ltr\" style=\"line-height:1.38;margin-top:0pt;margin-bottom:0pt;\"><span style=\"font-size: 11pt; font-family: Arial, sans-serif; color: rgb(0, 0, 0); background-color: transparent; font-variant-numeric: normal; font-variant-east-asian: normal; font-variant-alternates: normal; font-variant-position: normal; vertical-align: baseline;\">Fa\u00e7a sua reserva atrav\u00e9s do WhatsApp: (12) 2101-8249<\/span><\/p><p dir=\"ltr\" style=\"line-height:1.7999999999999998;text-align: justify;margin-top:0pt;margin-bottom:0pt;\"><span style=\"font-size: 11pt; font-family: Arial, sans-serif; color: rgb(0, 0, 0); background-color: transparent; font-style: italic; font-variant-numeric: normal; font-variant-east-asian: normal; font-variant-alternates: normal; font-variant-position: normal; vertical-align: baseline;\">Retratos Fantasmas <\/span><span style=\"font-size: 11pt; font-family: Arial, sans-serif; color: rgb(0, 0, 0); background-color: transparent; font-variant-numeric: normal; font-variant-east-asian: normal; font-variant-alternates: normal; font-variant-position: normal; vertical-align: baseline;\">tem o centro da cidade do Recife como personagem principal, sendo um espa\u00e7o hist\u00f3rico e humano, revisitado atrav\u00e9s dos grandes cinemas que serviram como espa\u00e7os de conv\u00edvio durante o s\u00e9culo XX.<\/span><\/p><p dir=\"ltr\" style=\"line-height:1.38;margin-top:0pt;margin-bottom:0pt;\"><span style=\"font-size: 11pt; font-family: Arial, sans-serif; color: rgb(0, 0, 0); background-color: transparent; font-variant-numeric: normal; font-variant-east-asian: normal; font-variant-alternates: normal; font-variant-position: normal; vertical-align: baseline;\">Espa\u00e7o Cultural Circo Navegador<\/span><\/p><p dir=\"ltr\" style=\"line-height:1.38;margin-top:0pt;margin-bottom:0pt;\"><span style=\"font-size: 11pt; font-family: Arial, sans-serif; color: rgb(0, 0, 0); background-color: transparent; font-variant-numeric: normal; font-variant-east-asian: normal; font-variant-alternates: normal; font-variant-position: normal; vertical-align: baseline;\">Rua Prefeito Mansueto Pierotti, 826 &#8211; Vila Am\u00e9lia, S\u00e3o Sebasti\u00e3o &#8211; SP<\/span><\/p><p dir=\"ltr\" style=\"line-height:1.38;margin-top:0pt;margin-bottom:0pt;\"><span style=\"font-size: 11pt; font-family: Arial, sans-serif; color: rgb(0, 0, 0); background-color: transparent; font-variant-numeric: normal; font-variant-east-asian: normal; font-variant-alternates: normal; font-variant-position: normal; vertical-align: baseline;\">#litoralnorte #saosebastiao #espacoculturalcirconavegador #cinema #filme #retratosfantasmas #bacurau #klebermendonca #cinemanacional<\/span><\/p><div><span style=\"font-size: 11pt; font-family: Arial, sans-serif; color: rgb(0, 0, 0); background-color: transparent; font-variant-numeric: normal; font-variant-east-asian: normal; font-variant-alternates: normal; font-variant-position: normal; vertical-align: baseline;\"><\/span><\/div><\/span><\/p>\n","protected":false},"excerpt":{"rendered":"<p>Exibi\u00e7\u00e3o do filme \u201cRetratos Fantasmas\u201d, que ser\u00e1 o representante brasileiro na premia\u00e7\u00e3o do Oscar em 2024, no Espa\u00e7o Cultural Circo Navegador.\u00a0 Dirigido por Kleber Mendon\u00e7a Filho (O Som ao Redor, Aquarius, Bacurau), o filme teve a sua estreia mundial em maio deste ano no Festival de Cannes, na Fran\u00e7a, quando foi exibido na Sele\u00e7\u00e3o Oficial da 76\u00aa edi\u00e7\u00e3o do festival. Este \u00e9 o terceiro filme do diretor na Sele\u00e7\u00e3o Oficial de Cannes, depois de Aquarius, em 2016, e Bacurau, co-dirigido por Juliano Dornelles, em 2019, quando ganhou o Pr\u00eamio do J\u00fari. A exibi\u00e7\u00e3o acontece no domingo dia 22\/10 \u00e0s 19h no Espa\u00e7o Cultural Circo Navegador e o ingresso \u00e9 R$20 Fa\u00e7a sua reserva atrav\u00e9s do WhatsApp: (12) 2101-8249 Retratos Fantasmas tem o centro da cidade do Recife como personagem principal, sendo um espa\u00e7o hist\u00f3rico e humano, revisitado atrav\u00e9s dos grandes cinemas que serviram como espa\u00e7os de conv\u00edvio durante o s\u00e9culo XX. Espa\u00e7o Cultural Circo Navegador Rua Prefeito Mansueto Pierotti, 826 &#8211; Vila Am\u00e9lia, S\u00e3o Sebasti\u00e3o &#8211; SP #litoralnorte #saosebastiao #espacoculturalcirconavegador #cinema #filme #retratosfantasmas #bacurau #klebermendonca #cinemanacional<\/p>\n","protected":false},"author":1,"featured_media":3400,"comment_status":"open","ping_status":"open","sticky":false,"template":"","format":"standard","meta":{"_eb_attr":"","_EventAllDay":false,"_EventTimezone":"","_EventStartDate":"","_EventEndDate":"","_EventStartDateUTC":"","_EventEndDateUTC":"","_EventShowMap":false,"_EventShowMapLink":false,"_EventURL":"","_EventCost":"","_EventCostDescription":"","_EventCurrencySymbol":"","_EventCurrencyCode":"","_EventCurrencyPosition":"","_EventDateTimeSeparator":"","_EventTimeRangeSeparator":"","_EventOrganizerID":[],"_EventVenueID":[],"_OrganizerEmail":"","_OrganizerPhone":"","_OrganizerWebsite":"","_VenueAddress":"","_VenueCity":"","_VenueCountry":"","_VenueProvince":"","_VenueState":"","_VenueZip":"","_VenuePhone":"","_VenueURL":"","_VenueStateProvince":"","_VenueLat":"","_VenueLng":"","_VenueShowMap":false,"_VenueShowMapLink":false,"ocean_post_layout":"","ocean_both_sidebars_style":"","ocean_both_sidebars_content_width":0,"ocean_both_sidebars_sidebars_width":0,"ocean_sidebar":"0","ocean_second_sidebar":"0","ocean_disable_margins":"enable","ocean_add_body_class":"","ocean_shortcode_before_top_bar":"","ocean_shortcode_after_top_bar":"","ocean_shortcode_before_header":"","ocean_shortcode_after_header":"","ocean_has_shortcode":"","ocean_shortcode_after_title":"","ocean_shortcode_before_footer_widgets":"","ocean_shortcode_after_footer_widgets":"","ocean_shortcode_before_footer_bottom":"","ocean_shortcode_after_footer_bottom":"","ocean_display_top_bar":"default","ocean_display_header":"default","ocean_header_style":"","ocean_center_header_left_menu":"0","ocean_custom_header_template":"0","ocean_custom_logo":0,"ocean_custom_retina_logo":0,"ocean_custom_logo_max_width":0,"ocean_custom_logo_tablet_max_width":0,"ocean_custom_logo_mobile_max_width":0,"ocean_custom_logo_max_height":0,"ocean_custom_logo_tablet_max_height":0,"ocean_custom_logo_mobile_max_height":0,"ocean_header_custom_menu":"0","ocean_menu_typo_font_family":"0","ocean_menu_typo_font_subset":"","ocean_menu_typo_font_size":0,"ocean_menu_typo_font_size_tablet":0,"ocean_menu_typo_font_size_mobile":0,"ocean_menu_typo_font_size_unit":"px","ocean_menu_typo_font_weight":"","ocean_menu_typo_font_weight_tablet":"","ocean_menu_typo_font_weight_mobile":"","ocean_menu_typo_transform":"","ocean_menu_typo_transform_tablet":"","ocean_menu_typo_transform_mobile":"","ocean_menu_typo_line_height":0,"ocean_menu_typo_line_height_tablet":0,"ocean_menu_typo_line_height_mobile":0,"ocean_menu_typo_line_height_unit":"","ocean_menu_typo_spacing":0,"ocean_menu_typo_spacing_tablet":0,"ocean_menu_typo_spacing_mobile":0,"ocean_menu_typo_spacing_unit":"","ocean_menu_link_color":"","ocean_menu_link_color_hover":"","ocean_menu_link_color_active":"","ocean_menu_link_background":"","ocean_menu_link_hover_background":"","ocean_menu_link_active_background":"","ocean_menu_social_links_bg":"","ocean_menu_social_hover_links_bg":"","ocean_menu_social_links_color":"","ocean_menu_social_hover_links_color":"","ocean_disable_title":"default","ocean_disable_heading":"default","ocean_post_title":"","ocean_post_subheading":"","ocean_post_title_style":"","ocean_post_title_background_color":"","ocean_post_title_background":0,"ocean_post_title_bg_image_position":"","ocean_post_title_bg_image_attachment":"","ocean_post_title_bg_image_repeat":"","ocean_post_title_bg_image_size":"","ocean_post_title_height":0,"ocean_post_title_bg_overlay":0.5,"ocean_post_title_bg_overlay_color":"","ocean_disable_breadcrumbs":"default","ocean_breadcrumbs_color":"","ocean_breadcrumbs_separator_color":"","ocean_breadcrumbs_links_color":"","ocean_breadcrumbs_links_hover_color":"","ocean_display_footer_widgets":"default","ocean_display_footer_bottom":"default","ocean_custom_footer_template":"0","ocean_post_oembed":"","ocean_post_self_hosted_media":"","ocean_post_video_embed":"","ocean_link_format":"","ocean_link_format_target":"self","ocean_quote_format":"","ocean_quote_format_link":"post","ocean_gallery_link_images":"off","ocean_gallery_id":[],"footnotes":""},"categories":[2],"tags":[],"class_list":["post-3399","post","type-post","status-publish","format-standard","has-post-thumbnail","hentry","category-noticias","entry","has-media"],"aioseo_notices":[],"jetpack_featured_media_url":"https:\/\/circonavegador.com.br\/wp-content\/uploads\/2023\/10\/retratos_fantasmas-1.jpg","_links":{"self":[{"href":"https:\/\/circonavegador.com.br\/index.php?rest_route=\/wp\/v2\/posts\/3399","targetHints":{"allow":["GET"]}}],"collection":[{"href":"https:\/\/circonavegador.com.br\/index.php?rest_route=\/wp\/v2\/posts"}],"about":[{"href":"https:\/\/circonavegador.com.br\/index.php?rest_route=\/wp\/v2\/types\/post"}],"author":[{"embeddable":true,"href":"https:\/\/circonavegador.com.br\/index.php?rest_route=\/wp\/v2\/users\/1"}],"replies":[{"embeddable":true,"href":"https:\/\/circonavegador.com.br\/index.php?rest_route=%2Fwp%2Fv2%2Fcomments&post=3399"}],"version-history":[{"count":0,"href":"https:\/\/circonavegador.com.br\/index.php?rest_route=\/wp\/v2\/posts\/3399\/revisions"}],"wp:featuredmedia":[{"embeddable":true,"href":"https:\/\/circonavegador.com.br\/index.php?rest_route=\/wp\/v2\/media\/3400"}],"wp:attachment":[{"href":"https:\/\/circonavegador.com.br\/index.php?rest_route=%2Fwp%2Fv2%2Fmedia&parent=3399"}],"wp:term":[{"taxonomy":"category","embeddable":true,"href":"https:\/\/circonavegador.com.br\/index.php?rest_route=%2Fwp%2Fv2%2Fcategories&post=3399"},{"taxonomy":"post_tag","embeddable":true,"href":"https:\/\/circonavegador.com.br\/index.php?rest_route=%2Fwp%2Fv2%2Ftags&post=3399"}],"curies":[{"name":"wp","href":"https:\/\/api.w.org\/{rel}","templated":true}]}}