{"id":3376,"date":"2023-09-27T10:23:08","date_gmt":"2023-09-27T13:23:08","guid":{"rendered":"https:\/\/circonavegador.com.br\/?p=3376"},"modified":"2023-09-27T10:23:12","modified_gmt":"2023-09-27T13:23:12","slug":"circo-navegador-no-emcena-brasil-em-osvaldo-cruz","status":"publish","type":"post","link":"https:\/\/circonavegador.com.br\/?p=3376","title":{"rendered":"Circo Navegador no Emcena Brasil em Osvaldo Cruz"},"content":{"rendered":"\n<p><span id=\"docs-internal-guid-a117679e-7fff-e202-dc32-ac20a204b285\"><p dir=\"ltr\" style=\"line-height:1.38;margin-top:0pt;margin-bottom:0pt;\"><span style=\"font-size: 11pt; font-family: Arial, sans-serif; color: rgb(0, 0, 0); background-color: transparent; font-variant-numeric: normal; font-variant-east-asian: normal; font-variant-alternates: normal; vertical-align: baseline;\">O EMCENA BRASIL CONTINUA!!<\/span><\/p><\/span><\/p>\n\n\n\n<p><span id=\"docs-internal-guid-a117679e-7fff-e202-dc32-ac20a204b285\"><p dir=\"ltr\" style=\"line-height:1.38;margin-top:0pt;margin-bottom:0pt;\"><span style=\"font-size: 11pt; font-family: Arial, sans-serif; color: rgb(0, 0, 0); background-color: transparent; font-variant-numeric: normal; font-variant-east-asian: normal; font-variant-alternates: normal; vertical-align: baseline;\">D\u00e1 uma olhada na programa\u00e7\u00e3o do <\/span><span style=\"font-size: 10.5pt; font-family: Roboto, sans-serif; color: rgb(0, 0, 0); font-variant-numeric: normal; font-variant-east-asian: normal; font-variant-alternates: normal; vertical-align: baseline;\">@projetoemcenabrasil <\/span><span style=\"font-size: 11pt; font-family: Arial, sans-serif; color: rgb(0, 0, 0); background-color: transparent; font-variant-numeric: normal; font-variant-east-asian: normal; font-variant-alternates: normal; vertical-align: baseline;\">\u00a0desse fim de semana\u00a0<\/span><span style=\"font-size: 11pt; font-family: Arial, sans-serif; color: rgb(0, 0, 0); font-variant-numeric: normal; font-variant-east-asian: normal; font-variant-alternates: normal; vertical-align: baseline;\">O evento acontece nos dias 30 de setembro e 01 de outubro, das 16h \u00e0s 21h na Pra\u00e7a S\u00e3o Jos\u00e9 na cidade de Osvaldo Cruz &#8211; SP<\/span><\/p><\/span><\/p>\n\n\n\n<p><span id=\"docs-internal-guid-a117679e-7fff-e202-dc32-ac20a204b285\"><p dir=\"ltr\" style=\"line-height:1.38;margin-top:0pt;margin-bottom:0pt;\"><span style=\"font-size: 11pt; font-family: Arial, sans-serif; color: rgb(0, 0, 0); font-variant-numeric: normal; font-variant-east-asian: normal; font-variant-alternates: normal; vertical-align: baseline;\">Estaremos apresentando o nosso espet\u00e1culo \u201cOm Co T\u00f4? Quem Co S\u00f4? Prom Co V\u00f4?\u201d no s\u00e1bado 30\/09 \u00e0s 20h<\/span><\/p><a style=\"text-decoration-line: none;\" href=\"https:\/\/www.instagram.com\/explore\/tags\/circoteatro\/\"><span style=\"font-size: 11pt; font-family: Arial, sans-serif; color: rgb(17, 85, 204); font-variant-numeric: normal; font-variant-east-asian: normal; font-variant-alternates: normal; vertical-align: baseline;\">#circoteatro<\/span><\/a><span style=\"font-size: 11pt; font-family: Arial, sans-serif; color: rgb(0, 0, 0); font-variant-numeric: normal; font-variant-east-asian: normal; font-variant-alternates: normal; vertical-align: baseline;\"> <\/span><a style=\"text-decoration-line: none;\" href=\"https:\/\/www.instagram.com\/explore\/tags\/circo\/\"><span style=\"font-size: 11pt; font-family: Arial, sans-serif; color: rgb(17, 85, 204); font-variant-numeric: normal; font-variant-east-asian: normal; font-variant-alternates: normal; vertical-align: baseline;\">#circo<\/span><\/a><span style=\"font-size: 11pt; font-family: Arial, sans-serif; color: rgb(0, 0, 0); font-variant-numeric: normal; font-variant-east-asian: normal; font-variant-alternates: normal; vertical-align: baseline;\"> <\/span><a style=\"text-decoration-line: none;\" href=\"https:\/\/www.instagram.com\/explore\/tags\/teatro\/\"><span style=\"font-size: 11pt; font-family: Arial, sans-serif; color: rgb(17, 85, 204); font-variant-numeric: normal; font-variant-east-asian: normal; font-variant-alternates: normal; vertical-align: baseline;\">#teatro<\/span><\/a><span style=\"font-size: 11pt; font-family: Arial, sans-serif; color: rgb(0, 0, 0); font-variant-numeric: normal; font-variant-east-asian: normal; font-variant-alternates: normal; vertical-align: baseline;\"> <\/span><a style=\"text-decoration-line: none;\" href=\"https:\/\/www.instagram.com\/explore\/tags\/palhaco\/\"><span style=\"font-size: 11pt; font-family: Arial, sans-serif; color: rgb(17, 85, 204); font-variant-numeric: normal; font-variant-east-asian: normal; font-variant-alternates: normal; vertical-align: baseline;\">#palhaco<\/span><\/a><span style=\"font-size: 11pt; font-family: Arial, sans-serif; color: rgb(0, 0, 0); font-variant-numeric: normal; font-variant-east-asian: normal; font-variant-alternates: normal; vertical-align: baseline;\"> <\/span><a style=\"text-decoration-line: none;\" href=\"https:\/\/www.instagram.com\/explore\/tags\/emcenabrasil\/\"><span style=\"font-size: 11pt; font-family: Arial, sans-serif; color: rgb(17, 85, 204); font-variant-numeric: normal; font-variant-east-asian: normal; font-variant-alternates: normal; vertical-align: baseline;\">#emcenabrasil<\/span><\/a><span style=\"font-size: 11pt; font-family: Arial, sans-serif; color: rgb(0, 0, 0); font-variant-numeric: normal; font-variant-east-asian: normal; font-variant-alternates: normal; vertical-align: baseline;\"> <\/span><a style=\"text-decoration-line: none;\" href=\"https:\/\/www.instagram.com\/explore\/tags\/circonavegador\/\"><span style=\"font-size: 11pt; font-family: Arial, sans-serif; color: rgb(17, 85, 204); font-variant-numeric: normal; font-variant-east-asian: normal; font-variant-alternates: normal; vertical-align: baseline;\">#circonavegador<\/span><\/a><span style=\"font-size: 11pt; font-family: Arial, sans-serif; color: rgb(0, 0, 0); font-variant-numeric: normal; font-variant-east-asian: normal; font-variant-alternates: normal; vertical-align: baseline;\"> <\/span><a style=\"text-decoration-line: none;\" href=\"https:\/\/www.instagram.com\/explore\/tags\/oct\/\"><span style=\"font-size: 11pt; font-family: Arial, sans-serif; color: rgb(17, 85, 204); font-variant-numeric: normal; font-variant-east-asian: normal; font-variant-alternates: normal; vertical-align: baseline;\">#oct<\/span><\/a><\/span><\/p>\n","protected":false},"excerpt":{"rendered":"<p>O EMCENA BRASIL CONTINUA!! D\u00e1 uma olhada na programa\u00e7\u00e3o do @projetoemcenabrasil \u00a0desse fim de semana\u00a0O evento acontece nos dias 30 de setembro e 01 de outubro, das 16h \u00e0s 21h na Pra\u00e7a S\u00e3o Jos\u00e9 na cidade de Osvaldo Cruz &#8211; SP Estaremos apresentando o nosso espet\u00e1culo \u201cOm Co T\u00f4? Quem Co S\u00f4? Prom Co V\u00f4?\u201d no s\u00e1bado 30\/09 \u00e0s 20h #circoteatro #circo #teatro #palhaco #emcenabrasil #circonavegador #oct<\/p>\n","protected":false},"author":1,"featured_media":3377,"comment_status":"open","ping_status":"open","sticky":false,"template":"","format":"standard","meta":{"_eb_attr":"","_EventAllDay":false,"_EventTimezone":"","_EventStartDate":"","_EventEndDate":"","_EventStartDateUTC":"","_EventEndDateUTC":"","_EventShowMap":false,"_EventShowMapLink":false,"_EventURL":"","_EventCost":"","_EventCostDescription":"","_EventCurrencySymbol":"","_EventCurrencyCode":"","_EventCurrencyPosition":"","_EventDateTimeSeparator":"","_EventTimeRangeSeparator":"","_EventOrganizerID":[],"_EventVenueID":[],"_OrganizerEmail":"","_OrganizerPhone":"","_OrganizerWebsite":"","_VenueAddress":"","_VenueCity":"","_VenueCountry":"","_VenueProvince":"","_VenueState":"","_VenueZip":"","_VenuePhone":"","_VenueURL":"","_VenueStateProvince":"","_VenueLat":"","_VenueLng":"","_VenueShowMap":false,"_VenueShowMapLink":false,"ocean_post_layout":"","ocean_both_sidebars_style":"","ocean_both_sidebars_content_width":0,"ocean_both_sidebars_sidebars_width":0,"ocean_sidebar":"0","ocean_second_sidebar":"0","ocean_disable_margins":"enable","ocean_add_body_class":"","ocean_shortcode_before_top_bar":"","ocean_shortcode_after_top_bar":"","ocean_shortcode_before_header":"","ocean_shortcode_after_header":"","ocean_has_shortcode":"","ocean_shortcode_after_title":"","ocean_shortcode_before_footer_widgets":"","ocean_shortcode_after_footer_widgets":"","ocean_shortcode_before_footer_bottom":"","ocean_shortcode_after_footer_bottom":"","ocean_display_top_bar":"default","ocean_display_header":"default","ocean_header_style":"","ocean_center_header_left_menu":"0","ocean_custom_header_template":"0","ocean_custom_logo":0,"ocean_custom_retina_logo":0,"ocean_custom_logo_max_width":0,"ocean_custom_logo_tablet_max_width":0,"ocean_custom_logo_mobile_max_width":0,"ocean_custom_logo_max_height":0,"ocean_custom_logo_tablet_max_height":0,"ocean_custom_logo_mobile_max_height":0,"ocean_header_custom_menu":"0","ocean_menu_typo_font_family":"0","ocean_menu_typo_font_subset":"","ocean_menu_typo_font_size":0,"ocean_menu_typo_font_size_tablet":0,"ocean_menu_typo_font_size_mobile":0,"ocean_menu_typo_font_size_unit":"px","ocean_menu_typo_font_weight":"","ocean_menu_typo_font_weight_tablet":"","ocean_menu_typo_font_weight_mobile":"","ocean_menu_typo_transform":"","ocean_menu_typo_transform_tablet":"","ocean_menu_typo_transform_mobile":"","ocean_menu_typo_line_height":0,"ocean_menu_typo_line_height_tablet":0,"ocean_menu_typo_line_height_mobile":0,"ocean_menu_typo_line_height_unit":"","ocean_menu_typo_spacing":0,"ocean_menu_typo_spacing_tablet":0,"ocean_menu_typo_spacing_mobile":0,"ocean_menu_typo_spacing_unit":"","ocean_menu_link_color":"","ocean_menu_link_color_hover":"","ocean_menu_link_color_active":"","ocean_menu_link_background":"","ocean_menu_link_hover_background":"","ocean_menu_link_active_background":"","ocean_menu_social_links_bg":"","ocean_menu_social_hover_links_bg":"","ocean_menu_social_links_color":"","ocean_menu_social_hover_links_color":"","ocean_disable_title":"default","ocean_disable_heading":"default","ocean_post_title":"","ocean_post_subheading":"","ocean_post_title_style":"","ocean_post_title_background_color":"","ocean_post_title_background":0,"ocean_post_title_bg_image_position":"","ocean_post_title_bg_image_attachment":"","ocean_post_title_bg_image_repeat":"","ocean_post_title_bg_image_size":"","ocean_post_title_height":0,"ocean_post_title_bg_overlay":0.5,"ocean_post_title_bg_overlay_color":"","ocean_disable_breadcrumbs":"default","ocean_breadcrumbs_color":"","ocean_breadcrumbs_separator_color":"","ocean_breadcrumbs_links_color":"","ocean_breadcrumbs_links_hover_color":"","ocean_display_footer_widgets":"default","ocean_display_footer_bottom":"default","ocean_custom_footer_template":"0","ocean_post_oembed":"","ocean_post_self_hosted_media":"","ocean_post_video_embed":"","ocean_link_format":"","ocean_link_format_target":"self","ocean_quote_format":"","ocean_quote_format_link":"post","ocean_gallery_link_images":"off","ocean_gallery_id":[],"footnotes":""},"categories":[2],"tags":[],"class_list":["post-3376","post","type-post","status-publish","format-standard","has-post-thumbnail","hentry","category-noticias","entry","has-media"],"aioseo_notices":[],"jetpack_featured_media_url":"https:\/\/circonavegador.com.br\/wp-content\/uploads\/2023\/09\/01b478d1-fd93-4c50-bfd5-fa65ee498054.jpeg","_links":{"self":[{"href":"https:\/\/circonavegador.com.br\/index.php?rest_route=\/wp\/v2\/posts\/3376","targetHints":{"allow":["GET"]}}],"collection":[{"href":"https:\/\/circonavegador.com.br\/index.php?rest_route=\/wp\/v2\/posts"}],"about":[{"href":"https:\/\/circonavegador.com.br\/index.php?rest_route=\/wp\/v2\/types\/post"}],"author":[{"embeddable":true,"href":"https:\/\/circonavegador.com.br\/index.php?rest_route=\/wp\/v2\/users\/1"}],"replies":[{"embeddable":true,"href":"https:\/\/circonavegador.com.br\/index.php?rest_route=%2Fwp%2Fv2%2Fcomments&post=3376"}],"version-history":[{"count":0,"href":"https:\/\/circonavegador.com.br\/index.php?rest_route=\/wp\/v2\/posts\/3376\/revisions"}],"wp:featuredmedia":[{"embeddable":true,"href":"https:\/\/circonavegador.com.br\/index.php?rest_route=\/wp\/v2\/media\/3377"}],"wp:attachment":[{"href":"https:\/\/circonavegador.com.br\/index.php?rest_route=%2Fwp%2Fv2%2Fmedia&parent=3376"}],"wp:term":[{"taxonomy":"category","embeddable":true,"href":"https:\/\/circonavegador.com.br\/index.php?rest_route=%2Fwp%2Fv2%2Fcategories&post=3376"},{"taxonomy":"post_tag","embeddable":true,"href":"https:\/\/circonavegador.com.br\/index.php?rest_route=%2Fwp%2Fv2%2Ftags&post=3376"}],"curies":[{"name":"wp","href":"https:\/\/api.w.org\/{rel}","templated":true}]}}