{"id":3096,"date":"2023-06-27T12:28:57","date_gmt":"2023-06-27T15:28:57","guid":{"rendered":"https:\/\/circonavegador.com.br\/?p=3096"},"modified":"2023-06-27T13:03:48","modified_gmt":"2023-06-27T16:03:48","slug":"lancamento-do-livro-no-sarau-suburbano","status":"publish","type":"post","link":"https:\/\/circonavegador.com.br\/?p=3096","title":{"rendered":"Lan\u00e7amento do Livro no Sarau Suburbano"},"content":{"rendered":"\n<p>Galera, \u00c9 HOJE, das 19 \u00e0s 21h no Bar da Praia.<\/p>\n\n\n\n<p>Com muito orgulho, anunciamos mais um lan\u00e7amento do nosso livro \u201cCirco Navegador &#8211; 25 anos\u201d, que apresenta toda nossa trajet\u00f3ria desde 1997.<br>Desta vez, vai ser aqui pertinho, junto aos amigos do&nbsp;<a href=\"https:\/\/www.instagram.com\/sarau_suburbano\/\" target=\"_blank\" rel=\"noopener\" title=\"\">@sarau_suburbano<\/a>, que vai contar com a presen\u00e7a do poeta&nbsp;<a href=\"https:\/\/www.instagram.com\/lucasafonsooficial\/\" target=\"_blank\" rel=\"noopener\" title=\"\">@lucasafonsooficial<\/a>, que vem l\u00e1 de S\u00e3o Paulo, e a apresenta\u00e7\u00e3o do Sarau fica por conta do lend\u00e1rio&nbsp;<a href=\"https:\/\/www.instagram.com\/alessandrobuzo\/\" target=\"_blank\" rel=\"noopener\" title=\"\">@alessandrobuzo<\/a>.<\/p>\n\n\n\n<p>Este lan\u00e7amento vem junto ao encerramento de nossa campanha de financiamento coletivo apoia.se\/livro25anos (link na bio), em grande estilo, curtindo muita poesia, conversa boa e amizade.<\/p>\n\n\n\n<p>Quem vamos?<br>Vai ser no Bar da Praia, R. Ex-Combatente Paulo Nunes dos Passos, 25. Boi\u00e7ucanga, S\u00e3o Sebasti\u00e3o, SP, hoje, dia 27 de junho, das 19 \u00e0s 21h.<\/p>\n\n\n\n<p>Marca os amigos e bora!!!<\/p>\n\n\n\n<p><a href=\"https:\/\/www.instagram.com\/explore\/tags\/cultura\/\">#cultura<\/a><a href=\"https:\/\/www.instagram.com\/explore\/tags\/teatro\/\">#teatro<\/a><a href=\"https:\/\/www.instagram.com\/explore\/tags\/circo\/\">#circo<\/a><a href=\"https:\/\/www.instagram.com\/explore\/tags\/musica\/\">#musica<\/a><a href=\"https:\/\/www.instagram.com\/explore\/tags\/cinema\/\">#cinema<\/a><a href=\"https:\/\/www.instagram.com\/explore\/tags\/litoralnorte\/\">#litoralnorte<\/a><a href=\"https:\/\/www.instagram.com\/explore\/tags\/circonavegador\/\">#circonavegador<\/a><a href=\"https:\/\/www.instagram.com\/explore\/tags\/literatura\/\">#literatura<\/a><a href=\"https:\/\/www.instagram.com\/explore\/tags\/educacao\/\">#educacao<\/a><a href=\"https:\/\/www.instagram.com\/explore\/tags\/saosebastiao\/\">#saosebastiao<\/a><a href=\"https:\/\/www.instagram.com\/explore\/tags\/boanoite\/\">#boanoite<\/a><a href=\"https:\/\/www.instagram.com\/explore\/tags\/estreia\/\">#estreia<\/a><a href=\"https:\/\/www.instagram.com\/explore\/tags\/circoteatro\/\">#circoteatro<\/a><a href=\"https:\/\/www.instagram.com\/explore\/tags\/circonavegador25anos\/\">#circonavegador25anos<\/a><a href=\"https:\/\/www.instagram.com\/explore\/tags\/espa%C3%A7oculturalcirconavegador\/\">#espa\u00e7oculturalcirconavegador<\/a><a href=\"https:\/\/www.instagram.com\/explore\/tags\/espa%C3%A7ocultural\/\">#espa\u00e7ocultural<\/a><a href=\"https:\/\/www.instagram.com\/explore\/tags\/gratis\/\">#gratis<\/a><a href=\"https:\/\/www.instagram.com\/explore\/tags\/palha%C3%A7osurubim\/\">#palha\u00e7osurubim<\/a><a href=\"https:\/\/www.instagram.com\/explore\/tags\/livro25anos\/\">#livro25anos<\/a><a href=\"https:\/\/www.instagram.com\/explore\/tags\/livro\/\">#livro<\/a><a href=\"https:\/\/www.instagram.com\/explore\/tags\/equipe\/\">#equipe<\/a><a href=\"https:\/\/www.instagram.com\/explore\/tags\/proac22\/\">#proac22<\/a><a href=\"https:\/\/www.instagram.com\/explore\/tags\/sarausuburbano\/\">#sarausuburbano<\/a><\/p>\n","protected":false},"excerpt":{"rendered":"<p>Galera, \u00c9 HOJE, das 19 \u00e0s 21h no Bar da Praia. Com muito orgulho, anunciamos mais um lan\u00e7amento do nosso livro \u201cCirco Navegador &#8211; 25 anos\u201d, que apresenta toda nossa trajet\u00f3ria desde 1997.Desta vez, vai ser aqui pertinho, junto aos amigos do&nbsp;@sarau_suburbano, que vai contar com a presen\u00e7a do poeta&nbsp;@lucasafonsooficial, que vem l\u00e1 de S\u00e3o Paulo, e a apresenta\u00e7\u00e3o do Sarau fica por conta do lend\u00e1rio&nbsp;@alessandrobuzo. Este lan\u00e7amento vem junto ao encerramento de nossa campanha de financiamento coletivo apoia.se\/livro25anos (link na bio), em grande estilo, curtindo muita poesia, conversa boa e amizade. Quem vamos?Vai ser no Bar da Praia, R. Ex-Combatente Paulo Nunes dos Passos, 25. Boi\u00e7ucanga, S\u00e3o Sebasti\u00e3o, SP, hoje, dia 27 de junho, das 19 \u00e0s 21h. Marca os amigos e bora!!! #cultura#teatro#circo#musica#cinema#litoralnorte#circonavegador#literatura#educacao#saosebastiao#boanoite#estreia#circoteatro#circonavegador25anos#espa\u00e7oculturalcirconavegador#espa\u00e7ocultural#gratis#palha\u00e7osurubim#livro25anos#livro#equipe#proac22#sarausuburbano<\/p>\n","protected":false},"author":1,"featured_media":3097,"comment_status":"open","ping_status":"open","sticky":false,"template":"","format":"standard","meta":{"_eb_attr":"","_EventAllDay":false,"_EventTimezone":"","_EventStartDate":"","_EventEndDate":"","_EventStartDateUTC":"","_EventEndDateUTC":"","_EventShowMap":false,"_EventShowMapLink":false,"_EventURL":"","_EventCost":"","_EventCostDescription":"","_EventCurrencySymbol":"","_EventCurrencyCode":"","_EventCurrencyPosition":"","_EventDateTimeSeparator":"","_EventTimeRangeSeparator":"","_EventOrganizerID":[],"_EventVenueID":[],"_OrganizerEmail":"","_OrganizerPhone":"","_OrganizerWebsite":"","_VenueAddress":"","_VenueCity":"","_VenueCountry":"","_VenueProvince":"","_VenueState":"","_VenueZip":"","_VenuePhone":"","_VenueURL":"","_VenueStateProvince":"","_VenueLat":"","_VenueLng":"","_VenueShowMap":false,"_VenueShowMapLink":false,"ocean_post_layout":"","ocean_both_sidebars_style":"","ocean_both_sidebars_content_width":0,"ocean_both_sidebars_sidebars_width":0,"ocean_sidebar":"0","ocean_second_sidebar":"0","ocean_disable_margins":"enable","ocean_add_body_class":"","ocean_shortcode_before_top_bar":"","ocean_shortcode_after_top_bar":"","ocean_shortcode_before_header":"","ocean_shortcode_after_header":"","ocean_has_shortcode":"","ocean_shortcode_after_title":"","ocean_shortcode_before_footer_widgets":"","ocean_shortcode_after_footer_widgets":"","ocean_shortcode_before_footer_bottom":"","ocean_shortcode_after_footer_bottom":"","ocean_display_top_bar":"default","ocean_display_header":"default","ocean_header_style":"","ocean_center_header_left_menu":"0","ocean_custom_header_template":"0","ocean_custom_logo":0,"ocean_custom_retina_logo":0,"ocean_custom_logo_max_width":0,"ocean_custom_logo_tablet_max_width":0,"ocean_custom_logo_mobile_max_width":0,"ocean_custom_logo_max_height":0,"ocean_custom_logo_tablet_max_height":0,"ocean_custom_logo_mobile_max_height":0,"ocean_header_custom_menu":"0","ocean_menu_typo_font_family":"0","ocean_menu_typo_font_subset":"","ocean_menu_typo_font_size":0,"ocean_menu_typo_font_size_tablet":0,"ocean_menu_typo_font_size_mobile":0,"ocean_menu_typo_font_size_unit":"px","ocean_menu_typo_font_weight":"","ocean_menu_typo_font_weight_tablet":"","ocean_menu_typo_font_weight_mobile":"","ocean_menu_typo_transform":"","ocean_menu_typo_transform_tablet":"","ocean_menu_typo_transform_mobile":"","ocean_menu_typo_line_height":0,"ocean_menu_typo_line_height_tablet":0,"ocean_menu_typo_line_height_mobile":0,"ocean_menu_typo_line_height_unit":"","ocean_menu_typo_spacing":0,"ocean_menu_typo_spacing_tablet":0,"ocean_menu_typo_spacing_mobile":0,"ocean_menu_typo_spacing_unit":"","ocean_menu_link_color":"","ocean_menu_link_color_hover":"","ocean_menu_link_color_active":"","ocean_menu_link_background":"","ocean_menu_link_hover_background":"","ocean_menu_link_active_background":"","ocean_menu_social_links_bg":"","ocean_menu_social_hover_links_bg":"","ocean_menu_social_links_color":"","ocean_menu_social_hover_links_color":"","ocean_disable_title":"default","ocean_disable_heading":"default","ocean_post_title":"","ocean_post_subheading":"","ocean_post_title_style":"","ocean_post_title_background_color":"","ocean_post_title_background":0,"ocean_post_title_bg_image_position":"","ocean_post_title_bg_image_attachment":"","ocean_post_title_bg_image_repeat":"","ocean_post_title_bg_image_size":"","ocean_post_title_height":0,"ocean_post_title_bg_overlay":0.5,"ocean_post_title_bg_overlay_color":"","ocean_disable_breadcrumbs":"default","ocean_breadcrumbs_color":"","ocean_breadcrumbs_separator_color":"","ocean_breadcrumbs_links_color":"","ocean_breadcrumbs_links_hover_color":"","ocean_display_footer_widgets":"default","ocean_display_footer_bottom":"default","ocean_custom_footer_template":"0","ocean_post_oembed":"","ocean_post_self_hosted_media":"","ocean_post_video_embed":"","ocean_link_format":"","ocean_link_format_target":"self","ocean_quote_format":"","ocean_quote_format_link":"post","ocean_gallery_link_images":"off","ocean_gallery_id":[],"footnotes":""},"categories":[2],"tags":[],"class_list":["post-3096","post","type-post","status-publish","format-standard","has-post-thumbnail","hentry","category-noticias","entry","has-media"],"aioseo_notices":[],"jetpack_featured_media_url":"https:\/\/circonavegador.com.br\/wp-content\/uploads\/2023\/06\/2023-06-27-sarau.jpg","_links":{"self":[{"href":"https:\/\/circonavegador.com.br\/index.php?rest_route=\/wp\/v2\/posts\/3096","targetHints":{"allow":["GET"]}}],"collection":[{"href":"https:\/\/circonavegador.com.br\/index.php?rest_route=\/wp\/v2\/posts"}],"about":[{"href":"https:\/\/circonavegador.com.br\/index.php?rest_route=\/wp\/v2\/types\/post"}],"author":[{"embeddable":true,"href":"https:\/\/circonavegador.com.br\/index.php?rest_route=\/wp\/v2\/users\/1"}],"replies":[{"embeddable":true,"href":"https:\/\/circonavegador.com.br\/index.php?rest_route=%2Fwp%2Fv2%2Fcomments&post=3096"}],"version-history":[{"count":0,"href":"https:\/\/circonavegador.com.br\/index.php?rest_route=\/wp\/v2\/posts\/3096\/revisions"}],"wp:featuredmedia":[{"embeddable":true,"href":"https:\/\/circonavegador.com.br\/index.php?rest_route=\/wp\/v2\/media\/3097"}],"wp:attachment":[{"href":"https:\/\/circonavegador.com.br\/index.php?rest_route=%2Fwp%2Fv2%2Fmedia&parent=3096"}],"wp:term":[{"taxonomy":"category","embeddable":true,"href":"https:\/\/circonavegador.com.br\/index.php?rest_route=%2Fwp%2Fv2%2Fcategories&post=3096"},{"taxonomy":"post_tag","embeddable":true,"href":"https:\/\/circonavegador.com.br\/index.php?rest_route=%2Fwp%2Fv2%2Ftags&post=3096"}],"curies":[{"name":"wp","href":"https:\/\/api.w.org\/{rel}","templated":true}]}}