{"id":2873,"date":"2023-05-25T11:04:50","date_gmt":"2023-05-25T14:04:50","guid":{"rendered":"https:\/\/circonavegador.com.br\/?p=2873"},"modified":"2023-05-25T11:09:47","modified_gmt":"2023-05-25T14:09:47","slug":"oficinas-em-guaratingueta","status":"publish","type":"post","link":"https:\/\/circonavegador.com.br\/?p=2873","title":{"rendered":"Oficinas em Guaratinguet\u00e1"},"content":{"rendered":"\n<p>Saiu mais uma leva de alunos que ir\u00e3o participar das oficinas gratuitas em Guaratinguet\u00e1:<\/p>\n\n\n\n<p>Oficina de M\u00edmica, Ilumina\u00e7\u00e3o e Trilha Sonora<\/p>\n\n\n\n<p>&#8230;<\/p>\n\n\n\n<p>As oficinas ir\u00e3o acontecer no Audit\u00f3rio Frei Galv\u00e3o Pra\u00e7a Conselheiro Rodrigues Alves, 48. Centro \u2013 Guaratinguet\u00e1-SP<\/p>\n\n\n\n<p>A produ\u00e7\u00e3o ir\u00e1 entrar em contato com os selecionades e orientar\u00e1 sobre o processo das oficinas. Qualquer d\u00favida, n\u00e3o hesitem em procurar a produ\u00e7\u00e3o enviando e-mail para projeto@circonavegador.com.br ou entrando no perfil da @agniprojetos.<\/p>\n\n\n\n<p>Agradecemos o contato de cada inscrito e at\u00e9 breve!<\/p>\n\n\n\n<p>&#8230;<\/p>\n\n\n\n<p><strong>OFICINA DE M\u00cdMICA &#8211; 26\/05 das 9h \u00e0s 12h e das 14h \u00e0s 17h<\/strong><\/p>\n\n\n\n<p>Ananda Antunes dos Santos&nbsp;<\/p>\n\n\n\n<p>Antonio Jorge Abdalla<\/p>\n\n\n\n<p>Denise Aparecida de Souza&nbsp;<\/p>\n\n\n\n<p>Jeane Silva Concei\u00e7\u00e3o&nbsp;<\/p>\n\n\n\n<p>Jos\u00e9 Eduardo de Ara\u00fajo Pereira<\/p>\n\n\n\n<p>Lucilena de Oliveira Amann<\/p>\n\n\n\n<p>Lu\u00eds Francisco Melo dos Santos&nbsp;<\/p>\n\n\n\n<p>Maria Laura Diniz dos Santos Reis<\/p>\n\n\n\n<p>&#8230;<\/p>\n\n\n\n<p><strong>OFICINA DE ILUMINA\u00c7\u00c3O &#8211; 27\/05 das 9h \u00e0s 12h e das 14h \u00e0s 17h<\/strong><\/p>\n\n\n\n<p>Ana Julia Aparecida Flor\u00eancio da Silva Oliveira<\/p>\n\n\n\n<p>Ana Paula Vieira Gomes&nbsp;<\/p>\n\n\n\n<p>Ananda Antunes dos Santos&nbsp;<\/p>\n\n\n\n<p>Antonio Jorge Abdalla<\/p>\n\n\n\n<p>Barbara Andrade Moraes<\/p>\n\n\n\n<p>Beatriz Estevam de Oliveira<\/p>\n\n\n\n<p>Daniel Silvestre da Silva&nbsp;<\/p>\n\n\n\n<p>Daniela Sousa dos Santos&nbsp;<\/p>\n\n\n\n<p>Denise Dias Marques de Andrade<\/p>\n\n\n\n<p>Elda Varanda Dunley&nbsp;<\/p>\n\n\n\n<p>Francieli Stefania Pereira de Carvalho&nbsp;<\/p>\n\n\n\n<p>Guilherme Henrique Noda Ferreira<\/p>\n\n\n\n<p>Jos\u00e9 Carlos Rodrigues Reis<\/p>\n\n\n\n<p>Luan de Sousa Moraes Silva&nbsp;<\/p>\n\n\n\n<p>Luan de Sousa Moraes Silva&nbsp;<\/p>\n\n\n\n<p>Lucilena de Oliveira Amann<\/p>\n\n\n\n<p>Marcos Vin\u00edcius Dobies N\u00e1via<\/p>\n\n\n\n<p>Marisa Sasso Papa<\/p>\n\n\n\n<p>Natan Cotura Moraes&nbsp;<\/p>\n\n\n\n<p>Nayuri Aparecida Rodrigues da Silva&nbsp;<\/p>\n\n\n\n<p>Priscilla Cabett Santos<\/p>\n\n\n\n<p>Rosangela de Oliveira Santos Canuto Teixeira&nbsp;<\/p>\n\n\n\n<p>Tatiana Fortes Gon\u00e7alves&nbsp;<\/p>\n\n\n\n<p>Thais Costa Frois<\/p>\n\n\n\n<p>&#8230;<\/p>\n\n\n\n<p><strong>OFICINA DE TRILHA SONORA &#8211; 28\/05 das 9h \u00e0s 12h e das 14h \u00e0s 17h<\/strong><\/p>\n\n\n\n<p>Ananda Antunes dos Santos&nbsp;<\/p>\n\n\n\n<p>Antonio Jorge Abdalla<\/p>\n\n\n\n<p>Barbara Andrade Moraes<\/p>\n\n\n\n<p>Daniela Sousa dos Santos&nbsp;<\/p>\n\n\n\n<p>Douglas Messias Uba<\/p>\n\n\n\n<p>Elda Varanda Dunley<\/p>\n\n\n\n<p>Guilherme Henrique Noda Ferreira&nbsp;<\/p>\n\n\n\n<p>Jos\u00e9 Carlos Rodrigues Reis&nbsp;<\/p>\n\n\n\n<p>Jos\u00e9 Carlos Rodrigues Reis&nbsp;<\/p>\n\n\n\n<p>Lucilena de Oliveira Amann<\/p>\n\n\n\n<p>Marcos Vin\u00edcius Dobies N\u00e1via<\/p>\n\n\n\n<p>Maria Clara Da Silva Jer\u00f4nimo&nbsp;<\/p>\n\n\n\n<p>Natan Cotura Moraes&nbsp;<\/p>\n\n\n\n<p>Nayuri Aparecida Rodrigues da Silva&nbsp;<\/p>\n\n\n\n<p>Ronald Esteferson dos Santos Silva<\/p>\n\n\n\n<p>Rosangela de Oliveira Santos Canuto Teixeira&nbsp;<\/p>\n\n\n\n<p>Terezinha Barbosa&nbsp;<\/p>\n\n\n\n<p>Thais Costa Frois<\/p>\n","protected":false},"excerpt":{"rendered":"<p>Saiu mais uma leva de alunos que ir\u00e3o participar das oficinas gratuitas em Guaratinguet\u00e1: Oficina de M\u00edmica, Ilumina\u00e7\u00e3o e Trilha Sonora &#8230; As oficinas ir\u00e3o acontecer no Audit\u00f3rio Frei Galv\u00e3o Pra\u00e7a Conselheiro Rodrigues Alves, 48. Centro \u2013 Guaratinguet\u00e1-SP A produ\u00e7\u00e3o ir\u00e1 entrar em contato com os selecionades e orientar\u00e1 sobre o processo das oficinas. Qualquer d\u00favida, n\u00e3o hesitem em procurar a produ\u00e7\u00e3o enviando e-mail para projeto@circonavegador.com.br ou entrando no perfil da @agniprojetos. Agradecemos o contato de cada inscrito e at\u00e9 breve! &#8230; OFICINA DE M\u00cdMICA &#8211; 26\/05 das 9h \u00e0s 12h e das 14h \u00e0s 17h Ananda Antunes dos Santos&nbsp; Antonio Jorge Abdalla Denise Aparecida de Souza&nbsp; Jeane Silva Concei\u00e7\u00e3o&nbsp; Jos\u00e9 Eduardo de Ara\u00fajo Pereira Lucilena de Oliveira Amann Lu\u00eds Francisco Melo dos Santos&nbsp; Maria Laura Diniz dos Santos Reis &#8230; OFICINA DE ILUMINA\u00c7\u00c3O &#8211; 27\/05 das 9h \u00e0s 12h e das 14h \u00e0s 17h Ana Julia Aparecida Flor\u00eancio da Silva Oliveira Ana Paula Vieira Gomes&nbsp; Ananda Antunes dos Santos&nbsp; Antonio Jorge Abdalla Barbara Andrade Moraes Beatriz Estevam de Oliveira Daniel Silvestre da Silva&nbsp; Daniela Sousa dos Santos&nbsp; Denise Dias Marques de Andrade Elda Varanda Dunley&nbsp; Francieli Stefania Pereira de Carvalho&nbsp; Guilherme Henrique Noda Ferreira Jos\u00e9 Carlos Rodrigues Reis Luan de Sousa Moraes Silva&nbsp; Luan de Sousa Moraes Silva&nbsp; Lucilena de Oliveira Amann Marcos Vin\u00edcius Dobies N\u00e1via Marisa Sasso Papa Natan Cotura Moraes&nbsp; Nayuri Aparecida Rodrigues da Silva&nbsp; Priscilla Cabett Santos Rosangela de Oliveira Santos Canuto Teixeira&nbsp; Tatiana Fortes Gon\u00e7alves&nbsp; Thais Costa Frois &#8230; OFICINA DE TRILHA SONORA &#8211; 28\/05 das 9h \u00e0s 12h e das 14h \u00e0s 17h Ananda Antunes dos Santos&nbsp; Antonio Jorge Abdalla Barbara Andrade Moraes Daniela Sousa dos Santos&nbsp; Douglas Messias Uba Elda Varanda Dunley Guilherme Henrique Noda Ferreira&nbsp; Jos\u00e9 Carlos Rodrigues Reis&nbsp; Jos\u00e9 Carlos Rodrigues Reis&nbsp; Lucilena de Oliveira Amann Marcos Vin\u00edcius Dobies N\u00e1via Maria Clara Da Silva Jer\u00f4nimo&nbsp; Natan Cotura Moraes&nbsp; Nayuri Aparecida Rodrigues da Silva&nbsp; Ronald Esteferson dos Santos Silva Rosangela de Oliveira Santos Canuto Teixeira&nbsp; Terezinha Barbosa&nbsp; Thais Costa Frois<\/p>\n","protected":false},"author":1,"featured_media":2884,"comment_status":"open","ping_status":"open","sticky":false,"template":"","format":"standard","meta":{"_eb_attr":"","_EventAllDay":false,"_EventTimezone":"","_EventStartDate":"","_EventEndDate":"","_EventStartDateUTC":"","_EventEndDateUTC":"","_EventShowMap":false,"_EventShowMapLink":false,"_EventURL":"","_EventCost":"","_EventCostDescription":"","_EventCurrencySymbol":"","_EventCurrencyCode":"","_EventCurrencyPosition":"","_EventDateTimeSeparator":"","_EventTimeRangeSeparator":"","_EventOrganizerID":[],"_EventVenueID":[],"_OrganizerEmail":"","_OrganizerPhone":"","_OrganizerWebsite":"","_VenueAddress":"","_VenueCity":"","_VenueCountry":"","_VenueProvince":"","_VenueState":"","_VenueZip":"","_VenuePhone":"","_VenueURL":"","_VenueStateProvince":"","_VenueLat":"","_VenueLng":"","_VenueShowMap":false,"_VenueShowMapLink":false,"ocean_post_layout":"","ocean_both_sidebars_style":"","ocean_both_sidebars_content_width":0,"ocean_both_sidebars_sidebars_width":0,"ocean_sidebar":"","ocean_second_sidebar":"","ocean_disable_margins":"enable","ocean_add_body_class":"","ocean_shortcode_before_top_bar":"","ocean_shortcode_after_top_bar":"","ocean_shortcode_before_header":"","ocean_shortcode_after_header":"","ocean_has_shortcode":"","ocean_shortcode_after_title":"","ocean_shortcode_before_footer_widgets":"","ocean_shortcode_after_footer_widgets":"","ocean_shortcode_before_footer_bottom":"","ocean_shortcode_after_footer_bottom":"","ocean_display_top_bar":"default","ocean_display_header":"default","ocean_header_style":"","ocean_center_header_left_menu":"","ocean_custom_header_template":"","ocean_custom_logo":0,"ocean_custom_retina_logo":0,"ocean_custom_logo_max_width":0,"ocean_custom_logo_tablet_max_width":0,"ocean_custom_logo_mobile_max_width":0,"ocean_custom_logo_max_height":0,"ocean_custom_logo_tablet_max_height":0,"ocean_custom_logo_mobile_max_height":0,"ocean_header_custom_menu":"","ocean_menu_typo_font_family":"","ocean_menu_typo_font_subset":"","ocean_menu_typo_font_size":0,"ocean_menu_typo_font_size_tablet":0,"ocean_menu_typo_font_size_mobile":0,"ocean_menu_typo_font_size_unit":"px","ocean_menu_typo_font_weight":"","ocean_menu_typo_font_weight_tablet":"","ocean_menu_typo_font_weight_mobile":"","ocean_menu_typo_transform":"","ocean_menu_typo_transform_tablet":"","ocean_menu_typo_transform_mobile":"","ocean_menu_typo_line_height":0,"ocean_menu_typo_line_height_tablet":0,"ocean_menu_typo_line_height_mobile":0,"ocean_menu_typo_line_height_unit":"","ocean_menu_typo_spacing":0,"ocean_menu_typo_spacing_tablet":0,"ocean_menu_typo_spacing_mobile":0,"ocean_menu_typo_spacing_unit":"","ocean_menu_link_color":"","ocean_menu_link_color_hover":"","ocean_menu_link_color_active":"","ocean_menu_link_background":"","ocean_menu_link_hover_background":"","ocean_menu_link_active_background":"","ocean_menu_social_links_bg":"","ocean_menu_social_hover_links_bg":"","ocean_menu_social_links_color":"","ocean_menu_social_hover_links_color":"","ocean_disable_title":"default","ocean_disable_heading":"default","ocean_post_title":"","ocean_post_subheading":"","ocean_post_title_style":"","ocean_post_title_background_color":"","ocean_post_title_background":0,"ocean_post_title_bg_image_position":"","ocean_post_title_bg_image_attachment":"","ocean_post_title_bg_image_repeat":"","ocean_post_title_bg_image_size":"","ocean_post_title_height":0,"ocean_post_title_bg_overlay":0.5,"ocean_post_title_bg_overlay_color":"","ocean_disable_breadcrumbs":"default","ocean_breadcrumbs_color":"","ocean_breadcrumbs_separator_color":"","ocean_breadcrumbs_links_color":"","ocean_breadcrumbs_links_hover_color":"","ocean_display_footer_widgets":"default","ocean_display_footer_bottom":"default","ocean_custom_footer_template":"","ocean_post_oembed":"","ocean_post_self_hosted_media":"","ocean_post_video_embed":"","ocean_link_format":"","ocean_link_format_target":"self","ocean_quote_format":"","ocean_quote_format_link":"post","ocean_gallery_link_images":"on","ocean_gallery_id":[],"footnotes":""},"categories":[2],"tags":[],"class_list":["post-2873","post","type-post","status-publish","format-standard","has-post-thumbnail","hentry","category-noticias","entry","has-media"],"aioseo_notices":[],"jetpack_featured_media_url":"https:\/\/circonavegador.com.br\/wp-content\/uploads\/2023\/05\/capa_site2.jpg","_links":{"self":[{"href":"https:\/\/circonavegador.com.br\/index.php?rest_route=\/wp\/v2\/posts\/2873","targetHints":{"allow":["GET"]}}],"collection":[{"href":"https:\/\/circonavegador.com.br\/index.php?rest_route=\/wp\/v2\/posts"}],"about":[{"href":"https:\/\/circonavegador.com.br\/index.php?rest_route=\/wp\/v2\/types\/post"}],"author":[{"embeddable":true,"href":"https:\/\/circonavegador.com.br\/index.php?rest_route=\/wp\/v2\/users\/1"}],"replies":[{"embeddable":true,"href":"https:\/\/circonavegador.com.br\/index.php?rest_route=%2Fwp%2Fv2%2Fcomments&post=2873"}],"version-history":[{"count":0,"href":"https:\/\/circonavegador.com.br\/index.php?rest_route=\/wp\/v2\/posts\/2873\/revisions"}],"wp:featuredmedia":[{"embeddable":true,"href":"https:\/\/circonavegador.com.br\/index.php?rest_route=\/wp\/v2\/media\/2884"}],"wp:attachment":[{"href":"https:\/\/circonavegador.com.br\/index.php?rest_route=%2Fwp%2Fv2%2Fmedia&parent=2873"}],"wp:term":[{"taxonomy":"category","embeddable":true,"href":"https:\/\/circonavegador.com.br\/index.php?rest_route=%2Fwp%2Fv2%2Fcategories&post=2873"},{"taxonomy":"post_tag","embeddable":true,"href":"https:\/\/circonavegador.com.br\/index.php?rest_route=%2Fwp%2Fv2%2Ftags&post=2873"}],"curies":[{"name":"wp","href":"https:\/\/api.w.org\/{rel}","templated":true}]}}