{"id":2848,"date":"2023-05-20T02:09:29","date_gmt":"2023-05-20T05:09:29","guid":{"rendered":"https:\/\/circonavegador.com.br\/?p=2848"},"modified":"2023-05-20T02:50:36","modified_gmt":"2023-05-20T05:50:36","slug":"programacao-de-junho-do-circo-navegador","status":"publish","type":"post","link":"https:\/\/circonavegador.com.br\/?p=2848","title":{"rendered":"Programa\u00e7\u00e3o de junho do Circo Navegador"},"content":{"rendered":"\n<p>Programa\u00e7\u00e3o <strong>conta com show de soundsystem, tributo ao Mestre Lumumba cinema e espet\u00e1culo do repert\u00f3rio<\/strong><\/p>\n\n\n\n<p><\/p>\n\n\n\n<p><em>O m\u00eas come\u00e7a com apresenta\u00e7\u00e3o do grupo Caixa Allta, com os artistas Wesley Weehs, TGO, Dj Kost e Mi Preta, e participa\u00e7\u00e3o de MCs da regi\u00e3o<\/em><\/p>\n\n\n\n<p>O Circo Navegador, grupo que comemora 25 anos de hist\u00f3ria em 2023 e mant\u00e9m um Espa\u00e7o Cultural em S\u00e3o Sebasti\u00e3o (SP), anuncia a sua programa\u00e7\u00e3o de junho, que conta com show de soundsystem, cinema, Tributo ao Mestre Lumumba e apresenta\u00e7\u00e3o do espet\u00e1culo <em>Om Co T\u00f4? Quem Co S\u00f4? Prom Co V\u00f4?.&nbsp;<\/em><\/p>\n\n\n\n<figure class=\"wp-block-image size-large is-resized\"><img decoding=\"async\" data-src=\"https:\/\/circonavegador.com.br\/wp-content\/uploads\/2023\/05\/2023-06-02-cxallta-1024x1024.jpg\" alt=\"\" class=\"wp-image-2836 lazyload\" width=\"180\" height=\"180\" data-srcset=\"https:\/\/circonavegador.com.br\/wp-content\/uploads\/2023\/05\/2023-06-02-cxallta-1024x1024.jpg 1024w, https:\/\/circonavegador.com.br\/wp-content\/uploads\/2023\/05\/2023-06-02-cxallta-300x300.jpg 300w, https:\/\/circonavegador.com.br\/wp-content\/uploads\/2023\/05\/2023-06-02-cxallta-150x150.jpg 150w, https:\/\/circonavegador.com.br\/wp-content\/uploads\/2023\/05\/2023-06-02-cxallta-768x768.jpg 768w, https:\/\/circonavegador.com.br\/wp-content\/uploads\/2023\/05\/2023-06-02-cxallta.jpg 1080w\" data-sizes=\"(max-width: 180px) 100vw, 180px\" src=\"data:image\/svg+xml;base64,PHN2ZyB3aWR0aD0iMSIgaGVpZ2h0PSIxIiB4bWxucz0iaHR0cDovL3d3dy53My5vcmcvMjAwMC9zdmciPjwvc3ZnPg==\" style=\"--smush-placeholder-width: 180px; --smush-placeholder-aspect-ratio: 180\/180;\" \/><\/figure>\n\n\n\n<p>No dia 02\/06, sexta-feira, a partir das 19h, a m\u00fasica urbana tomar\u00e1 conta da Pra\u00e7a dos Afetos, em frente ao Espa\u00e7o Cultural Circo Navegador, com o show do grupo Caixa Allta e seus convidados. Diretamente de Ilhabela, o grupo pretende difundir ritmos jamaicanos com a divulga\u00e7\u00e3o de artistas locais, nacionais e internacionais com pouca visibilidade, por meio de show e discotecagem recheada de performance e t\u00e9cnicas com variados ritmos musicais.<\/p>\n\n\n\n<p>Fazem parte do grupo Weehs, que \u00e9 natural de Ilhabela, compositor\/int\u00e9rprete e um dos fundadores e l\u00edder do grupo\/banda. Tamb\u00e9m ter\u00e1 a presen\u00e7a do integrante do grupo como int\u00e9rprete\/compositor, o multiartista TGO. A discotecagem ficar\u00e1 por conta do DJ Kost, um dos fundadores do grupo. O show conta com a integrante do grupo&nbsp; Mi Preta, int\u00e9rprete\/compositora. O evento gratuito vai al\u00e9m da Soundsystem e conta com participa\u00e7\u00f5es da trap music do litoral com Selective, formado pelos artistas Dj Pipoo (bases, samplers e scratchs), Renat\u00eara e Lazzaro (vozes), com um rap underground; Trapcall, trazendo o trap cai\u00e7ara e do litoral de SP com as variedades de flow; e Mur\u00e3o, rapper e produtor natural de Santos e que hoje vive em Ilhabela.<\/p>\n\n\n\n<p><strong>Tributo a Mestre Lumumba<\/strong><\/p>\n\n\n\n<figure class=\"wp-block-image size-large is-resized\"><img decoding=\"async\" data-src=\"https:\/\/circonavegador.com.br\/wp-content\/uploads\/2023\/05\/2023-06-03-tributomestre-1024x1024.jpg\" alt=\"\" class=\"wp-image-2837 lazyload\" width=\"176\" height=\"176\" data-srcset=\"https:\/\/circonavegador.com.br\/wp-content\/uploads\/2023\/05\/2023-06-03-tributomestre-1024x1024.jpg 1024w, https:\/\/circonavegador.com.br\/wp-content\/uploads\/2023\/05\/2023-06-03-tributomestre-300x300.jpg 300w, https:\/\/circonavegador.com.br\/wp-content\/uploads\/2023\/05\/2023-06-03-tributomestre-150x150.jpg 150w, https:\/\/circonavegador.com.br\/wp-content\/uploads\/2023\/05\/2023-06-03-tributomestre-768x768.jpg 768w, https:\/\/circonavegador.com.br\/wp-content\/uploads\/2023\/05\/2023-06-03-tributomestre.jpg 1080w\" data-sizes=\"(max-width: 176px) 100vw, 176px\" src=\"data:image\/svg+xml;base64,PHN2ZyB3aWR0aD0iMSIgaGVpZ2h0PSIxIiB4bWxucz0iaHR0cDovL3d3dy53My5vcmcvMjAwMC9zdmciPjwvc3ZnPg==\" style=\"--smush-placeholder-width: 176px; --smush-placeholder-aspect-ratio: 176\/176;\" \/><\/figure>\n\n\n\n<p>O Mestre Lumumba, refer\u00eancia de muita import\u00e2ncia na difus\u00e3o da cultura afro-brasileira e um dos maiores artistas brasileiros, ganhar\u00e1 uma homenagem no dia 03\/06 (s\u00e1bado), a partir das 16h, no Espa\u00e7o Cultural Circo Navegador.&nbsp;<\/p>\n\n\n\n<p>A Irmandade Congo de Ouro e a Primeira Escola de Congo S\u00e3o Benedito do Er\u00ea ir\u00e3o juntar seus tambores para essa importante a\u00e7\u00e3o em mem\u00f3ria do Mestre, que faleceu aos 77 anos em abril deste ano em Taubat\u00e9 (SP), no Vale do Para\u00edba, onde dedicou anos de pesquisas sobre os ritmos e cantorias da regi\u00e3o. Lumumba, junto com Iy\u00e1 Nadya, participaram da funda\u00e7\u00e3o dos dois congos de S\u00e3o Luiz do Paraitinga e Trememb\u00e9. E agora, neste Tributo, as duas congadas fazem uma festa cheia de m\u00fasica e dan\u00e7a.<\/p>\n\n\n\n<p><\/p>\n\n\n\n<p><strong><em>Om Co T\u00f4?Quem Co S\u00f4? Prom Co V\u00f4?<\/em><\/strong><\/p>\n\n\n\n<figure class=\"wp-block-image size-large is-resized\"><img decoding=\"async\" data-src=\"https:\/\/circonavegador.com.br\/wp-content\/uploads\/2023\/05\/2023-06-06-omcoto-1024x1024.jpg\" alt=\"\" class=\"wp-image-2838 lazyload\" width=\"180\" height=\"180\" src=\"data:image\/svg+xml;base64,PHN2ZyB3aWR0aD0iMSIgaGVpZ2h0PSIxIiB4bWxucz0iaHR0cDovL3d3dy53My5vcmcvMjAwMC9zdmciPjwvc3ZnPg==\" style=\"--smush-placeholder-width: 180px; --smush-placeholder-aspect-ratio: 180\/180;\" \/><\/figure>\n\n\n\n<p>A pe\u00e7a <em>Om Co T\u00f4? Quem Co S\u00f4? Prom Co V\u00f4? <\/em>ter\u00e1 apresenta\u00e7\u00e3o no dia 06\/06 (ter\u00e7a-feira), \u00e0s 15h, em uma sess\u00e3o exclusiva para estudantes da rede municipal de ensino de S\u00e3o Sebasti\u00e3o.&nbsp;<\/p>\n\n\n\n<p>Na pe\u00e7a, o palha\u00e7o Surubim encanta a plateia com sua ingenuidade em situa\u00e7\u00f5es de tens\u00e3o, emo\u00e7\u00e3o, t\u00e9cnica e muita gra\u00e7a. De maneira bastante irreverente, provoca o p\u00fablico para uma viv\u00eancia por meio das rotinas de um espet\u00e1culo circense, misturando o cl\u00e1ssico e o contempor\u00e2neo, em cria\u00e7\u00f5es pr\u00f3prias, que se equilibram entre o deboche e a eleg\u00e2ncia.<\/p>\n\n\n\n<p><\/p>\n\n\n\n<p><strong>Cinema<\/strong><\/p>\n\n\n\n<figure class=\"wp-block-image size-large is-resized\"><img decoding=\"async\" data-src=\"https:\/\/circonavegador.com.br\/wp-content\/uploads\/2023\/05\/2023-06-07_proibido_nascer-1024x1024.jpg\" alt=\"\" class=\"wp-image-2839 lazyload\" width=\"180\" height=\"180\" data-srcset=\"https:\/\/circonavegador.com.br\/wp-content\/uploads\/2023\/05\/2023-06-07_proibido_nascer-1024x1024.jpg 1024w, https:\/\/circonavegador.com.br\/wp-content\/uploads\/2023\/05\/2023-06-07_proibido_nascer-300x300.jpg 300w, https:\/\/circonavegador.com.br\/wp-content\/uploads\/2023\/05\/2023-06-07_proibido_nascer-150x150.jpg 150w, https:\/\/circonavegador.com.br\/wp-content\/uploads\/2023\/05\/2023-06-07_proibido_nascer-768x768.jpg 768w, https:\/\/circonavegador.com.br\/wp-content\/uploads\/2023\/05\/2023-06-07_proibido_nascer.jpg 1080w\" data-sizes=\"(max-width: 180px) 100vw, 180px\" src=\"data:image\/svg+xml;base64,PHN2ZyB3aWR0aD0iMSIgaGVpZ2h0PSIxIiB4bWxucz0iaHR0cDovL3d3dy53My5vcmcvMjAwMC9zdmciPjwvc3ZnPg==\" style=\"--smush-placeholder-width: 180px; --smush-placeholder-aspect-ratio: 180\/180;\" \/><\/figure>\n\n\n\n<p>A programa\u00e7\u00e3o de cinema de junho contar\u00e1 com uma sess\u00e3o exclusiva para estudantes da rede municipal de ensino de S\u00e3o Sebasti\u00e3o do filme <em>Proibido Nascer no Para\u00edso<\/em>, no dia 07\/06 (quarta-feira), \u00e0s 20h.&nbsp;<\/p>\n\n\n\n<p>O longa-metragem aborda uma situa\u00e7\u00e3o bastante recorrente entre as mulheres de todas as partes do Brasil, que s\u00e3o privadas de fazer as pr\u00f3prias escolhas durante a gravidez e o parto. Com isso, o filme mostra que em Fernando de Noronha (PE) essa situa\u00e7\u00e3o \u00e9 extrema. Mesmo nativas s\u00e3o for\u00e7adas a deixar suas casas por mais de tr\u00eas meses se quiserem ser m\u00e3es, pois o \u00fanico hospital local n\u00e3o faz mais partos desde 2004 e a ilha fica a mais de 1h de voo do continente. A suspens\u00e3o dos nascimentos coincide com a explos\u00e3o do turismo em um dos destinos mais cobi\u00e7ados do pa\u00eds. O filme acompanha a saga de tr\u00eas gestantes de fam\u00edlias tradicionais, Ione, Harlene e Babalu, na esperan\u00e7a de fazer valer seus desejos sobre seus pr\u00f3prios corpos.&nbsp;<\/p>\n\n\n\n<p><strong>Sobre o Circo Navegador<\/strong><\/p>\n\n\n\n<p>O Circo Navegador est\u00e1 comemorando 25 anos de hist\u00f3ria e se consolidou em S\u00e3o Sebasti\u00e3o e no Litoral Norte como<a href=\"http:\/\/culturaviva.gov.br\/\"> Ponto de Cultura<\/a> (reconhecido pela<a href=\"http:\/\/www.planalto.gov.br\/ccivil_03\/_ato2011-2014\/2014\/lei\/l13018.htm\"> Lei Cultura Viva<\/a>) e mant\u00e9m programa\u00e7\u00e3o cont\u00ednua. Pelo espa\u00e7o j\u00e1 passaram personalidades incr\u00edveis como Ju\u00e7ara Mar\u00e7al, Doralyce, Bia Ferreira, Luedji Luna, Lenna Bahule e Kiko Dinucci.<\/p>\n\n\n\n<p>&#8230;&#8230;..<\/p>\n\n\n\n<p><strong>SERVI\u00c7O<\/strong><\/p>\n\n\n\n<p><strong>Show de hip hop: <\/strong>Caixa Allta e convidados<\/p>\n\n\n\n<p><strong>Data: <\/strong>sexta-feira, 2 de junho<\/p>\n\n\n\n<p><strong>Hor\u00e1rio: <\/strong>19h<\/p>\n\n\n\n<p><strong>Valor: <\/strong>gratuito<\/p>\n\n\n\n<p><strong>Local:<\/strong> Espa\u00e7o Cultural Circo Navegador<strong>&nbsp;<\/strong><\/p>\n\n\n\n<p><strong>Endere\u00e7o: <\/strong>Rua Prefeito Mansueto Pierotti, 826 &#8211; S\u00e3o Sebasti\u00e3o &#8211; SP<\/p>\n\n\n\n<p>&#8230;&#8230;.<\/p>\n\n\n\n<p><strong>M\u00fasica: <\/strong>Tributo ao Mestre Lumumba com a Irmandade Congo de Ouro e Primeira Escola de Congo S\u00e3o Benedito do Er\u00ea<\/p>\n\n\n\n<p><strong>Data: <\/strong>s\u00e1bado, 3 de junho<\/p>\n\n\n\n<p><strong>Hor\u00e1rio: <\/strong>16h<\/p>\n\n\n\n<p><strong>Valor: <\/strong>gratuito<\/p>\n\n\n\n<p><strong>Local:<\/strong> Espa\u00e7o Cultural Circo Navegador<strong>&nbsp;<\/strong><\/p>\n\n\n\n<p><strong>Endere\u00e7o: <\/strong>Rua Prefeito Mansueto Pierotti, 826 &#8211; S\u00e3o Sebasti\u00e3o &#8211; SP<\/p>\n\n\n\n<p>&#8230;&#8230;<\/p>\n\n\n\n<p><strong>Espet\u00e1culo circense:<\/strong> Om Co T\u00f4? Quem Co S\u00f4? Prom Co V\u00f4?<\/p>\n\n\n\n<p><strong>Data: <\/strong>ter\u00e7a-feira, 6 de junho<\/p>\n\n\n\n<p><strong>Hor\u00e1rio:<\/strong> 15h<\/p>\n\n\n\n<p><strong>Valor: <\/strong>gratuito<\/p>\n\n\n\n<p><strong>Local:<\/strong> Espa\u00e7o Cultural Circo Navegador<strong>&nbsp;<\/strong><\/p>\n\n\n\n<p><strong>Endere\u00e7o: <\/strong>Rua Prefeito Mansueto Pierotti, 826 &#8211; S\u00e3o Sebasti\u00e3o &#8211; SP<\/p>\n\n\n\n<p><em>Sess\u00e3o exclusiva para estudante da rede municipal de ensino de S\u00e3o Sebasti\u00e3o<\/em><\/p>\n\n\n\n<p>&#8230;..<\/p>\n\n\n\n<p><strong>Cinema:<\/strong> Proibido Nascer no Para\u00edso<\/p>\n\n\n\n<p><strong>Data: <\/strong>quarta-feira, 7 de junho<\/p>\n\n\n\n<p><strong>Hor\u00e1rio:<\/strong> 20h<\/p>\n\n\n\n<p><strong>Valor: <\/strong>Gratuito<\/p>\n\n\n\n<p><strong>Local: <\/strong>Espa\u00e7o Cultural Circo Navegador<\/p>\n\n\n\n<p><strong>Endere\u00e7o: <\/strong>Rua Prefeito Mansueto Pierotti, 826 &#8211; S\u00e3o Sebasti\u00e3o &#8211; SP<\/p>\n\n\n\n<p><em>Sess\u00e3o exclusiva para estudante da rede municipal de ensino de S\u00e3o Sebasti\u00e3o<\/em><\/p>\n\n\n\n<p><\/p>\n\n\n\n<p><strong>#cultura #teatro #circo #litoralnorte #circonavegador #educacao #cinema #hiphop #Proac2022 #circonavegador25anos #espa\u00e7oculturalcirconavegador<\/strong><\/p>\n","protected":false},"excerpt":{"rendered":"<p>Programa\u00e7\u00e3o conta com show de soundsystem, tributo ao Mestre Lumumba cinema e espet\u00e1culo do repert\u00f3rio O m\u00eas come\u00e7a com apresenta\u00e7\u00e3o do grupo Caixa Allta, com os artistas Wesley Weehs, TGO, Dj Kost e Mi Preta, e participa\u00e7\u00e3o de MCs da regi\u00e3o O Circo Navegador, grupo que comemora 25 anos de hist\u00f3ria em 2023 e mant\u00e9m um Espa\u00e7o Cultural em S\u00e3o Sebasti\u00e3o (SP), anuncia a sua programa\u00e7\u00e3o de junho, que conta com show de soundsystem, cinema, Tributo ao Mestre Lumumba e apresenta\u00e7\u00e3o do espet\u00e1culo Om Co T\u00f4? Quem Co S\u00f4? Prom Co V\u00f4?.&nbsp; No dia 02\/06, sexta-feira, a partir das 19h, a m\u00fasica urbana tomar\u00e1 conta da Pra\u00e7a dos Afetos, em frente ao Espa\u00e7o Cultural Circo Navegador, com o show do grupo Caixa Allta e seus convidados. Diretamente de Ilhabela, o grupo pretende difundir ritmos jamaicanos com a divulga\u00e7\u00e3o de artistas locais, nacionais e internacionais com pouca visibilidade, por meio de show e discotecagem recheada de performance e t\u00e9cnicas com variados ritmos musicais. Fazem parte do grupo Weehs, que \u00e9 natural de Ilhabela, compositor\/int\u00e9rprete e um dos fundadores e l\u00edder do grupo\/banda. Tamb\u00e9m ter\u00e1 a presen\u00e7a do integrante do grupo como int\u00e9rprete\/compositor, o multiartista TGO. A discotecagem ficar\u00e1 por conta do DJ Kost, um dos fundadores do grupo. O show conta com a integrante do grupo&nbsp; Mi Preta, int\u00e9rprete\/compositora. O evento gratuito vai al\u00e9m da Soundsystem e conta com participa\u00e7\u00f5es da trap music do litoral com Selective, formado pelos artistas Dj Pipoo (bases, samplers e scratchs), Renat\u00eara e Lazzaro (vozes), com um rap underground; Trapcall, trazendo o trap cai\u00e7ara e do litoral de SP com as variedades de flow; e Mur\u00e3o, rapper e produtor natural de Santos e que hoje vive em Ilhabela. Tributo a Mestre Lumumba O Mestre Lumumba, refer\u00eancia de muita import\u00e2ncia na difus\u00e3o da cultura afro-brasileira e um dos maiores artistas brasileiros, ganhar\u00e1 uma homenagem no dia 03\/06 (s\u00e1bado), a partir das 16h, no Espa\u00e7o Cultural Circo Navegador.&nbsp; A Irmandade Congo de Ouro e a Primeira Escola de Congo S\u00e3o Benedito do Er\u00ea ir\u00e3o juntar seus tambores para essa importante a\u00e7\u00e3o em mem\u00f3ria do Mestre, que faleceu aos 77 anos em abril deste ano em Taubat\u00e9 (SP), no Vale do Para\u00edba, onde dedicou anos de pesquisas sobre os ritmos e cantorias da regi\u00e3o. Lumumba, junto com Iy\u00e1 Nadya, participaram da funda\u00e7\u00e3o dos dois congos de S\u00e3o Luiz do Paraitinga e Trememb\u00e9. E agora, neste Tributo, as duas congadas fazem uma festa cheia de m\u00fasica e dan\u00e7a. Om Co T\u00f4?Quem Co S\u00f4? Prom Co V\u00f4? A pe\u00e7a Om Co T\u00f4? Quem Co S\u00f4? Prom Co V\u00f4? ter\u00e1 apresenta\u00e7\u00e3o no dia 06\/06 (ter\u00e7a-feira), \u00e0s 15h, em uma sess\u00e3o exclusiva para estudantes da rede municipal de ensino de S\u00e3o Sebasti\u00e3o.&nbsp; Na pe\u00e7a, o palha\u00e7o Surubim encanta a plateia com sua ingenuidade em situa\u00e7\u00f5es de tens\u00e3o, emo\u00e7\u00e3o, t\u00e9cnica e muita gra\u00e7a. De maneira bastante irreverente, provoca o p\u00fablico para uma viv\u00eancia por meio das rotinas de um espet\u00e1culo circense, misturando o cl\u00e1ssico e o contempor\u00e2neo, em cria\u00e7\u00f5es pr\u00f3prias, que se equilibram entre o deboche e a eleg\u00e2ncia. Cinema A programa\u00e7\u00e3o de cinema de junho contar\u00e1 com uma sess\u00e3o exclusiva para estudantes da rede municipal de ensino de S\u00e3o Sebasti\u00e3o do filme Proibido Nascer no Para\u00edso, no dia 07\/06 (quarta-feira), \u00e0s 20h.&nbsp; O longa-metragem aborda uma situa\u00e7\u00e3o bastante recorrente entre as mulheres de todas as partes do Brasil, que s\u00e3o privadas de fazer as pr\u00f3prias escolhas durante a gravidez e o parto. Com isso, o filme mostra que em Fernando de Noronha (PE) essa situa\u00e7\u00e3o \u00e9 extrema. Mesmo nativas s\u00e3o for\u00e7adas a deixar suas casas por mais de tr\u00eas meses se quiserem ser m\u00e3es, pois o \u00fanico hospital local n\u00e3o faz mais partos desde 2004 e a ilha fica a mais de 1h de voo do continente. A suspens\u00e3o dos nascimentos coincide com a explos\u00e3o do turismo em um dos destinos mais cobi\u00e7ados do pa\u00eds. O filme acompanha a saga de tr\u00eas gestantes de fam\u00edlias tradicionais, Ione, Harlene e Babalu, na esperan\u00e7a de fazer valer seus desejos sobre seus pr\u00f3prios corpos.&nbsp; Sobre o Circo Navegador O Circo Navegador est\u00e1 comemorando 25 anos de hist\u00f3ria e se consolidou em S\u00e3o Sebasti\u00e3o e no Litoral Norte como Ponto de Cultura (reconhecido pela Lei Cultura Viva) e mant\u00e9m programa\u00e7\u00e3o cont\u00ednua. Pelo espa\u00e7o j\u00e1 passaram personalidades incr\u00edveis como Ju\u00e7ara Mar\u00e7al, Doralyce, Bia Ferreira, Luedji Luna, Lenna Bahule e Kiko Dinucci. &#8230;&#8230;.. SERVI\u00c7O Show de hip hop: Caixa Allta e convidados Data: sexta-feira, 2 de junho Hor\u00e1rio: 19h Valor: gratuito Local: Espa\u00e7o Cultural Circo Navegador&nbsp; Endere\u00e7o: Rua Prefeito Mansueto Pierotti, 826 &#8211; S\u00e3o Sebasti\u00e3o &#8211; SP &#8230;&#8230;. M\u00fasica: Tributo ao Mestre Lumumba com a Irmandade Congo de Ouro e Primeira Escola de Congo S\u00e3o Benedito do Er\u00ea Data: s\u00e1bado, 3 de junho Hor\u00e1rio: 16h Valor: gratuito Local: Espa\u00e7o Cultural Circo Navegador&nbsp; Endere\u00e7o: Rua Prefeito Mansueto Pierotti, 826 &#8211; S\u00e3o Sebasti\u00e3o &#8211; SP &#8230;&#8230; Espet\u00e1culo circense: Om Co T\u00f4? Quem Co S\u00f4? Prom Co V\u00f4? Data: ter\u00e7a-feira, 6 de junho Hor\u00e1rio: 15h Valor: gratuito Local: Espa\u00e7o Cultural Circo Navegador&nbsp; Endere\u00e7o: Rua Prefeito Mansueto Pierotti, 826 &#8211; S\u00e3o Sebasti\u00e3o &#8211; SP Sess\u00e3o exclusiva para estudante da rede municipal de ensino de S\u00e3o Sebasti\u00e3o &#8230;.. Cinema: Proibido Nascer no Para\u00edso Data: quarta-feira, 7 de junho Hor\u00e1rio: 20h Valor: Gratuito Local: Espa\u00e7o Cultural Circo Navegador Endere\u00e7o: Rua Prefeito Mansueto Pierotti, 826 &#8211; S\u00e3o Sebasti\u00e3o &#8211; SP Sess\u00e3o exclusiva para estudante da rede municipal de ensino de S\u00e3o Sebasti\u00e3o #cultura #teatro #circo #litoralnorte #circonavegador #educacao #cinema #hiphop #Proac2022 #circonavegador25anos #espa\u00e7oculturalcirconavegador<\/p>\n","protected":false},"author":1,"featured_media":2849,"comment_status":"open","ping_status":"open","sticky":false,"template":"","format":"standard","meta":{"_eb_attr":"","_EventAllDay":false,"_EventTimezone":"","_EventStartDate":"","_EventEndDate":"","_EventStartDateUTC":"","_EventEndDateUTC":"","_EventShowMap":false,"_EventShowMapLink":false,"_EventURL":"","_EventCost":"","_EventCostDescription":"","_EventCurrencySymbol":"","_EventCurrencyCode":"","_EventCurrencyPosition":"","_EventDateTimeSeparator":"","_EventTimeRangeSeparator":"","_EventOrganizerID":[],"_EventVenueID":[],"_OrganizerEmail":"","_OrganizerPhone":"","_OrganizerWebsite":"","_VenueAddress":"","_VenueCity":"","_VenueCountry":"","_VenueProvince":"","_VenueState":"","_VenueZip":"","_VenuePhone":"","_VenueURL":"","_VenueStateProvince":"","_VenueLat":"","_VenueLng":"","_VenueShowMap":false,"_VenueShowMapLink":false,"ocean_post_layout":"","ocean_both_sidebars_style":"","ocean_both_sidebars_content_width":0,"ocean_both_sidebars_sidebars_width":0,"ocean_sidebar":"0","ocean_second_sidebar":"0","ocean_disable_margins":"enable","ocean_add_body_class":"","ocean_shortcode_before_top_bar":"","ocean_shortcode_after_top_bar":"","ocean_shortcode_before_header":"","ocean_shortcode_after_header":"","ocean_has_shortcode":"","ocean_shortcode_after_title":"","ocean_shortcode_before_footer_widgets":"","ocean_shortcode_after_footer_widgets":"","ocean_shortcode_before_footer_bottom":"","ocean_shortcode_after_footer_bottom":"","ocean_display_top_bar":"default","ocean_display_header":"default","ocean_header_style":"","ocean_center_header_left_menu":"0","ocean_custom_header_template":"0","ocean_custom_logo":0,"ocean_custom_retina_logo":0,"ocean_custom_logo_max_width":0,"ocean_custom_logo_tablet_max_width":0,"ocean_custom_logo_mobile_max_width":0,"ocean_custom_logo_max_height":0,"ocean_custom_logo_tablet_max_height":0,"ocean_custom_logo_mobile_max_height":0,"ocean_header_custom_menu":"0","ocean_menu_typo_font_family":"0","ocean_menu_typo_font_subset":"","ocean_menu_typo_font_size":0,"ocean_menu_typo_font_size_tablet":0,"ocean_menu_typo_font_size_mobile":0,"ocean_menu_typo_font_size_unit":"px","ocean_menu_typo_font_weight":"","ocean_menu_typo_font_weight_tablet":"","ocean_menu_typo_font_weight_mobile":"","ocean_menu_typo_transform":"","ocean_menu_typo_transform_tablet":"","ocean_menu_typo_transform_mobile":"","ocean_menu_typo_line_height":0,"ocean_menu_typo_line_height_tablet":0,"ocean_menu_typo_line_height_mobile":0,"ocean_menu_typo_line_height_unit":"","ocean_menu_typo_spacing":0,"ocean_menu_typo_spacing_tablet":0,"ocean_menu_typo_spacing_mobile":0,"ocean_menu_typo_spacing_unit":"","ocean_menu_link_color":"","ocean_menu_link_color_hover":"","ocean_menu_link_color_active":"","ocean_menu_link_background":"","ocean_menu_link_hover_background":"","ocean_menu_link_active_background":"","ocean_menu_social_links_bg":"","ocean_menu_social_hover_links_bg":"","ocean_menu_social_links_color":"","ocean_menu_social_hover_links_color":"","ocean_disable_title":"default","ocean_disable_heading":"default","ocean_post_title":"","ocean_post_subheading":"","ocean_post_title_style":"","ocean_post_title_background_color":"","ocean_post_title_background":0,"ocean_post_title_bg_image_position":"","ocean_post_title_bg_image_attachment":"","ocean_post_title_bg_image_repeat":"","ocean_post_title_bg_image_size":"","ocean_post_title_height":0,"ocean_post_title_bg_overlay":0.5,"ocean_post_title_bg_overlay_color":"","ocean_disable_breadcrumbs":"default","ocean_breadcrumbs_color":"","ocean_breadcrumbs_separator_color":"","ocean_breadcrumbs_links_color":"","ocean_breadcrumbs_links_hover_color":"","ocean_display_footer_widgets":"default","ocean_display_footer_bottom":"default","ocean_custom_footer_template":"0","ocean_post_oembed":"","ocean_post_self_hosted_media":"","ocean_post_video_embed":"","ocean_link_format":"","ocean_link_format_target":"self","ocean_quote_format":"","ocean_quote_format_link":"post","ocean_gallery_link_images":"off","ocean_gallery_id":[],"footnotes":""},"categories":[2],"tags":[],"class_list":["post-2848","post","type-post","status-publish","format-standard","has-post-thumbnail","hentry","category-noticias","entry","has-media"],"aioseo_notices":[],"jetpack_featured_media_url":"https:\/\/circonavegador.com.br\/wp-content\/uploads\/2023\/05\/circo_navegador_om_co_to_quem_co_so_prom_co_vo_palhaco_surubim_foto_jefferson_palladino.jpg","_links":{"self":[{"href":"https:\/\/circonavegador.com.br\/index.php?rest_route=\/wp\/v2\/posts\/2848","targetHints":{"allow":["GET"]}}],"collection":[{"href":"https:\/\/circonavegador.com.br\/index.php?rest_route=\/wp\/v2\/posts"}],"about":[{"href":"https:\/\/circonavegador.com.br\/index.php?rest_route=\/wp\/v2\/types\/post"}],"author":[{"embeddable":true,"href":"https:\/\/circonavegador.com.br\/index.php?rest_route=\/wp\/v2\/users\/1"}],"replies":[{"embeddable":true,"href":"https:\/\/circonavegador.com.br\/index.php?rest_route=%2Fwp%2Fv2%2Fcomments&post=2848"}],"version-history":[{"count":0,"href":"https:\/\/circonavegador.com.br\/index.php?rest_route=\/wp\/v2\/posts\/2848\/revisions"}],"wp:featuredmedia":[{"embeddable":true,"href":"https:\/\/circonavegador.com.br\/index.php?rest_route=\/wp\/v2\/media\/2849"}],"wp:attachment":[{"href":"https:\/\/circonavegador.com.br\/index.php?rest_route=%2Fwp%2Fv2%2Fmedia&parent=2848"}],"wp:term":[{"taxonomy":"category","embeddable":true,"href":"https:\/\/circonavegador.com.br\/index.php?rest_route=%2Fwp%2Fv2%2Fcategories&post=2848"},{"taxonomy":"post_tag","embeddable":true,"href":"https:\/\/circonavegador.com.br\/index.php?rest_route=%2Fwp%2Fv2%2Ftags&post=2848"}],"curies":[{"name":"wp","href":"https:\/\/api.w.org\/{rel}","templated":true}]}}