{"id":2533,"date":"2023-03-29T11:19:42","date_gmt":"2023-03-29T14:19:42","guid":{"rendered":"https:\/\/circonavegador.com.br\/?p=2533"},"modified":"2023-03-29T11:48:12","modified_gmt":"2023-03-29T14:48:12","slug":"programacao-de-abril-do-circo-navegador","status":"publish","type":"post","link":"https:\/\/circonavegador.com.br\/?p=2533","title":{"rendered":"Programa\u00e7\u00e3o de abril do Circo Navegador"},"content":{"rendered":"\t\t<div data-elementor-type=\"wp-post\" data-elementor-id=\"2533\" class=\"elementor elementor-2533\">\n\t\t\t\t\t\t<section class=\"elementor-section elementor-top-section elementor-element elementor-element-645ee2d6 elementor-section-boxed elementor-section-height-default elementor-section-height-default wpr-particle-no wpr-jarallax-no wpr-parallax-no wpr-sticky-section-no\" data-id=\"645ee2d6\" data-element_type=\"section\" data-e-type=\"section\">\n\t\t\t\t\t\t<div class=\"elementor-container elementor-column-gap-default\">\n\t\t\t\t\t<div class=\"elementor-column elementor-col-33 elementor-top-column elementor-element elementor-element-7bba3163\" data-id=\"7bba3163\" data-element_type=\"column\" data-e-type=\"column\">\n\t\t\t<div class=\"elementor-widget-wrap\">\n\t\t\t\t\t\t\t<\/div>\n\t\t<\/div>\n\t\t\t\t<div class=\"elementor-column elementor-col-33 elementor-top-column elementor-element elementor-element-71e0047\" data-id=\"71e0047\" data-element_type=\"column\" data-e-type=\"column\">\n\t\t\t<div class=\"elementor-widget-wrap elementor-element-populated\">\n\t\t\t\t\t\t<div class=\"elementor-element elementor-element-1e9f1b99 elementor-widget elementor-widget-text-editor\" data-id=\"1e9f1b99\" data-element_type=\"widget\" data-e-type=\"widget\" data-widget_type=\"text-editor.default\">\n\t\t\t\t<div class=\"elementor-widget-container\">\n\t\t\t\t\t\t\t\t\t\n<p><strong><em>A programa\u00e7\u00e3o conta com lan\u00e7amento do livro de 25 anos, cinema, encontro com educadores, shows de hip hop e circula\u00e7\u00e3o de novo espet\u00e1culo\u00a0<\/em><\/strong><\/p>\n\t\t\t\t\t\t\t\t<\/div>\n\t\t\t\t<\/div>\n\t\t\t\t\t<\/div>\n\t\t<\/div>\n\t\t\t\t<div class=\"elementor-column elementor-col-33 elementor-top-column elementor-element elementor-element-b7a8463\" data-id=\"b7a8463\" data-element_type=\"column\" data-e-type=\"column\">\n\t\t\t<div class=\"elementor-widget-wrap\">\n\t\t\t\t\t\t\t<\/div>\n\t\t<\/div>\n\t\t\t\t\t<\/div>\n\t\t<\/section>\n\t\t\t\t<section class=\"elementor-section elementor-top-section elementor-element elementor-element-f1fd565 elementor-section-boxed elementor-section-height-default elementor-section-height-default wpr-particle-no wpr-jarallax-no wpr-parallax-no wpr-sticky-section-no\" data-id=\"f1fd565\" data-element_type=\"section\" data-e-type=\"section\">\n\t\t\t\t\t\t<div class=\"elementor-container elementor-column-gap-default\">\n\t\t\t\t\t<div class=\"elementor-column elementor-col-33 elementor-top-column elementor-element elementor-element-b0afe65\" data-id=\"b0afe65\" data-element_type=\"column\" data-e-type=\"column\">\n\t\t\t<div class=\"elementor-widget-wrap\">\n\t\t\t\t\t\t\t<\/div>\n\t\t<\/div>\n\t\t\t\t<div class=\"elementor-column elementor-col-33 elementor-top-column elementor-element elementor-element-e1fb7f3\" data-id=\"e1fb7f3\" data-element_type=\"column\" data-e-type=\"column\">\n\t\t\t<div class=\"elementor-widget-wrap elementor-element-populated\">\n\t\t\t\t\t\t<div class=\"elementor-element elementor-element-f2e3d6e elementor-widget elementor-widget-text-editor\" data-id=\"f2e3d6e\" data-element_type=\"widget\" data-e-type=\"widget\" data-widget_type=\"text-editor.default\">\n\t\t\t\t<div class=\"elementor-widget-container\">\n\t\t\t\t\t\t\t\t\t<p><em>Eventos em S\u00e3o Sebasti\u00e3o, Ubatuba e Caraguatatuba marcam o lan\u00e7amento do livro, que conta toda a hist\u00f3ria do grupo.<\/em><\/p>\t\t\t\t\t\t\t\t<\/div>\n\t\t\t\t<\/div>\n\t\t\t\t\t<\/div>\n\t\t<\/div>\n\t\t\t\t<div class=\"elementor-column elementor-col-33 elementor-top-column elementor-element elementor-element-243b39d\" data-id=\"243b39d\" data-element_type=\"column\" data-e-type=\"column\">\n\t\t\t<div class=\"elementor-widget-wrap\">\n\t\t\t\t\t\t\t<\/div>\n\t\t<\/div>\n\t\t\t\t\t<\/div>\n\t\t<\/section>\n\t\t\t\t<section class=\"elementor-section elementor-top-section elementor-element elementor-element-c5e8c57 elementor-section-boxed elementor-section-height-default elementor-section-height-default wpr-particle-no wpr-jarallax-no wpr-parallax-no wpr-sticky-section-no\" data-id=\"c5e8c57\" data-element_type=\"section\" data-e-type=\"section\">\n\t\t\t\t\t\t<div class=\"elementor-container elementor-column-gap-default\">\n\t\t\t\t\t<div class=\"elementor-column elementor-col-33 elementor-top-column elementor-element elementor-element-72f63cc\" data-id=\"72f63cc\" data-element_type=\"column\" data-e-type=\"column\">\n\t\t\t<div class=\"elementor-widget-wrap\">\n\t\t\t\t\t\t\t<\/div>\n\t\t<\/div>\n\t\t\t\t<div class=\"elementor-column elementor-col-33 elementor-top-column elementor-element elementor-element-f724b9b\" data-id=\"f724b9b\" data-element_type=\"column\" data-e-type=\"column\">\n\t\t\t<div class=\"elementor-widget-wrap elementor-element-populated\">\n\t\t\t\t\t\t<div class=\"elementor-element elementor-element-e78db32 elementor-widget elementor-widget-text-editor\" data-id=\"e78db32\" data-element_type=\"widget\" data-e-type=\"widget\" data-widget_type=\"text-editor.default\">\n\t\t\t\t<div class=\"elementor-widget-container\">\n\t\t\t\t\t\t\t\t\t<p>O Circo Navegador, grupo que comemora 25 anos de hist\u00f3ria em 2023 e mant\u00e9m um Espa\u00e7o Cultural em S\u00e3o Sebasti\u00e3o (SP), anuncia a sua programa\u00e7\u00e3o de abril, que conta com cinema, encontro com educadores, show de hip hop e apresenta\u00e7\u00f5es do seu mais novo espet\u00e1culo, <i>Boa Noite<\/i>, que circular\u00e1 por diversas cidades do estado e tamb\u00e9m por comunidades quilombolas e ind\u00edgenas do Litoral Norte de S\u00e3o Paulo. Al\u00e9m disso, o grupo lan\u00e7a o livro que comemora os seus 25 anos, com eventos em S\u00e3o Sebasti\u00e3o, Caraguatatuba e Ubatuba.<\/p>\t\t\t\t\t\t\t\t<\/div>\n\t\t\t\t<\/div>\n\t\t\t\t\t<\/div>\n\t\t<\/div>\n\t\t\t\t<div class=\"elementor-column elementor-col-33 elementor-top-column elementor-element elementor-element-eafbcc3\" data-id=\"eafbcc3\" data-element_type=\"column\" data-e-type=\"column\">\n\t\t\t<div class=\"elementor-widget-wrap\">\n\t\t\t\t\t\t\t<\/div>\n\t\t<\/div>\n\t\t\t\t\t<\/div>\n\t\t<\/section>\n\t\t\t\t<section class=\"elementor-section elementor-top-section elementor-element elementor-element-734d813 elementor-section-boxed elementor-section-height-default elementor-section-height-default wpr-particle-no wpr-jarallax-no wpr-parallax-no wpr-sticky-section-no\" data-id=\"734d813\" data-element_type=\"section\" data-e-type=\"section\">\n\t\t\t\t\t\t<div class=\"elementor-container elementor-column-gap-default\">\n\t\t\t\t\t<div class=\"elementor-column elementor-col-25 elementor-top-column elementor-element elementor-element-a44500e\" data-id=\"a44500e\" data-element_type=\"column\" data-e-type=\"column\">\n\t\t\t<div class=\"elementor-widget-wrap\">\n\t\t\t\t\t\t\t<\/div>\n\t\t<\/div>\n\t\t\t\t<div class=\"elementor-column elementor-col-25 elementor-top-column elementor-element elementor-element-d91b1cc\" data-id=\"d91b1cc\" data-element_type=\"column\" data-e-type=\"column\">\n\t\t\t<div class=\"elementor-widget-wrap elementor-element-populated\">\n\t\t\t\t\t\t<div class=\"elementor-element elementor-element-ce54290 elementor-widget elementor-widget-text-editor\" data-id=\"ce54290\" data-element_type=\"widget\" data-e-type=\"widget\" data-widget_type=\"text-editor.default\">\n\t\t\t\t<div class=\"elementor-widget-container\">\n\t\t\t\t\t\t\t\t\t<p><b>Lan\u00e7amento do livro de 25 anos<\/b><\/p>\n<p>\u00a0<\/p>\n<p>O grupo Circo Navegador est\u00e1 lan\u00e7ando o livro, que comemora os seus 25 anos de exist\u00eancia, e foi escrito pelo Prof. Dr. Alexandre Mate. Quem se interessar em adquirir o livro pode acessar a campanha de financiamento coletivo na plataforma Apoia.se pelo <a href=\"http:\/\/www.apoia.se\/livro25anos\">link<\/a>. O projeto foi premiado pelo Programa de A\u00e7\u00e3o Cultural do Governo do Estado de S\u00e3o Paulo (Proac).<\/p>\n<p>\u00a0<\/p>\n<p>A publica\u00e7\u00e3o conta toda a trajet\u00f3ria do grupo, com depoimentos de pessoas importantes para a consolida\u00e7\u00e3o do Circo Navegador, e revela suas contribui\u00e7\u00f5es para o setor cultural, em especial no Litoral Norte paulista.\u00a0<\/p>\n<p>A programa\u00e7\u00e3o de lan\u00e7amentos do livro come\u00e7a no dia 1\u00ba de abril, \u00e0s 17h, no Espa\u00e7o Cultural Circo Navegador, em S\u00e3o Sebasti\u00e3o, data em que estreia o novo espet\u00e1culo do grupo, <i>Boa Noite<\/i>. No dia 06\/04, \u00e0s 20h, o lan\u00e7amento acontece em Ubatuba, no Teatro Municipal de Ubatuba (Pra\u00e7a Exalta\u00e7\u00e3o \u00e0, R. Santa Cruz &#8211; Centro, Ubatuba). E no dia 16\/04, \u00e0s 19h, acontece o evento em Caraguatatuba, na Biblioteca Municipal Afonso Schmidt (R. Santa Cruz, 496 &#8211; Centro), que fica junto \u00e0 sede da Funda\u00e7\u00e3o Educacional e Cultural de Caraguatatuba (Fundacc).\u00a0<\/p>\t\t\t\t\t\t\t\t<\/div>\n\t\t\t\t<\/div>\n\t\t\t\t\t<\/div>\n\t\t<\/div>\n\t\t\t\t<div class=\"elementor-column elementor-col-25 elementor-top-column elementor-element elementor-element-b92c034\" data-id=\"b92c034\" data-element_type=\"column\" data-e-type=\"column\">\n\t\t\t<div class=\"elementor-widget-wrap elementor-element-populated\">\n\t\t\t\t\t\t<div class=\"elementor-element elementor-element-ec88193 elementor-widget elementor-widget-image\" data-id=\"ec88193\" data-element_type=\"widget\" data-e-type=\"widget\" data-widget_type=\"image.default\">\n\t\t\t\t<div class=\"elementor-widget-container\">\n\t\t\t\t\t\t\t\t\t\t\t\t\t\t\t<img fetchpriority=\"high\" decoding=\"async\" width=\"513\" height=\"726\" src=\"https:\/\/circonavegador.com.br\/wp-content\/uploads\/2023\/03\/livrinho.png\" class=\"attachment-large size-large wp-image-2536\" alt=\"\" srcset=\"https:\/\/circonavegador.com.br\/wp-content\/uploads\/2023\/03\/livrinho.png 513w, https:\/\/circonavegador.com.br\/wp-content\/uploads\/2023\/03\/livrinho-212x300.png 212w\" sizes=\"(max-width: 513px) 100vw, 513px\" \/>\t\t\t\t\t\t\t\t\t\t\t\t\t\t\t<\/div>\n\t\t\t\t<\/div>\n\t\t\t\t\t<\/div>\n\t\t<\/div>\n\t\t\t\t<div class=\"elementor-column elementor-col-25 elementor-top-column elementor-element elementor-element-0ea981c\" data-id=\"0ea981c\" data-element_type=\"column\" data-e-type=\"column\">\n\t\t\t<div class=\"elementor-widget-wrap\">\n\t\t\t\t\t\t\t<\/div>\n\t\t<\/div>\n\t\t\t\t\t<\/div>\n\t\t<\/section>\n\t\t\t\t<section class=\"elementor-section elementor-top-section elementor-element elementor-element-a03291c elementor-section-boxed elementor-section-height-default elementor-section-height-default wpr-particle-no wpr-jarallax-no wpr-parallax-no wpr-sticky-section-no\" data-id=\"a03291c\" data-element_type=\"section\" data-e-type=\"section\">\n\t\t\t\t\t\t<div class=\"elementor-container elementor-column-gap-default\">\n\t\t\t\t\t<div class=\"elementor-column elementor-col-25 elementor-top-column elementor-element elementor-element-da67c54\" data-id=\"da67c54\" data-element_type=\"column\" data-e-type=\"column\">\n\t\t\t<div class=\"elementor-widget-wrap\">\n\t\t\t\t\t\t\t<\/div>\n\t\t<\/div>\n\t\t\t\t<div class=\"elementor-column elementor-col-25 elementor-top-column elementor-element elementor-element-1e4c6b7\" data-id=\"1e4c6b7\" data-element_type=\"column\" data-e-type=\"column\">\n\t\t\t<div class=\"elementor-widget-wrap elementor-element-populated\">\n\t\t\t\t\t\t<div class=\"elementor-element elementor-element-9e206af elementor-widget elementor-widget-text-editor\" data-id=\"9e206af\" data-element_type=\"widget\" data-e-type=\"widget\" data-widget_type=\"text-editor.default\">\n\t\t\t\t<div class=\"elementor-widget-container\">\n\t\t\t\t\t\t\t\t\t<p><b>Cinema para crian\u00e7as e adultos<\/b><\/p>\n<p>A programa\u00e7\u00e3o de cinema do Circo Navegador est\u00e1 bastante recheada neste m\u00eas de abril, iniciando com a <strong>exibi\u00e7\u00e3o da anima\u00e7\u00e3o <i>Perlimps<\/i>, no dia 02\/04 \u00e0s 17h.<\/strong> O filme tem dire\u00e7\u00e3o e roteiro assinados por Al\u00ea Abreu, que foi indicado ao Oscar de melhor longa de anima\u00e7\u00e3o em 2016, pelo longa <i>O Menino e o Mundo<\/i>. <i>Perlimps<\/i> mostra a jornada de aventura e fantasia de Cla\u00e9 e Bru\u00f4, agentes secretos de reinos rivais. Eles precisam superar suas diferen\u00e7as e unir for\u00e7as para encontrar os Perlimps, criaturas misteriosas capazes de encontrar um caminho para a paz em tempos de guerra.<\/p>\n<p>Os ingressos custam R$ 20 e podem ser adquiridos pelo WhatsApp: 12-2101-8249.<\/p>\n<p><strong>No dia 13\/04, \u00e0s 20h,<\/strong> ser\u00e1 exibido gratuitamente o document\u00e1rio <i>Chico Rei Entre N\u00f3s. <\/i>Esta programa\u00e7\u00e3o conta com o apoio do Programa de A\u00e7\u00e3o Cultural do Estado de S\u00e3o Paulo (PROAC), para integrar os estudantes das Escolas para Jovens e Adultos (EJA) nas atividades do Espa\u00e7o Cultural Circo Navegador.\u00a0<\/p>\n<p>O filme tem como ponto de partida a hist\u00f3ria de Chico Rei e explora os ecos da escravid\u00e3o brasileira na vida das pessoas negras nos dias de hoje, entendendo seus desafios e indicando alguns caminhos. Ap\u00f3s um longo trabalho de pesquisa, o document\u00e1rio chegou ao recorte onde o longa investiga quem foi Chico Rei e conta sua hist\u00f3ria de amor \u00e0 sua comunidade. Em busca de entender quem s\u00e3o os \u201cChico Reis\u201d dos dias de hoje, o longa mostra ao espectador o qu\u00e3o emancipador pode ser o sentimento de pertencimento a um coletivo. A dire\u00e7\u00e3o do filme \u00e9 de Joyce Prado.<\/p>\n<p><strong>No dia 26\/04 o Circo Navegador recebe a 6\u00aa Mostra Livre de Cinema,<\/strong> um festival internacional de filmes de curta metragem, que acontece em diversas cidades do estado de S\u00e3o Paulo simultaneamente. \u00c0s 15h se inicia a Mostra Infanto-juvenil, com exibi\u00e7\u00e3o de cinco curta-metragens (<i>A Menina e o Mar, The Birds of Jade Rock, Caf\u00e9 Salvador, Conforme e Se Flopar, Nunca Postei<\/i>). J\u00e1 \u00e0s 20h acontece a Mostra de Cinema Negro, aberta a todos, com cinco filmes produzidos por pessoas negras (<i>Mergulho, Nossos Passos Seguir\u00e3o os Seus, Entre o Passado, Sua Majestade O Passinho <\/i>e <i>N\u00f3 Na Garganta<\/i>).\u00a0<\/p>\n<p>O projeto, que conta com a realiza\u00e7\u00e3o do Governo do Estado de S\u00e3o Paulo, por meio da Secretaria de Cultura e Economia Criativa e produ\u00e7\u00e3o da Frame7 Cinema, evidencia a crescente produ\u00e7\u00e3o independente do cinema nacional e internacional, feito na maioria das vezes sem patroc\u00ednios ou uso de verbas p\u00fablicas.\u00a0<\/p>\n<p>Os ingressos gratuitos podem ser adquiridos pelo WhatsApp: 12-2101-8249.<\/p>\t\t\t\t\t\t\t\t<\/div>\n\t\t\t\t<\/div>\n\t\t\t\t\t<\/div>\n\t\t<\/div>\n\t\t\t\t<div class=\"elementor-column elementor-col-25 elementor-top-column elementor-element elementor-element-c4bc284\" data-id=\"c4bc284\" data-element_type=\"column\" data-e-type=\"column\">\n\t\t\t<div class=\"elementor-widget-wrap elementor-element-populated\">\n\t\t\t\t\t\t<div class=\"elementor-element elementor-element-a46f6ad elementor-widget elementor-widget-image\" data-id=\"a46f6ad\" data-element_type=\"widget\" data-e-type=\"widget\" data-widget_type=\"image.default\">\n\t\t\t\t<div class=\"elementor-widget-container\">\n\t\t\t\t\t\t\t\t\t\t\t\t\t\t\t<img decoding=\"async\" width=\"1024\" height=\"1024\" data-src=\"https:\/\/circonavegador.com.br\/wp-content\/uploads\/2023\/03\/perlimps_card-1-1024x1024.jpg\" class=\"attachment-large size-large wp-image-2537 lazyload\" alt=\"\" data-srcset=\"https:\/\/circonavegador.com.br\/wp-content\/uploads\/2023\/03\/perlimps_card-1-1024x1024.jpg 1024w, https:\/\/circonavegador.com.br\/wp-content\/uploads\/2023\/03\/perlimps_card-1-300x300.jpg 300w, https:\/\/circonavegador.com.br\/wp-content\/uploads\/2023\/03\/perlimps_card-1-150x150.jpg 150w, https:\/\/circonavegador.com.br\/wp-content\/uploads\/2023\/03\/perlimps_card-1-768x768.jpg 768w, https:\/\/circonavegador.com.br\/wp-content\/uploads\/2023\/03\/perlimps_card-1-600x600.jpg 600w, https:\/\/circonavegador.com.br\/wp-content\/uploads\/2023\/03\/perlimps_card-1.jpg 1080w\" data-sizes=\"(max-width: 1024px) 100vw, 1024px\" src=\"data:image\/svg+xml;base64,PHN2ZyB3aWR0aD0iMSIgaGVpZ2h0PSIxIiB4bWxucz0iaHR0cDovL3d3dy53My5vcmcvMjAwMC9zdmciPjwvc3ZnPg==\" style=\"--smush-placeholder-width: 1024px; --smush-placeholder-aspect-ratio: 1024\/1024;\" \/>\t\t\t\t\t\t\t\t\t\t\t\t\t\t\t<\/div>\n\t\t\t\t<\/div>\n\t\t\t\t\t<\/div>\n\t\t<\/div>\n\t\t\t\t<div class=\"elementor-column elementor-col-25 elementor-top-column elementor-element elementor-element-00cbac5\" data-id=\"00cbac5\" data-element_type=\"column\" data-e-type=\"column\">\n\t\t\t<div class=\"elementor-widget-wrap\">\n\t\t\t\t\t\t\t<\/div>\n\t\t<\/div>\n\t\t\t\t\t<\/div>\n\t\t<\/section>\n\t\t\t\t<section class=\"elementor-section elementor-top-section elementor-element elementor-element-dd98c0f elementor-section-boxed elementor-section-height-default elementor-section-height-default wpr-particle-no wpr-jarallax-no wpr-parallax-no wpr-sticky-section-no\" data-id=\"dd98c0f\" data-element_type=\"section\" data-e-type=\"section\">\n\t\t\t\t\t\t<div class=\"elementor-container elementor-column-gap-default\">\n\t\t\t\t\t<div class=\"elementor-column elementor-col-33 elementor-top-column elementor-element elementor-element-1271456\" data-id=\"1271456\" data-element_type=\"column\" data-e-type=\"column\">\n\t\t\t<div class=\"elementor-widget-wrap\">\n\t\t\t\t\t\t\t<\/div>\n\t\t<\/div>\n\t\t\t\t<div class=\"elementor-column elementor-col-33 elementor-top-column elementor-element elementor-element-bbe054d\" data-id=\"bbe054d\" data-element_type=\"column\" data-e-type=\"column\">\n\t\t\t<div class=\"elementor-widget-wrap elementor-element-populated\">\n\t\t\t\t\t\t<div class=\"elementor-element elementor-element-dc80b26 elementor-widget elementor-widget-text-editor\" data-id=\"dc80b26\" data-element_type=\"widget\" data-e-type=\"widget\" data-widget_type=\"text-editor.default\">\n\t\t\t\t<div class=\"elementor-widget-container\">\n\t\t\t\t\t\t\t\t\t<p><b>Encontros com Educadores sobre os medos na inf\u00e2ncia em S\u00e3o Sebasti\u00e3o<\/b><\/p>\n<p>\u00a0<\/p>\n<p>No dia 04\/04, \u00e0s 18h, o Espa\u00e7o Cultural Circo Navegador promove o Encontro com Educadores, dentro de seu projeto realizado com as redes de ensino do Litoral Norte. Em meio ao processo de cria\u00e7\u00e3o do espet\u00e1culo <i>Boa Noite<\/i>, que aborda os medos na inf\u00e2ncia, o Circo Navegador oportunizar\u00e1 um encontro para tratar do tema com os educadores da rede p\u00fablica de S\u00e3o Sebasti\u00e3o, auxiliando assim na cria\u00e7\u00e3o de ferramentas pedag\u00f3gicas a partir da arte. A atividade, contar\u00e1 com a orienta\u00e7\u00e3o da psic\u00f3loga Daniella Ferreira Pulgiesi, formada pela PUC S\u00e3o Paulo e p\u00f3s-graduada pela Faculdade de Sa\u00fade P\u00fablica da Universidade de S\u00e3o Paulo (FSP USP) que j\u00e1 atua na \u00e1rea educacional.<b><\/b><\/p>\t\t\t\t\t\t\t\t<\/div>\n\t\t\t\t<\/div>\n\t\t\t\t\t<\/div>\n\t\t<\/div>\n\t\t\t\t<div class=\"elementor-column elementor-col-33 elementor-top-column elementor-element elementor-element-746c008\" data-id=\"746c008\" data-element_type=\"column\" data-e-type=\"column\">\n\t\t\t<div class=\"elementor-widget-wrap\">\n\t\t\t\t\t\t\t<\/div>\n\t\t<\/div>\n\t\t\t\t\t<\/div>\n\t\t<\/section>\n\t\t\t\t<section class=\"elementor-section elementor-top-section elementor-element elementor-element-5772306 elementor-section-boxed elementor-section-height-default elementor-section-height-default wpr-particle-no wpr-jarallax-no wpr-parallax-no wpr-sticky-section-no\" data-id=\"5772306\" data-element_type=\"section\" data-e-type=\"section\">\n\t\t\t\t\t\t<div class=\"elementor-container elementor-column-gap-default\">\n\t\t\t\t\t<div class=\"elementor-column elementor-col-25 elementor-top-column elementor-element elementor-element-b7fc456\" data-id=\"b7fc456\" data-element_type=\"column\" data-e-type=\"column\">\n\t\t\t<div class=\"elementor-widget-wrap\">\n\t\t\t\t\t\t\t<\/div>\n\t\t<\/div>\n\t\t\t\t<div class=\"elementor-column elementor-col-25 elementor-top-column elementor-element elementor-element-989721f\" data-id=\"989721f\" data-element_type=\"column\" data-e-type=\"column\">\n\t\t\t<div class=\"elementor-widget-wrap elementor-element-populated\">\n\t\t\t\t\t\t<div class=\"elementor-element elementor-element-19a9b60 elementor-widget elementor-widget-text-editor\" data-id=\"19a9b60\" data-element_type=\"widget\" data-e-type=\"widget\" data-widget_type=\"text-editor.default\">\n\t\t\t\t<div class=\"elementor-widget-container\">\n\t\t\t\t\t\t\t\t\t<p><b>Show de hip hop<\/b><\/p>\n<p>Pioneiro do movimento hip hop em S\u00e3o Sebasti\u00e3o, o DJ Pipoo faz show no Espa\u00e7o Cultural Circo Navegador no dia 09\/04 \u00e0s 19h. Na cena desde 1984, o artista trabalhou nas principais casas noturnas do Litoral Norte e regi\u00e3o do Vale do Para\u00edba, e hoje traz na sua discotecagem elementos do rap, trap, boom bap, break beat e scratches. Atualmente integra os projetos Vinil na pra\u00e7a e Power Brazucas, de Ilhabela, resgatando m\u00fasicas da cultura brasileira e mesclando com beats e diversos ritmos. A entrada \u00e9 gratuita.\u00a0<\/p>\n<p>A convidada Ruty Helen se dedica \u00e0 carreira solo no hip hop desde 2018, quando lan\u00e7ou o single <i>Sou Eu<\/i>, produzido pelo Cabine 808, consolidando seu status de compositora. Em 2019 ela lan\u00e7a <i>Sereno<\/i>, que fala sobre como enfrentou seus problemas, como mulher preta, com positividade e garra. No mesmo ano ela lan\u00e7a o \u00e1lbum <i>De 1.9.9.2 pra C\u00e1<\/i>, com 11 faixas. Em 2020, em meio \u00e0 pandemia, ela trabalhou a can\u00e7\u00e3o <i>Repara<\/i>, e em 2021 e 2022, fez trabalhos junto da banda Energia Viva.<b><\/b><\/p>\t\t\t\t\t\t\t\t<\/div>\n\t\t\t\t<\/div>\n\t\t\t\t\t<\/div>\n\t\t<\/div>\n\t\t\t\t<div class=\"elementor-column elementor-col-25 elementor-top-column elementor-element elementor-element-79e270c\" data-id=\"79e270c\" data-element_type=\"column\" data-e-type=\"column\">\n\t\t\t<div class=\"elementor-widget-wrap elementor-element-populated\">\n\t\t\t\t\t\t<div class=\"elementor-element elementor-element-4754911 elementor-widget elementor-widget-image\" data-id=\"4754911\" data-element_type=\"widget\" data-e-type=\"widget\" data-widget_type=\"image.default\">\n\t\t\t\t<div class=\"elementor-widget-container\">\n\t\t\t\t\t\t\t\t\t\t\t\t\t\t\t<img decoding=\"async\" width=\"1024\" height=\"1024\" data-src=\"https:\/\/circonavegador.com.br\/wp-content\/uploads\/2023\/03\/2023-02-05_dj_pipoo2-1024x1024.jpg\" class=\"attachment-large size-large wp-image-2539 lazyload\" alt=\"\" data-srcset=\"https:\/\/circonavegador.com.br\/wp-content\/uploads\/2023\/03\/2023-02-05_dj_pipoo2-1024x1024.jpg 1024w, https:\/\/circonavegador.com.br\/wp-content\/uploads\/2023\/03\/2023-02-05_dj_pipoo2-300x300.jpg 300w, https:\/\/circonavegador.com.br\/wp-content\/uploads\/2023\/03\/2023-02-05_dj_pipoo2-150x150.jpg 150w, https:\/\/circonavegador.com.br\/wp-content\/uploads\/2023\/03\/2023-02-05_dj_pipoo2-768x768.jpg 768w, https:\/\/circonavegador.com.br\/wp-content\/uploads\/2023\/03\/2023-02-05_dj_pipoo2-600x600.jpg 600w, https:\/\/circonavegador.com.br\/wp-content\/uploads\/2023\/03\/2023-02-05_dj_pipoo2.jpg 1080w\" data-sizes=\"(max-width: 1024px) 100vw, 1024px\" src=\"data:image\/svg+xml;base64,PHN2ZyB3aWR0aD0iMSIgaGVpZ2h0PSIxIiB4bWxucz0iaHR0cDovL3d3dy53My5vcmcvMjAwMC9zdmciPjwvc3ZnPg==\" style=\"--smush-placeholder-width: 1024px; --smush-placeholder-aspect-ratio: 1024\/1024;\" \/>\t\t\t\t\t\t\t\t\t\t\t\t\t\t\t<\/div>\n\t\t\t\t<\/div>\n\t\t\t\t\t<\/div>\n\t\t<\/div>\n\t\t\t\t<div class=\"elementor-column elementor-col-25 elementor-top-column elementor-element elementor-element-381b196\" data-id=\"381b196\" data-element_type=\"column\" data-e-type=\"column\">\n\t\t\t<div class=\"elementor-widget-wrap\">\n\t\t\t\t\t\t\t<\/div>\n\t\t<\/div>\n\t\t\t\t\t<\/div>\n\t\t<\/section>\n\t\t\t\t<section class=\"elementor-section elementor-top-section elementor-element elementor-element-baaaa49 elementor-section-boxed elementor-section-height-default elementor-section-height-default wpr-particle-no wpr-jarallax-no wpr-parallax-no wpr-sticky-section-no\" data-id=\"baaaa49\" data-element_type=\"section\" data-e-type=\"section\">\n\t\t\t\t\t\t<div class=\"elementor-container elementor-column-gap-default\">\n\t\t\t\t\t<div class=\"elementor-column elementor-col-25 elementor-top-column elementor-element elementor-element-ae5d373\" data-id=\"ae5d373\" data-element_type=\"column\" data-e-type=\"column\">\n\t\t\t<div class=\"elementor-widget-wrap\">\n\t\t\t\t\t\t\t<\/div>\n\t\t<\/div>\n\t\t\t\t<div class=\"elementor-column elementor-col-25 elementor-top-column elementor-element elementor-element-2569bf5\" data-id=\"2569bf5\" data-element_type=\"column\" data-e-type=\"column\">\n\t\t\t<div class=\"elementor-widget-wrap elementor-element-populated\">\n\t\t\t\t\t\t<div class=\"elementor-element elementor-element-09d59d5 elementor-widget elementor-widget-text-editor\" data-id=\"09d59d5\" data-element_type=\"widget\" data-e-type=\"widget\" data-widget_type=\"text-editor.default\">\n\t\t\t\t<div class=\"elementor-widget-container\">\n\t\t\t\t\t\t\t\t\t<p><b>Teatro nas comunidades Quilombolas e Ind\u00edgenas<\/b><\/p>\n<p>\u00a0<\/p>\n<p>O grupo Circo Navegador leva <i>Arte Por Toda Parte<\/i> e possibilita o acesso de todas as popula\u00e7\u00f5es aos bens culturais de forma democr\u00e1tica, plural, diversa e inclusiva. O espet\u00e1culo <i>Boa Noite<\/i> ser\u00e1 apresentado nas Terras Ind\u00edgenas Renascer &#8211; Ywyty Gua\u00e7u, de Ubatuba (06\/04 \u00e0s 10h e 15h) e Rio Silveiras, de S\u00e3o Sebasti\u00e3o (11\/04 \u00e0s 10h e 15h), e nas comunidades quilombolas Fazenda (07\/04 \u00e0s 19h) e Ca\u00e7andoca (05\/04 \u00e0s 19h), de Ubatuba. O objetivo da a\u00e7\u00e3o \u00e9 valorizar as popula\u00e7\u00f5es tradicionais e origin\u00e1rias, reconhecendo seus conhecimentos e sua import\u00e2ncia.<b><\/b><\/p>\t\t\t\t\t\t\t\t<\/div>\n\t\t\t\t<\/div>\n\t\t\t\t\t<\/div>\n\t\t<\/div>\n\t\t\t\t<div class=\"elementor-column elementor-col-25 elementor-top-column elementor-element elementor-element-539a172\" data-id=\"539a172\" data-element_type=\"column\" data-e-type=\"column\">\n\t\t\t<div class=\"elementor-widget-wrap elementor-element-populated\">\n\t\t\t\t\t\t<div class=\"elementor-element elementor-element-b94ccef elementor-widget elementor-widget-image\" data-id=\"b94ccef\" data-element_type=\"widget\" data-e-type=\"widget\" data-widget_type=\"image.default\">\n\t\t\t\t<div class=\"elementor-widget-container\">\n\t\t\t\t\t\t\t\t\t\t\t\t\t\t\t<img decoding=\"async\" width=\"1024\" height=\"576\" data-src=\"https:\/\/circonavegador.com.br\/wp-content\/uploads\/2023\/03\/IMG_20210329_125014-1024x576.jpg\" class=\"attachment-large size-large wp-image-2541 lazyload\" alt=\"\" data-srcset=\"https:\/\/circonavegador.com.br\/wp-content\/uploads\/2023\/03\/IMG_20210329_125014-1024x576.jpg 1024w, https:\/\/circonavegador.com.br\/wp-content\/uploads\/2023\/03\/IMG_20210329_125014-300x169.jpg 300w, https:\/\/circonavegador.com.br\/wp-content\/uploads\/2023\/03\/IMG_20210329_125014-768x432.jpg 768w, https:\/\/circonavegador.com.br\/wp-content\/uploads\/2023\/03\/IMG_20210329_125014-1536x864.jpg 1536w, https:\/\/circonavegador.com.br\/wp-content\/uploads\/2023\/03\/IMG_20210329_125014-2048x1152.jpg 2048w, https:\/\/circonavegador.com.br\/wp-content\/uploads\/2023\/03\/IMG_20210329_125014-800x450.jpg 800w\" data-sizes=\"(max-width: 1024px) 100vw, 1024px\" src=\"data:image\/svg+xml;base64,PHN2ZyB3aWR0aD0iMSIgaGVpZ2h0PSIxIiB4bWxucz0iaHR0cDovL3d3dy53My5vcmcvMjAwMC9zdmciPjwvc3ZnPg==\" style=\"--smush-placeholder-width: 1024px; --smush-placeholder-aspect-ratio: 1024\/576;\" \/>\t\t\t\t\t\t\t\t\t\t\t\t\t\t\t<\/div>\n\t\t\t\t<\/div>\n\t\t\t\t\t<\/div>\n\t\t<\/div>\n\t\t\t\t<div class=\"elementor-column elementor-col-25 elementor-top-column elementor-element elementor-element-fc95aaa\" data-id=\"fc95aaa\" data-element_type=\"column\" data-e-type=\"column\">\n\t\t\t<div class=\"elementor-widget-wrap\">\n\t\t\t\t\t\t\t<\/div>\n\t\t<\/div>\n\t\t\t\t\t<\/div>\n\t\t<\/section>\n\t\t\t\t<section class=\"elementor-section elementor-top-section elementor-element elementor-element-6c91ffb elementor-section-boxed elementor-section-height-default elementor-section-height-default wpr-particle-no wpr-jarallax-no wpr-parallax-no wpr-sticky-section-no\" data-id=\"6c91ffb\" data-element_type=\"section\" data-e-type=\"section\">\n\t\t\t\t\t\t<div class=\"elementor-container elementor-column-gap-default\">\n\t\t\t\t\t<div class=\"elementor-column elementor-col-25 elementor-top-column elementor-element elementor-element-5549c01\" data-id=\"5549c01\" data-element_type=\"column\" data-e-type=\"column\">\n\t\t\t<div class=\"elementor-widget-wrap\">\n\t\t\t\t\t\t\t<\/div>\n\t\t<\/div>\n\t\t\t\t<div class=\"elementor-column elementor-col-25 elementor-top-column elementor-element elementor-element-c90ffb3\" data-id=\"c90ffb3\" data-element_type=\"column\" data-e-type=\"column\">\n\t\t\t<div class=\"elementor-widget-wrap elementor-element-populated\">\n\t\t\t\t\t\t<div class=\"elementor-element elementor-element-7fc57eb elementor-widget elementor-widget-text-editor\" data-id=\"7fc57eb\" data-element_type=\"widget\" data-e-type=\"widget\" data-widget_type=\"text-editor.default\">\n\t\t\t\t<div class=\"elementor-widget-container\">\n\t\t\t\t\t\t\t\t\t<p><b>Circula\u00e7\u00e3o de espet\u00e1culos<\/b><\/p>\n<p>O grupo parte para a estrada em abril, com apresenta\u00e7\u00f5es, oficinas e bate-papos em diversas cidades.\u00a0<\/p>\n<p>No dia 12\/4, \u00e0s 15h, acontece a apresenta\u00e7\u00e3o do espet\u00e1culo <i>Quixotes<\/i> na cidade de Suzano. A pe\u00e7a mostra uma dupla de atores mambembes, que contam a hist\u00f3ria do cavaleiro que acreditava poder consertar o mundo. Durante a narrativa confundem as aventuras e desventuras escritas por Cervantes com a pr\u00f3pria trajet\u00f3ria de artistas que s\u00e3o. Assim como as personagens que representam, acreditam poder transformar o mundo.\u00a0<\/p>\n<p>No mesmo dia, \u00e0s 19h, o grupo tamb\u00e9m promove uma oficina de Teatro de Origem.\u00a0<\/p>\n<p>A pe\u00e7a infantil <i>Boa Noite<\/i>, que teve sua estreia em abril, tamb\u00e9m ser\u00e1 encenada em Suzano, no dia 13\/04 \u00e0s 15h. O espet\u00e1culo se passa em um circo antigo e pobre, onde \u201cSurubim\u201d, um limpador de jaula que sente muito desvalorizado, tenta fugir da opress\u00e3o do \u201cSeu Nicolas\u201d, o dono do circo, e abandonar a vida de sofrimento. Mas a tentativa de partida \u00e9 frustrada. \u201cSeu Nicolas\u201d promete que ap\u00f3s uma \u201cBoa Noite\u201d de sono, \u201cSurubim\u201d se tornar\u00e1 um aprendiz de artista. Na esperan\u00e7a da promo\u00e7\u00e3o, ele se esfor\u00e7a para ter a tal \u201cboa noite de sono\u201d, por\u00e9m, enfrenta todo o tipo de dificuldades.<\/p>\n<p>J\u00e1 no dia 14\/04, \u00e0s 20h, tamb\u00e9m em Suzano, o grupo apresenta o espet\u00e1culo <i>Not\u00edcia para Embrulhar Peixe<\/i>. Na pe\u00e7a, o Vendedor de Peixe l\u00ea o mundo por meio das not\u00edcias estampadas nas folhas de jornal, que s\u00e3o usadas para embrulhar seu produto: o peixe. De maneira bastante \u00e1cida, o personagem denuncia as mazelas da condi\u00e7\u00e3o humana, a fal\u00eancia das institui\u00e7\u00f5es e a sociedade do controle. \u00c9 um espet\u00e1culo provocativo, que estimula o empoderamento, a cria\u00e7\u00e3o das autonomias e o desenvolvimento das potencialidades humanas.<\/p>\n<p>O Circo Navegador chega \u00e0 capital S\u00e3o Paulo no dia 18\/04, para apresenta\u00e7\u00f5es do espet\u00e1culo <i>Boa Noite<\/i> no Espa\u00e7o do grupo teatral Sobrevento, que fica no bairro do Belenzinho. As encena\u00e7\u00f5es ser\u00e3o \u00e0s 15h e \u00e0s 20h. Nessa oportunidade tamb\u00e9m ser\u00e1 feito o lan\u00e7amento do livro Circo Navegador &#8211; 25 Anos.<\/p>\n<p>Logo ap\u00f3s, o grupo apresenta o <i>Boa Noite<\/i> em Piracicaba, no dia 19\/04 (\u00e0s 10h), e os espet\u00e1culos <i>Not\u00edcia para Embrulhar Peixe<\/i> (dia 20\/04 \u00e0s 20h) e <i>Quixotes<\/i> (21\/04 \u00e0s 15h). No dia 19\/04, \u00e0s 20h, tamb\u00e9m ser\u00e1 realizada uma oficina de Palha\u00e7o na cidade.\u00a0<\/p>\n<p>O Circo Navegador tamb\u00e9m promove apresenta\u00e7\u00f5es na cidade de Assis, com os espet\u00e1culos <i>Quixotes<\/i> (25\/04 \u00e0s 20h) e <i>Not\u00edcia para Embrulhar Peixe<\/i> (26\/04 \u00e0s 20h). \u00c0s 14h do dia 26\/04 acontece uma oficina de Palha\u00e7o.\u00a0<\/p>\n<p>Na cidade de Presidente Prudente acontecem encena\u00e7\u00f5es de <i>Not\u00edcia para Embrulhar Peixe<\/i> (27\/04 \u00e0s 20h) e <i>Quixotes<\/i> (28\/04 \u00e0s 20h). No dia 27\/04, \u00e0s 16h, tamb\u00e9m acontece oficina de Teatro de Origem.\u00a0<b><\/b><\/p>\t\t\t\t\t\t\t\t<\/div>\n\t\t\t\t<\/div>\n\t\t\t\t\t<\/div>\n\t\t<\/div>\n\t\t\t\t<div class=\"elementor-column elementor-col-25 elementor-top-column elementor-element elementor-element-1b463a7\" data-id=\"1b463a7\" data-element_type=\"column\" data-e-type=\"column\">\n\t\t\t<div class=\"elementor-widget-wrap elementor-element-populated\">\n\t\t\t\t\t\t<div class=\"elementor-element elementor-element-2fbe9ea elementor-widget elementor-widget-image\" data-id=\"2fbe9ea\" data-element_type=\"widget\" data-e-type=\"widget\" data-widget_type=\"image.default\">\n\t\t\t\t<div class=\"elementor-widget-container\">\n\t\t\t\t\t\t\t\t\t\t\t\t\t\t\t<img decoding=\"async\" width=\"1024\" height=\"1024\" data-src=\"https:\/\/circonavegador.com.br\/wp-content\/uploads\/2023\/03\/24-1024x1024.jpg\" class=\"attachment-large size-large wp-image-2542 lazyload\" alt=\"\" data-srcset=\"https:\/\/circonavegador.com.br\/wp-content\/uploads\/2023\/03\/24-1024x1024.jpg 1024w, https:\/\/circonavegador.com.br\/wp-content\/uploads\/2023\/03\/24-300x300.jpg 300w, https:\/\/circonavegador.com.br\/wp-content\/uploads\/2023\/03\/24-150x150.jpg 150w, https:\/\/circonavegador.com.br\/wp-content\/uploads\/2023\/03\/24-768x768.jpg 768w, https:\/\/circonavegador.com.br\/wp-content\/uploads\/2023\/03\/24-600x600.jpg 600w, https:\/\/circonavegador.com.br\/wp-content\/uploads\/2023\/03\/24.jpg 1080w\" data-sizes=\"(max-width: 1024px) 100vw, 1024px\" src=\"data:image\/svg+xml;base64,PHN2ZyB3aWR0aD0iMSIgaGVpZ2h0PSIxIiB4bWxucz0iaHR0cDovL3d3dy53My5vcmcvMjAwMC9zdmciPjwvc3ZnPg==\" style=\"--smush-placeholder-width: 1024px; --smush-placeholder-aspect-ratio: 1024\/1024;\" \/>\t\t\t\t\t\t\t\t\t\t\t\t\t\t\t<\/div>\n\t\t\t\t<\/div>\n\t\t\t\t\t<\/div>\n\t\t<\/div>\n\t\t\t\t<div class=\"elementor-column elementor-col-25 elementor-top-column elementor-element elementor-element-dfed1c3\" data-id=\"dfed1c3\" data-element_type=\"column\" data-e-type=\"column\">\n\t\t\t<div class=\"elementor-widget-wrap\">\n\t\t\t\t\t\t\t<\/div>\n\t\t<\/div>\n\t\t\t\t\t<\/div>\n\t\t<\/section>\n\t\t\t\t<section class=\"elementor-section elementor-top-section elementor-element elementor-element-6b05b3b elementor-section-boxed elementor-section-height-default elementor-section-height-default wpr-particle-no wpr-jarallax-no wpr-parallax-no wpr-sticky-section-no\" data-id=\"6b05b3b\" data-element_type=\"section\" data-e-type=\"section\">\n\t\t\t\t\t\t<div class=\"elementor-container elementor-column-gap-default\">\n\t\t\t\t\t<div class=\"elementor-column elementor-col-33 elementor-top-column elementor-element elementor-element-3b004a1\" data-id=\"3b004a1\" data-element_type=\"column\" data-e-type=\"column\">\n\t\t\t<div class=\"elementor-widget-wrap\">\n\t\t\t\t\t\t\t<\/div>\n\t\t<\/div>\n\t\t\t\t<div class=\"elementor-column elementor-col-33 elementor-top-column elementor-element elementor-element-6f98741\" data-id=\"6f98741\" data-element_type=\"column\" data-e-type=\"column\">\n\t\t\t<div class=\"elementor-widget-wrap elementor-element-populated\">\n\t\t\t\t\t\t<div class=\"elementor-element elementor-element-4732d74 elementor-widget elementor-widget-text-editor\" data-id=\"4732d74\" data-element_type=\"widget\" data-e-type=\"widget\" data-widget_type=\"text-editor.default\">\n\t\t\t\t<div class=\"elementor-widget-container\">\n\t\t\t\t\t\t\t\t\t<p><b>Sobre o Circo Navegador<\/b><\/p>\n<p>O Circo Navegador est\u00e1 comemorando 25 anos de hist\u00f3ria e se consolidou em S\u00e3o Sebasti\u00e3o e no Litoral Norte como<a href=\"http:\/\/culturaviva.gov.br\/\"> Ponto de Cultura<\/a> (reconhecido pela<a href=\"http:\/\/www.planalto.gov.br\/ccivil_03\/_ato2011-2014\/2014\/lei\/l13018.htm\"> Lei Cultura Viva<\/a>) e mant\u00e9m programa\u00e7\u00e3o continuada. Pelo espa\u00e7o j\u00e1 passaram personalidades incr\u00edveis como Ju\u00e7ara Mar\u00e7al, Doralyce, Bia Ferreira, Luedji Luna, Lenna Bahule e Kiko Dinucci.<\/p>\n<p>Nos \u00faltimos oito anos, o espa\u00e7o j\u00e1 ofereceu 439 atividades art\u00edsticas, englobando artes c\u00eanicas, shows e sess\u00f5es de cinema, al\u00e9m de oficinas, workshops e rodas de conversa. Todas as atividades reuniram mais de 18 mil pessoas.\u00a0<\/p>\n<p><b>SERVI\u00c7O<\/b><\/p>\n<p><b>Teatro:<\/b> Boa Noite<\/p>\n<p><b>Data: <\/b>s\u00e1bado, 1\u00ba de abril<\/p>\n<p><b>Hor\u00e1rio:<\/b> 17h<\/p>\n<p><b>Valor: <\/b>gratuito<\/p>\n<p><b>Local: <\/b>Espa\u00e7o Cultural Circo Navegador<\/p>\n<p><b>Endere\u00e7o: <\/b>Rua Prefeito Mansueto Pierotti, 826 &#8211; S\u00e3o Sebasti\u00e3o &#8211; SP<\/p>\n<p><b>Reserva:<\/b> <a href=\"https:\/\/apoia.se\/livro25anos\">pelo link<\/a><\/p>\n<p><b>Classifica\u00e7\u00e3o indicativa:<\/b> livre<\/p>\n<p>\u00a0<\/p>\n<p><b>Lan\u00e7amento do Livro:<\/b> Evento em S\u00e3o Sebasti\u00e3o<\/p>\n<p><b>Data: <\/b>s\u00e1bado, 1\u00ba de abril<\/p>\n<p><b>Hor\u00e1rio:<\/b> 17h<\/p>\n<p><b>Valor: <\/b>gratuito<\/p>\n<p><b>Local: <\/b>Espa\u00e7o Cultural Circo Navegador<\/p>\n<p><b>Endere\u00e7o: <\/b>Rua Prefeito Mansueto Pierotti, 826 &#8211; S\u00e3o Sebasti\u00e3o &#8211; SP<\/p>\n<p>\u00a0<\/p>\n<p><b>Cinema: <\/b>Filme <i>Perlimps<\/i><\/p>\n<p><b>Data:<\/b> domingo, 02 de abril<\/p>\n<p><b>Hor\u00e1rio:<\/b> 17h<\/p>\n<p><b>Valor:<\/b> R$ 20<\/p>\n<p><b>Reserva: <\/b>pelo whatsapp 12-2101-8249<\/p>\n<p><b>Classifica\u00e7\u00e3o indicativa:<\/b> livre<\/p>\n<p><b>Local: <\/b>Espa\u00e7o Cultural Circo Navegador &#8211; Rua Prefeito Mansueto Pierotti, 826 &#8211; Vila Am\u00e9lia &#8211; S\u00e3o Sebasti\u00e3o &#8211; SP<\/p>\n<p>\u00a0<\/p>\n<p><b>Teatro:<\/b> Boa Noite<\/p>\n<p><b>Data: <\/b>ter\u00e7a-feira, 4 de abril<\/p>\n<p><b>Hor\u00e1rio:<\/b> 15h<\/p>\n<p><b>Valor: <\/b>gratuito<\/p>\n<p><b>Local: <\/b>Teatro Municipal de S\u00e3o Sebasti\u00e3o<\/p>\n<p><b>Endere\u00e7o: <\/b>Rua Dr. Altino Arantes, 2- S\u00e3o Sebasti\u00e3o &#8211; SP<\/p>\n<p><b>Reserva:<\/b> <a href=\"https:\/\/apoia.se\/livro25anos\">pelo link<\/a><\/p>\n<p><b>Classifica\u00e7\u00e3o indicativa:<\/b> livre<\/p>\n<p>\u00a0<\/p>\n<p><b>Encontro com Educadores: <\/b>Medo na Inf\u00e2ncia\u00a0<\/p>\n<p><b>Data: <\/b>ter\u00e7a-feira, 04 de abril<\/p>\n<p><b>Hor\u00e1rio:<\/b> 18h<\/p>\n<p><i>Exclusivo para educadores com agendamento pr\u00e9vio<\/i><\/p>\n<p><b>Local:<\/b> Espa\u00e7o Cultural Circo Navegador &#8211; Rua Prefeito Mansueto Pierotti, 826 &#8211; Vila Am\u00e9lia &#8211; S\u00e3o Sebasti\u00e3o &#8211; SP<\/p>\n<p>\u00a0<\/p>\n<p><b>Teatro:<\/b> Boa Noite<\/p>\n<p><b>Data: <\/b>quarta-feira, 5 de abril<\/p>\n<p><b>Hor\u00e1rio: <\/b>19h<\/p>\n<p><b>Valor: <\/b>gratuito<\/p>\n<p><b>Local: <\/b>Comunidade Quilombola da Ca\u00e7andoca &#8211; Restaurante Angu<\/p>\n<p><b>Endere\u00e7o: <\/b>Praia da Ca\u00e7andoca &#8211; Ubatuba &#8211; SP<\/p>\n<p>\u00a0<\/p>\n<p><b>Teatro:<\/b> Boa Noite<\/p>\n<p><b>Data: <\/b>quinta-feira, 6 de abril<\/p>\n<p><b>Hor\u00e1rios: <\/b>10 e 15h<\/p>\n<p><b>Local: <\/b>Terra Ind\u00edgena Renascer &#8211; Ywyty Gua\u00e7u &#8211; Ubatuba -SP<\/p>\n<p><i>Exclusivo para a comunidade ind\u00edgena<\/i><\/p>\n<p>\u00a0<\/p>\n<p><b>Lan\u00e7amento do livro:<\/b> Circo Navegador &#8211; 25 Anos<\/p>\n<p><b>Data: <\/b>quinta-feira, 6 de abril<\/p>\n<p><b>Hor\u00e1rios: <\/b>20h<\/p>\n<p><b>Valor:<\/b> gratuito<\/p>\n<p><b>Local: <\/b>Teatro Municipal de Ubatuba &#8211; Pra\u00e7a Exalta\u00e7\u00e3o \u00e0, R. Santa Cruz &#8211; Centro, Ubatuba<\/p>\n<p>\u00a0<\/p>\n<p><b>Teatro:<\/b> Boa Noite<\/p>\n<p><b>Data: <\/b>sexta-feira, 7 de abril<\/p>\n<p><b>Hor\u00e1rio: <\/b>19h<\/p>\n<p><b>Valor:<\/b> gratuito<\/p>\n<p><b>Local: <\/b>Casa de Farinha da Comunidade Quilombola da Fazenda<\/p>\n<p><b>Endere\u00e7o:<\/b> Km 87,3 da BR 101 &#8211; Picinguaba &#8211; Ubatuba &#8211; SP<\/p>\n<p>\u00a0<\/p>\n<p><b>Show: <\/b>Dj Pipoo e Ruty Helen<\/p>\n<p><b>Data:<\/b> domingo, 09 de abril<\/p>\n<p><b>Hor\u00e1rio:<\/b> 19h<\/p>\n<p><b>Valor:<\/b> Gratuito<\/p>\n<p><b>Classifica\u00e7\u00e3o indicativa:<\/b> livre<\/p>\n<p><b>Local: <\/b>Espa\u00e7o Cultural Circo Navegador &#8211; Rua Prefeito Mansueto Pierotti, 826 &#8211; Vila Am\u00e9lia &#8211; S\u00e3o Sebasti\u00e3o &#8211; SP<\/p>\n<p>\u00a0<\/p>\n<p><b>Teatro:<\/b> Boa Noite<\/p>\n<p><b>Data:<\/b> ter\u00e7a-feira, 11 de abril<\/p>\n<p><b>Hor\u00e1rio: <\/b>10h e 15h<\/p>\n<p><b>Local: <\/b>Terra Ind\u00edgena Rio Silveiras &#8211; S\u00e3o Sebasti\u00e3o &#8211; SP<\/p>\n<p><i>Exclusivo para a comunidade ind\u00edgena<\/i><\/p>\n<p>\u00a0<\/p>\n<p><b>Teatro:<\/b> Quixotes<\/p>\n<p><b>Data: <\/b>quarta-feira, 12 de abril<\/p>\n<p><b>Hor\u00e1rio: <\/b>15h<\/p>\n<p><b>Valor:<\/b> gratuito<\/p>\n<p><b>Local: <\/b>Teatro Contadores de Mentira<\/p>\n<p><b>Endere\u00e7o: <\/b>R. Maria de Lourdes Molina Vieira, 42, Parque Maria Helena\u00a0 &#8211; Suzano<\/p>\n<p>\u00a0<\/p>\n<p><b>Cinema: <\/b>Document\u00e1rio <i>Chico Rei Entre N\u00f3s<\/i><\/p>\n<p><b>Data:<\/b> quinta-feira, 13 de abril<\/p>\n<p><b>Hor\u00e1rio:<\/b> 20h<\/p>\n<p><b>Classifica\u00e7\u00e3o indicativa:<\/b> livre<\/p>\n<p><b>Local: <\/b>Espa\u00e7o Cultural Circo Navegador &#8211; Rua Prefeito Mansueto Pierotti, 826 &#8211; Vila Am\u00e9lia &#8211; S\u00e3o Sebasti\u00e3o &#8211; SP<\/p>\n<p><i>Exclusivo para alunos do EJA<\/i><\/p>\n<p>\u00a0<\/p>\n<p><b>Teatro:<\/b> Boa Noite<\/p>\n<p><b>Data: <\/b>quinta-feira, 13 de abril<\/p>\n<p><b>Hor\u00e1rio: <\/b>15h<\/p>\n<p><b>Valor:<\/b> gratuito<\/p>\n<p><b>Local: <\/b>Teatro Contadores de Mentira<\/p>\n<p><b>Endere\u00e7o:<\/b> R. Maria de Lourdes Molina Vieira, 42, Parque Maria Helena\u00a0 &#8211; Suzano<\/p>\n<p>\u00a0<\/p>\n<p><b>Teatro:<\/b> Not\u00edcia pra Embrulhar Peixe<\/p>\n<p><b>Data: <\/b>sexta-feira, 14 de abril<\/p>\n<p><b>Hor\u00e1rio: <\/b>20h<\/p>\n<p><b>Valor:<\/b> gratuito<\/p>\n<p><b>Local: <\/b>Teatro Contadores de Mentira<\/p>\n<p><b>Endere\u00e7o:<\/b> R. Maria de Lourdes Molina Vieira, 42, Parque Maria Helena\u00a0 &#8211; Suzano<\/p>\n<p>\u00a0<\/p>\n<p><b>Lan\u00e7amento do Livro:<\/b> Evento em Caraguatatuba<\/p>\n<p><b>Data: <\/b>domingo, 16 de abril<\/p>\n<p><b>Hor\u00e1rio:<\/b> 19h<\/p>\n<p><b>Valor: <\/b>gratuito<\/p>\n<p><b>Local: <\/b>Biblioteca Municipal de Caraguatatuba<\/p>\n<p><b>Endere\u00e7o: <\/b>R. Santa Cruz, 496 &#8211; Centro &#8211; Caraguatatuba-SP<\/p>\n<p>\u00a0<\/p>\n<p><b>Teatro:<\/b> Boa Noite<\/p>\n<p><b>Data: <\/b>ter\u00e7a-feira, 18 de abril<\/p>\n<p><b>Hor\u00e1rios: <\/b>15h e 20h<\/p>\n<p><b>Valor:<\/b> gratuito<\/p>\n<p><b>Local: <\/b>Espa\u00e7o Sobrevento<\/p>\n<p><b>Endere\u00e7o:<\/b> R. Cel. Albino Bair\u00e3o, 42 &#8211; Belenzinho, S\u00e3o Paulo-SP<\/p>\n<p>\u00a0<\/p>\n<p><b>Teatro:<\/b> Boa Noite<\/p>\n<p><b>Data: <\/b>quarta-feira, 19 de abril<\/p>\n<p><b>Hor\u00e1rio: <\/b>10h<\/p>\n<p><b>Valor:<\/b> gratuito<\/p>\n<p><b>Local: <\/b>Piracicaba<\/p>\n<p><b>Endere\u00e7o: <\/b>Ponto Cultura Garapa<\/p>\n<ol>\n<li>Dom Pedro II, 1313 &#8211; Centro, Piracicaba &#8211; SP<\/li>\n<\/ol>\n<p>\u00a0<\/p>\n<p><b>Teatro:<\/b> Not\u00edcia pra Embrulhar Peixe<\/p>\n<p><b>Data: <\/b>quinta-feira, 20 de abril<\/p>\n<p><b>Hor\u00e1rio: <\/b>20h<\/p>\n<p><b>Valor:<\/b> gratuito<\/p>\n<p><b>Local: <\/b>Piracicaba<\/p>\n<p><b>Endere\u00e7o:<\/b> Casa do Hip Hop de Piracicaba<\/p>\n<p>Rua Ja\u00e7an\u00e3 Altair Pereira Guerrini, 188 &#8211; Paulic\u00e9ia, Piracicaba<\/p>\n<p>\u00a0<\/p>\n<p><b>Teatro:<\/b> Quixotes<\/p>\n<p><b>Data: <\/b>sexta-feira, 21 de abril<\/p>\n<p><b>Hor\u00e1rio: <\/b>15h<\/p>\n<p><b>Valor:<\/b> gratuito<\/p>\n<p><b>Local: <\/b>Piracicaba<\/p>\n<p><b>Endere\u00e7o:<\/b> Comunidade do Barranco\u00a0<\/p>\n<p>Rua Ipatinga, s\/n.\u00ba, Santa F\u00e9, Piracicaba &#8211; SP<\/p>\n<p>\u00a0<\/p>\n<p><b>Teatro:<\/b> Quixotes<\/p>\n<p><b>Data: <\/b>ter\u00e7a-feira, 25 de abril<\/p>\n<p><b>Hor\u00e1rio: <\/b>20h<\/p>\n<p><b>Valor:<\/b> gratuito<\/p>\n<p><b>Local: <\/b>Galp\u00e3o Cultural<\/p>\n<p><b>Endere\u00e7o:<\/b> Tv. Sorocabana, n\u00b040, Centro, Assis-SP<\/p>\n<p><b>Cinema: <\/b>6\u00aa Mostra Livre de Cinema<\/p>\n<p><b>Data:<\/b> quarta-feira, 26 de abril<\/p>\n<p><b>Hor\u00e1rio:<\/b> 15h e 20h<\/p>\n<p><b>Classifica\u00e7\u00e3o indicativa:<\/b> livre<\/p>\n<p><b>Local: <\/b>Espa\u00e7o Cultural Circo Navegador &#8211; Rua Prefeito Mansueto Pierotti, 826 &#8211; Vila Am\u00e9lia &#8211; S\u00e3o Sebasti\u00e3o &#8211; SP<\/p>\n<p>\u00a0<\/p>\n<p><b>Teatro:<\/b> Not\u00edcia pra Embrulhar Peixe<\/p>\n<p><b>Data: <\/b>quarta-feira, 26 de abril<\/p>\n<p><b>Hor\u00e1rio: <\/b>20h<\/p>\n<p><b>Valor:<\/b> gratuito<\/p>\n<p><b>Local: <\/b>Galp\u00e3o Cultural<\/p>\n<p><b>Endere\u00e7o:<\/b> Tv. Sorocabana, n\u00b040, Centro, Assis-SP<\/p>\n<p>\u00a0<\/p>\n<p><b>Teatro:<\/b> Not\u00edcia pra Embrulhar Peixe<\/p>\n<p><b>Data: <\/b>quinta-feira, 27 de abril<\/p>\n<p><b>Hor\u00e1rio: <\/b>20h<\/p>\n<p><b>Valor:<\/b> gratuito<\/p>\n<p><b>Local: <\/b>Pra\u00e7a da Vila Oper\u00e1ria<\/p>\n<p><b>Endere\u00e7o:<\/b> R. Sebasti\u00e3o Francisco Silva, 19 &#8211; Jardim S\u00e3o Francisco, Presidente Prudente-SP<\/p>\n<p>\u00a0<\/p>\n<p><b>Teatro:<\/b> Quixotes<\/p>\n<p><b>Data: <\/b>sexta-feira, 28 de abril<\/p>\n<p><b>Hor\u00e1rio: <\/b>20h<\/p>\n<p><b>Valor:<\/b> gratuito<\/p>\n<p><b>Local:<\/b> Galp\u00e3o da Lua<\/p>\n<p><b>Endere\u00e7o:<\/b> Rua J\u00falio Tiezzi, 13, Centro, Presidente Prudente-SP<\/p>\n<p><b>#cultura #teatro #circo #litoralnorte #circonavegador #literatura #educacao #hiphop #cinema #Proac2022 #circonavegador25anos #espa\u00e7oculturalcirconavegador<\/b><\/p>\t\t\t\t\t\t\t\t<\/div>\n\t\t\t\t<\/div>\n\t\t\t\t\t<\/div>\n\t\t<\/div>\n\t\t\t\t<div class=\"elementor-column elementor-col-33 elementor-top-column elementor-element elementor-element-c5cd1a2\" data-id=\"c5cd1a2\" data-element_type=\"column\" data-e-type=\"column\">\n\t\t\t<div class=\"elementor-widget-wrap\">\n\t\t\t\t\t\t\t<\/div>\n\t\t<\/div>\n\t\t\t\t\t<\/div>\n\t\t<\/section>\n\t\t\t\t<\/div>\n\t\t","protected":false},"excerpt":{"rendered":"<p>A programa\u00e7\u00e3o conta com lan\u00e7amento do livro de 25 anos, cinema, encontro com educadores, shows de hip hop e circula\u00e7\u00e3o de novo espet\u00e1culo&nbsp; Eventos em S\u00e3o Sebasti\u00e3o, Ubatuba e Caraguatatuba marcam o lan\u00e7amento do livro, que conta toda a hist\u00f3ria do grupo. O Circo Navegador, grupo que comemora 25 anos de hist\u00f3ria em 2023 e mant\u00e9m um Espa\u00e7o Cultural em S\u00e3o Sebasti\u00e3o (SP), anuncia a sua programa\u00e7\u00e3o de abril, que conta com cinema, encontro com educadores, show de hip hop e apresenta\u00e7\u00f5es do seu mais novo espet\u00e1culo, Boa Noite, que circular\u00e1 por diversas cidades do estado e tamb\u00e9m por comunidades quilombolas e ind\u00edgenas do Litoral Norte de S\u00e3o Paulo. Al\u00e9m disso, o grupo lan\u00e7a o livro que comemora os seus 25 anos, com eventos em S\u00e3o Sebasti\u00e3o, Caraguatatuba e Ubatuba. Lan\u00e7amento do livro de 25 anos O grupo Circo Navegador est\u00e1 lan\u00e7ando o livro, que comemora os seus 25 anos de exist\u00eancia, e foi escrito pelo Prof. Dr. Alexandre Mate. Quem se interessar em adquirir o livro pode acessar a campanha de financiamento coletivo na plataforma Apoia.se pelo link. O projeto foi premiado pelo Programa de A\u00e7\u00e3o Cultural do Governo do Estado de S\u00e3o Paulo (Proac). A publica\u00e7\u00e3o conta toda a trajet\u00f3ria do grupo, com depoimentos de pessoas importantes para a consolida\u00e7\u00e3o do Circo Navegador, e revela suas contribui\u00e7\u00f5es para o setor cultural, em especial no Litoral Norte paulista.&nbsp; A programa\u00e7\u00e3o de lan\u00e7amentos do livro come\u00e7a no dia 1\u00ba de abril, \u00e0s 17h, no Espa\u00e7o Cultural Circo Navegador, em S\u00e3o Sebasti\u00e3o, data em que estreia o novo espet\u00e1culo do grupo, Boa Noite. No dia 06\/04, \u00e0s 20h, o lan\u00e7amento acontece em Ubatuba, no Teatro Municipal de Ubatuba (Pra\u00e7a Exalta\u00e7\u00e3o \u00e0, R. Santa Cruz &#8211; Centro, Ubatuba). E no dia 16\/04, \u00e0s 19h, acontece o evento em Caraguatatuba, na Biblioteca Municipal Afonso Schmidt (R. Santa Cruz, 496 &#8211; Centro), que fica junto \u00e0 sede da Funda\u00e7\u00e3o Educacional e Cultural de Caraguatatuba (Fundacc).&nbsp; Cinema para crian\u00e7as e adultos A programa\u00e7\u00e3o de cinema do Circo Navegador est\u00e1 bastante recheada neste m\u00eas de abril, iniciando com a exibi\u00e7\u00e3o da anima\u00e7\u00e3o Perlimps, no dia 02\/04 \u00e0s 17h. O filme tem dire\u00e7\u00e3o e roteiro assinados por Al\u00ea Abreu, que foi indicado ao Oscar de melhor longa de anima\u00e7\u00e3o em 2016, pelo longa O Menino e o Mundo. Perlimps mostra a jornada de aventura e fantasia de Cla\u00e9 e Bru\u00f4, agentes secretos de reinos rivais. Eles precisam superar suas diferen\u00e7as e unir for\u00e7as para encontrar os Perlimps, criaturas misteriosas capazes de encontrar um caminho para a paz em tempos de guerra. Os ingressos custam R$ 20 e podem ser adquiridos pelo WhatsApp: 12-2101-8249. No dia 13\/04, \u00e0s 20h, ser\u00e1 exibido gratuitamente o document\u00e1rio Chico Rei Entre N\u00f3s. Esta programa\u00e7\u00e3o conta com o apoio do Programa de A\u00e7\u00e3o Cultural do Estado de S\u00e3o Paulo (PROAC), para integrar os estudantes das Escolas para Jovens e Adultos (EJA) nas atividades do Espa\u00e7o Cultural Circo Navegador.&nbsp; O filme tem como ponto de partida a hist\u00f3ria de Chico Rei e explora os ecos da escravid\u00e3o brasileira na vida das pessoas negras nos dias de hoje, entendendo seus desafios e indicando alguns caminhos. Ap\u00f3s um longo trabalho de pesquisa, o document\u00e1rio chegou ao recorte onde o longa investiga quem foi Chico Rei e conta sua hist\u00f3ria de amor \u00e0 sua comunidade. Em busca de entender quem s\u00e3o os \u201cChico Reis\u201d dos dias de hoje, o longa mostra ao espectador o qu\u00e3o emancipador pode ser o sentimento de pertencimento a um coletivo. A dire\u00e7\u00e3o do filme \u00e9 de Joyce Prado. No dia 26\/04 o Circo Navegador recebe a 6\u00aa Mostra Livre de Cinema, um festival internacional de filmes de curta metragem, que acontece em diversas cidades do estado de S\u00e3o Paulo simultaneamente. \u00c0s 15h se inicia a Mostra Infanto-juvenil, com exibi\u00e7\u00e3o de cinco curta-metragens (A Menina e o Mar, The Birds of Jade Rock, Caf\u00e9 Salvador, Conforme e Se Flopar, Nunca Postei). J\u00e1 \u00e0s 20h acontece a Mostra de Cinema Negro, aberta a todos, com cinco filmes produzidos por pessoas negras (Mergulho, Nossos Passos Seguir\u00e3o os Seus, Entre o Passado, Sua Majestade O Passinho e N\u00f3 Na Garganta).&nbsp; O projeto, que conta com a realiza\u00e7\u00e3o do Governo do Estado de S\u00e3o Paulo, por meio da Secretaria de Cultura e Economia Criativa e produ\u00e7\u00e3o da Frame7 Cinema, evidencia a crescente produ\u00e7\u00e3o independente do cinema nacional e internacional, feito na maioria das vezes sem patroc\u00ednios ou uso de verbas p\u00fablicas.&nbsp; Os ingressos gratuitos podem ser adquiridos pelo WhatsApp: 12-2101-8249. Encontros com Educadores sobre os medos na inf\u00e2ncia em S\u00e3o Sebasti\u00e3o No dia 04\/04, \u00e0s 18h, o Espa\u00e7o Cultural Circo Navegador promove o Encontro com Educadores, dentro de seu projeto realizado com as redes de ensino do Litoral Norte. Em meio ao processo de cria\u00e7\u00e3o do espet\u00e1culo Boa Noite, que aborda os medos na inf\u00e2ncia, o Circo Navegador oportunizar\u00e1 um encontro para tratar do tema com os educadores da rede p\u00fablica de S\u00e3o Sebasti\u00e3o, auxiliando assim na cria\u00e7\u00e3o de ferramentas pedag\u00f3gicas a partir da arte. A atividade, contar\u00e1 com a orienta\u00e7\u00e3o da psic\u00f3loga Daniella Ferreira Pulgiesi, formada pela PUC S\u00e3o Paulo e p\u00f3s-graduada pela Faculdade de Sa\u00fade P\u00fablica da Universidade de S\u00e3o Paulo (FSP USP) que j\u00e1 atua na \u00e1rea educacional. Show de hip hop Pioneiro do movimento hip hop em S\u00e3o Sebasti\u00e3o, o DJ Pipoo faz show no Espa\u00e7o Cultural Circo Navegador no dia 09\/04 \u00e0s 19h. Na cena desde 1984, o artista trabalhou nas principais casas noturnas do Litoral Norte e regi\u00e3o do Vale do Para\u00edba, e hoje traz na sua discotecagem elementos do rap, trap, boom bap, break beat e scratches. Atualmente integra os projetos Vinil na pra\u00e7a e Power Brazucas, de Ilhabela, resgatando m\u00fasicas da cultura brasileira e mesclando com beats e diversos ritmos. A entrada \u00e9 gratuita.&nbsp; A convidada Ruty Helen se dedica \u00e0 carreira solo no hip hop desde 2018, quando lan\u00e7ou o single Sou Eu, produzido pelo Cabine 808, consolidando seu status de compositora. Em 2019 ela lan\u00e7a Sereno, que fala sobre como enfrentou seus problemas, como mulher preta,<\/p>\n","protected":false},"author":1,"featured_media":2534,"comment_status":"open","ping_status":"open","sticky":false,"template":"","format":"standard","meta":{"_eb_attr":"","_EventAllDay":false,"_EventTimezone":"","_EventStartDate":"","_EventEndDate":"","_EventStartDateUTC":"","_EventEndDateUTC":"","_EventShowMap":false,"_EventShowMapLink":false,"_EventURL":"","_EventCost":"","_EventCostDescription":"","_EventCurrencySymbol":"","_EventCurrencyCode":"","_EventCurrencyPosition":"","_EventDateTimeSeparator":"","_EventTimeRangeSeparator":"","_EventOrganizerID":[],"_EventVenueID":[],"_OrganizerEmail":"","_OrganizerPhone":"","_OrganizerWebsite":"","_VenueAddress":"","_VenueCity":"","_VenueCountry":"","_VenueProvince":"","_VenueState":"","_VenueZip":"","_VenuePhone":"","_VenueURL":"","_VenueStateProvince":"","_VenueLat":"","_VenueLng":"","_VenueShowMap":false,"_VenueShowMapLink":false,"ocean_post_layout":"","ocean_both_sidebars_style":"","ocean_both_sidebars_content_width":0,"ocean_both_sidebars_sidebars_width":0,"ocean_sidebar":"0","ocean_second_sidebar":"0","ocean_disable_margins":"enable","ocean_add_body_class":"","ocean_shortcode_before_top_bar":"","ocean_shortcode_after_top_bar":"","ocean_shortcode_before_header":"","ocean_shortcode_after_header":"","ocean_has_shortcode":"","ocean_shortcode_after_title":"","ocean_shortcode_before_footer_widgets":"","ocean_shortcode_after_footer_widgets":"","ocean_shortcode_before_footer_bottom":"","ocean_shortcode_after_footer_bottom":"","ocean_display_top_bar":"default","ocean_display_header":"default","ocean_header_style":"","ocean_center_header_left_menu":"0","ocean_custom_header_template":"0","ocean_custom_logo":0,"ocean_custom_retina_logo":0,"ocean_custom_logo_max_width":0,"ocean_custom_logo_tablet_max_width":0,"ocean_custom_logo_mobile_max_width":0,"ocean_custom_logo_max_height":0,"ocean_custom_logo_tablet_max_height":0,"ocean_custom_logo_mobile_max_height":0,"ocean_header_custom_menu":"0","ocean_menu_typo_font_family":"0","ocean_menu_typo_font_subset":"","ocean_menu_typo_font_size":0,"ocean_menu_typo_font_size_tablet":0,"ocean_menu_typo_font_size_mobile":0,"ocean_menu_typo_font_size_unit":"px","ocean_menu_typo_font_weight":"","ocean_menu_typo_font_weight_tablet":"","ocean_menu_typo_font_weight_mobile":"","ocean_menu_typo_transform":"","ocean_menu_typo_transform_tablet":"","ocean_menu_typo_transform_mobile":"","ocean_menu_typo_line_height":0,"ocean_menu_typo_line_height_tablet":0,"ocean_menu_typo_line_height_mobile":0,"ocean_menu_typo_line_height_unit":"","ocean_menu_typo_spacing":0,"ocean_menu_typo_spacing_tablet":0,"ocean_menu_typo_spacing_mobile":0,"ocean_menu_typo_spacing_unit":"","ocean_menu_link_color":"","ocean_menu_link_color_hover":"","ocean_menu_link_color_active":"","ocean_menu_link_background":"","ocean_menu_link_hover_background":"","ocean_menu_link_active_background":"","ocean_menu_social_links_bg":"","ocean_menu_social_hover_links_bg":"","ocean_menu_social_links_color":"","ocean_menu_social_hover_links_color":"","ocean_disable_title":"default","ocean_disable_heading":"default","ocean_post_title":"","ocean_post_subheading":"","ocean_post_title_style":"","ocean_post_title_background_color":"","ocean_post_title_background":0,"ocean_post_title_bg_image_position":"","ocean_post_title_bg_image_attachment":"","ocean_post_title_bg_image_repeat":"","ocean_post_title_bg_image_size":"","ocean_post_title_height":0,"ocean_post_title_bg_overlay":0.5,"ocean_post_title_bg_overlay_color":"","ocean_disable_breadcrumbs":"default","ocean_breadcrumbs_color":"","ocean_breadcrumbs_separator_color":"","ocean_breadcrumbs_links_color":"","ocean_breadcrumbs_links_hover_color":"","ocean_display_footer_widgets":"default","ocean_display_footer_bottom":"default","ocean_custom_footer_template":"0","ocean_post_oembed":"","ocean_post_self_hosted_media":"","ocean_post_video_embed":"","ocean_link_format":"","ocean_link_format_target":"self","ocean_quote_format":"","ocean_quote_format_link":"post","ocean_gallery_link_images":"off","ocean_gallery_id":[],"footnotes":""},"categories":[2],"tags":[],"class_list":["post-2533","post","type-post","status-publish","format-standard","has-post-thumbnail","hentry","category-noticias","entry","has-media"],"aioseo_notices":[],"jetpack_featured_media_url":"https:\/\/circonavegador.com.br\/wp-content\/uploads\/2023\/03\/anuncio_abril.jpg","_links":{"self":[{"href":"https:\/\/circonavegador.com.br\/index.php?rest_route=\/wp\/v2\/posts\/2533","targetHints":{"allow":["GET"]}}],"collection":[{"href":"https:\/\/circonavegador.com.br\/index.php?rest_route=\/wp\/v2\/posts"}],"about":[{"href":"https:\/\/circonavegador.com.br\/index.php?rest_route=\/wp\/v2\/types\/post"}],"author":[{"embeddable":true,"href":"https:\/\/circonavegador.com.br\/index.php?rest_route=\/wp\/v2\/users\/1"}],"replies":[{"embeddable":true,"href":"https:\/\/circonavegador.com.br\/index.php?rest_route=%2Fwp%2Fv2%2Fcomments&post=2533"}],"version-history":[{"count":0,"href":"https:\/\/circonavegador.com.br\/index.php?rest_route=\/wp\/v2\/posts\/2533\/revisions"}],"wp:featuredmedia":[{"embeddable":true,"href":"https:\/\/circonavegador.com.br\/index.php?rest_route=\/wp\/v2\/media\/2534"}],"wp:attachment":[{"href":"https:\/\/circonavegador.com.br\/index.php?rest_route=%2Fwp%2Fv2%2Fmedia&parent=2533"}],"wp:term":[{"taxonomy":"category","embeddable":true,"href":"https:\/\/circonavegador.com.br\/index.php?rest_route=%2Fwp%2Fv2%2Fcategories&post=2533"},{"taxonomy":"post_tag","embeddable":true,"href":"https:\/\/circonavegador.com.br\/index.php?rest_route=%2Fwp%2Fv2%2Ftags&post=2533"}],"curies":[{"name":"wp","href":"https:\/\/api.w.org\/{rel}","templated":true}]}}