{"id":2527,"date":"2023-03-14T10:00:42","date_gmt":"2023-03-14T13:00:42","guid":{"rendered":"https:\/\/circonavegador.com.br\/?p=2527"},"modified":"2023-03-14T10:25:13","modified_gmt":"2023-03-14T13:25:13","slug":"saiu-a-lista-de-selecionades-para-as-oficinas","status":"publish","type":"post","link":"https:\/\/circonavegador.com.br\/?p=2527","title":{"rendered":"Saiu a lista de selecionades para as Oficinas"},"content":{"rendered":"\n<p>Recebemos um grande n\u00famero de inscri\u00e7\u00f5es e foi necess\u00e1rio fazer a sele\u00e7\u00e3o dos participantes.<\/p>\n\n\n\n<p>Gostar\u00edamos que soubessem que todes s\u00e3o muito bem vindes nas nossas a\u00e7\u00f5es.<\/p>\n\n\n\n<p>Confira se o seu nome est\u00e1 na lista e envie uma mensagem para 12 &#8211; 21018249 (ou clique <a href=\"http:\/\/wa.me\/551221018249\" title=\"\">aqui<\/a>)<\/p>\n\n\n\n<p>Se tiver interesse de acompanhar as pr\u00f3ximas atividades:<\/p>\n\n\n\n<p>&#8211; Inscreva-se no canal Circo Navegador no Youtube<\/p>\n\n\n\n<p>&#8211; Curta a p\u00e1gina Circo Navegador no Facebook<\/p>\n\n\n\n<p>&#8211; Siga o Circo Navegador no Instagram.<\/p>\n\n\n\n<p><\/p>\n\n\n\n<p>\u00c9 recomend\u00e1vel:<\/p>\n\n\n\n<ul class=\"wp-block-list\">\n<li>o uso de roupas flex\u00edveis<\/li>\n\n\n\n<li>Trazer garrafinha de \u00e1gua<\/li>\n<\/ul>\n\n\n\n<p><em>Local: Espa\u00e7o Cultural Circo Navegador &#8211; Rua Prefeito Mansueto Pierotti, 826 &#8211; Vila Am\u00e9lia &#8211; S\u00e3o Sebasti\u00e3o &#8211; SP<\/em><\/p>\n\n\n\n<p><strong>OFICINA DE M\u00cdMICA<\/strong><\/p>\n\n\n\n<p><strong><em>Datas: 16, 23 e 30\/03\u00a0 (quintas-feiras)<\/em><\/strong><\/p>\n\n\n\n<p><em><strong>Hor\u00e1rio: 19 \u00e0s 21 horas (cheguem com 15 minutos de anteced\u00eancia)<\/strong><\/em><\/p>\n\n\n\n<p>Lista de participantes selecionados:<\/p>\n\n\n\n<ol class=\"wp-block-list\">\n<li>Andr\u00e9 Moraes&nbsp;<\/li>\n\n\n\n<li>Bruna Costa Almeida<\/li>\n\n\n\n<li>Caroline Pelais Farias<\/li>\n\n\n\n<li>Cl\u00f3vis Cordeiro de Moraes Junior<\/li>\n\n\n\n<li>Elizabeth dos Santos.<\/li>\n\n\n\n<li>Houston Charles batista<\/li>\n\n\n\n<li>Juliana Da Silva Carlos<\/li>\n\n\n\n<li>Laudelina Pinheiro<\/li>\n\n\n\n<li>Lorena Esperidi\u00e3o Almeida Santos<\/li>\n\n\n\n<li>Luciano Jos\u00e9 Draetta Ferreira<\/li>\n\n\n\n<li>Marcia Doin<\/li>\n\n\n\n<li>Rafael dos Santos<\/li>\n\n\n\n<li>Rayssa Cristina de Moraes<\/li>\n\n\n\n<li>Renan Santos Machado<\/li>\n\n\n\n<li>Thauany dos Santos Mesquita<\/li>\n<\/ol>\n\n\n\n<p><\/p>\n\n\n\n<p><strong>OFICINA DE TRILHA SONORA<\/strong><\/p>\n\n\n\n<p><strong><em>Datas: 20\/03 (segunda-feira)<\/em><\/strong><\/p>\n\n\n\n<p><strong><em>Hor\u00e1rio: das 19 \u00e0s 21\u00a0h (cheguem com 15 minutos de anteced\u00eancia)<\/em><\/strong><\/p>\n\n\n\n<p>Lista de participantes selecionados:<\/p>\n\n\n\n<ol class=\"wp-block-list\">\n<li>Alejo Linares<\/li>\n\n\n\n<li>Andr\u00e9 Moraes&nbsp;<\/li>\n\n\n\n<li>Bruna Costa Almeida<\/li>\n\n\n\n<li>Bruna Gon\u00e7alves Borrego<\/li>\n\n\n\n<li>Carolin Evelin Sabar\u00e1&nbsp;<\/li>\n\n\n\n<li>Damiana Maria dos Santos&nbsp;<\/li>\n\n\n\n<li>Deise Miranda Barbosa<\/li>\n\n\n\n<li>Diana Teixeira Miguel<\/li>\n\n\n\n<li>Edilene Aparecida Ramos&nbsp;<\/li>\n\n\n\n<li>Elizabeth dos Santos.<\/li>\n\n\n\n<li>Harlen D. Mendes Vieira&nbsp;<\/li>\n\n\n\n<li>Jo\u00e3o Vitor Onofre dos Santos<\/li>\n\n\n\n<li>Juliana Da Silva Carlos<\/li>\n\n\n\n<li>Katia Silveira Espinosa<\/li>\n\n\n\n<li>Laudelina Pinheiro<\/li>\n\n\n\n<li>Lena Augusto Secco de Freitas&nbsp;<\/li>\n\n\n\n<li>Luciano Jos\u00e9 Draetta Ferreira<\/li>\n\n\n\n<li>Marcia Doin<\/li>\n\n\n\n<li>Mar\u00edlia de Souza Santos<\/li>\n\n\n\n<li>Mayara Rodrigues Ximenes<\/li>\n\n\n\n<li>Patricia Tiemi Takahashi<\/li>\n\n\n\n<li>Paulo S\u00e9rgio Casella Filho<\/li>\n\n\n\n<li>Pedro Gabriel Picolo&nbsp;<\/li>\n\n\n\n<li>Rafael dos Santos<\/li>\n\n\n\n<li>Rayssa Cristina de Moraes<\/li>\n\n\n\n<li>Renan Santos Machado<\/li>\n\n\n\n<li>Renata Brand\u00e3o Muniz&nbsp;<\/li>\n\n\n\n<li>Ricardo S\u00e1 Reston<\/li>\n\n\n\n<li>Talita Machado de Itapema Cardoso&nbsp;<\/li>\n\n\n\n<li>Thauany dos Santos Mesquita<\/li>\n\n\n\n<li>Weliton Alecio Tarelho<\/li>\n<\/ol>\n\n\n\n<p><\/p>\n\n\n\n<p><strong>OFICINA DE PALHA\u00c7O<\/strong><\/p>\n\n\n\n<p><em><strong>Datas: 21 e 28\/03 (ter\u00e7as-feiras)<\/strong><\/em><\/p>\n\n\n\n<p><strong><em>Hor\u00e1rio: 19 \u00e0s 21 horas (cheguem com 15 minutos de anteced\u00eancia)<\/em><\/strong><\/p>\n\n\n\n<p>Lista de participantes selecionados:<\/p>\n\n\n\n<ol class=\"wp-block-list\">\n<li>Alejo Linares<\/li>\n\n\n\n<li>Ana Caroline Melo Lobo<\/li>\n\n\n\n<li>Andr\u00e9 Moraes<\/li>\n\n\n\n<li>Barbara regina bertoni letta<\/li>\n\n\n\n<li>Bruna Costa Almeida<\/li>\n\n\n\n<li>Cleber da Silva Pereira<\/li>\n\n\n\n<li>Cl\u00f3vis Cordeiro de Moraes Junior<\/li>\n\n\n\n<li>Daniel Proen\u00e7a bezerra<\/li>\n\n\n\n<li>Elizabeth dos Santos.<\/li>\n\n\n\n<li>Giulia Deltreggia Sartori<\/li>\n\n\n\n<li>Iassiene Fida Rossi Hernandez Veiga<\/li>\n\n\n\n<li>Jo\u00e3o Fonseca Neto<\/li>\n\n\n\n<li>Laudelina Pinheiro<\/li>\n\n\n\n<li>Lorena Esperidi\u00e3o Almeida Santos<\/li>\n\n\n\n<li>Marcia Doin<\/li>\n\n\n\n<li>Mariana Assis<\/li>\n\n\n\n<li>Mariana de Ara\u00fajo Lopes<\/li>\n\n\n\n<li>Rachel Mugayar<\/li>\n\n\n\n<li>Rafael dos Santos<\/li>\n\n\n\n<li>Rayssa Cristina De Moraes<\/li>\n\n\n\n<li>Renan Santos Machado<\/li>\n\n\n\n<li>Roberta Fonseca Gon\u00e7alves<\/li>\n\n\n\n<li>Thauany dos Santos Mesquita<\/li>\n<\/ol>\n\n\n\n<p><\/p>\n\n\n\n<p><strong>OFICINA DE CENOGRAFIA<\/strong><\/p>\n\n\n\n<p><em><strong>Datas: 24\/03 (sexta-feira)<\/strong><\/em><\/p>\n\n\n\n<p><em><strong>Hor\u00e1rio: das 19 \u00e0s 21horas (cheguem com 15 minutos de anteced\u00eancia)<\/strong><\/em><\/p>\n\n\n\n<p>Lista de participantes selecionados:<\/p>\n\n\n\n<ol class=\"wp-block-list\">\n<li>Alejo Linares<\/li>\n\n\n\n<li>Andr\u00e9 Moraes&nbsp;<\/li>\n\n\n\n<li>Brenda Caroliny Melo da Silva&nbsp;<\/li>\n\n\n\n<li>Bruna Gon\u00e7alves Borrego<\/li>\n\n\n\n<li>Carolin Evelin Sabar\u00e1&nbsp;<\/li>\n\n\n\n<li>Damiana Maria dos Santos&nbsp;<\/li>\n\n\n\n<li>D\u00e9bora Cubateli Redivo<\/li>\n\n\n\n<li>Deise Miranda Barbosa<\/li>\n\n\n\n<li>Diana Teixeira Miguel<\/li>\n\n\n\n<li>Edilene Aparecida Ramos&nbsp;<\/li>\n\n\n\n<li>Elizabeth dos Santos.<\/li>\n\n\n\n<li>Gabriela Buzzo Merhi<\/li>\n\n\n\n<li>Harlen D. Mendes Vieira<\/li>\n\n\n\n<li>Hayla Noele Barbosa Lima<\/li>\n\n\n\n<li>Isabella Barreto de Souza<\/li>\n\n\n\n<li>Katia Silveira Espinosa<\/li>\n\n\n\n<li>Laudelina Pinheiro<\/li>\n\n\n\n<li>Lena Augusto Secco de Freitas&nbsp;<\/li>\n\n\n\n<li>Luciano Jos\u00e9 Draetta Ferreira<\/li>\n\n\n\n<li>Marcia Doin<\/li>\n\n\n\n<li>Mar\u00edlia de Souza Santos<\/li>\n\n\n\n<li>Mayara Rodrigues Ximenes<\/li>\n\n\n\n<li>Patricia Tiemi Takahashi<\/li>\n\n\n\n<li>Paulo S\u00e9rgio Casella Filho<\/li>\n\n\n\n<li>Rayssa Cristina de Moraes<\/li>\n\n\n\n<li>Renan Santos Machado<\/li>\n\n\n\n<li>Renata Brand\u00e3o Muniz&nbsp;<\/li>\n\n\n\n<li>Shirley Cunha Leite&nbsp;<\/li>\n\n\n\n<li>Talita Machado de Itapema Cardoso&nbsp;<\/li>\n\n\n\n<li>Thauany dos Santos Mesquita<\/li>\n\n\n\n<li>Weliton Alecio Tarelho<\/li>\n<\/ol>\n","protected":false},"excerpt":{"rendered":"<p>Recebemos um grande n\u00famero de inscri\u00e7\u00f5es e foi necess\u00e1rio fazer a sele\u00e7\u00e3o dos participantes. Gostar\u00edamos que soubessem que todes s\u00e3o muito bem vindes nas nossas a\u00e7\u00f5es. Confira se o seu nome est\u00e1 na lista e envie uma mensagem para 12 &#8211; 21018249 (ou clique aqui) Se tiver interesse de acompanhar as pr\u00f3ximas atividades: &#8211; Inscreva-se no canal Circo Navegador no Youtube &#8211; Curta a p\u00e1gina Circo Navegador no Facebook &#8211; Siga o Circo Navegador no Instagram. \u00c9 recomend\u00e1vel: Local: Espa\u00e7o Cultural Circo Navegador &#8211; Rua Prefeito Mansueto Pierotti, 826 &#8211; Vila Am\u00e9lia &#8211; S\u00e3o Sebasti\u00e3o &#8211; SP OFICINA DE M\u00cdMICA Datas: 16, 23 e 30\/03\u00a0 (quintas-feiras) Hor\u00e1rio: 19 \u00e0s 21 horas (cheguem com 15 minutos de anteced\u00eancia) Lista de participantes selecionados: OFICINA DE TRILHA SONORA Datas: 20\/03 (segunda-feira) Hor\u00e1rio: das 19 \u00e0s 21\u00a0h (cheguem com 15 minutos de anteced\u00eancia) Lista de participantes selecionados: OFICINA DE PALHA\u00c7O Datas: 21 e 28\/03 (ter\u00e7as-feiras) Hor\u00e1rio: 19 \u00e0s 21 horas (cheguem com 15 minutos de anteced\u00eancia) Lista de participantes selecionados: OFICINA DE CENOGRAFIA Datas: 24\/03 (sexta-feira) Hor\u00e1rio: das 19 \u00e0s 21horas (cheguem com 15 minutos de anteced\u00eancia) Lista de participantes selecionados:<\/p>\n","protected":false},"author":1,"featured_media":2528,"comment_status":"open","ping_status":"open","sticky":false,"template":"","format":"standard","meta":{"_eb_attr":"","_EventAllDay":false,"_EventTimezone":"","_EventStartDate":"","_EventEndDate":"","_EventStartDateUTC":"","_EventEndDateUTC":"","_EventShowMap":false,"_EventShowMapLink":false,"_EventURL":"","_EventCost":"","_EventCostDescription":"","_EventCurrencySymbol":"","_EventCurrencyCode":"","_EventCurrencyPosition":"","_EventDateTimeSeparator":"","_EventTimeRangeSeparator":"","_EventOrganizerID":[],"_EventVenueID":[],"_OrganizerEmail":"","_OrganizerPhone":"","_OrganizerWebsite":"","_VenueAddress":"","_VenueCity":"","_VenueCountry":"","_VenueProvince":"","_VenueState":"","_VenueZip":"","_VenuePhone":"","_VenueURL":"","_VenueStateProvince":"","_VenueLat":"","_VenueLng":"","_VenueShowMap":false,"_VenueShowMapLink":false,"ocean_post_layout":"","ocean_both_sidebars_style":"","ocean_both_sidebars_content_width":0,"ocean_both_sidebars_sidebars_width":0,"ocean_sidebar":"0","ocean_second_sidebar":"0","ocean_disable_margins":"enable","ocean_add_body_class":"","ocean_shortcode_before_top_bar":"","ocean_shortcode_after_top_bar":"","ocean_shortcode_before_header":"","ocean_shortcode_after_header":"","ocean_has_shortcode":"","ocean_shortcode_after_title":"","ocean_shortcode_before_footer_widgets":"","ocean_shortcode_after_footer_widgets":"","ocean_shortcode_before_footer_bottom":"","ocean_shortcode_after_footer_bottom":"","ocean_display_top_bar":"default","ocean_display_header":"default","ocean_header_style":"","ocean_center_header_left_menu":"0","ocean_custom_header_template":"0","ocean_custom_logo":0,"ocean_custom_retina_logo":0,"ocean_custom_logo_max_width":0,"ocean_custom_logo_tablet_max_width":0,"ocean_custom_logo_mobile_max_width":0,"ocean_custom_logo_max_height":0,"ocean_custom_logo_tablet_max_height":0,"ocean_custom_logo_mobile_max_height":0,"ocean_header_custom_menu":"0","ocean_menu_typo_font_family":"0","ocean_menu_typo_font_subset":"","ocean_menu_typo_font_size":0,"ocean_menu_typo_font_size_tablet":0,"ocean_menu_typo_font_size_mobile":0,"ocean_menu_typo_font_size_unit":"px","ocean_menu_typo_font_weight":"","ocean_menu_typo_font_weight_tablet":"","ocean_menu_typo_font_weight_mobile":"","ocean_menu_typo_transform":"","ocean_menu_typo_transform_tablet":"","ocean_menu_typo_transform_mobile":"","ocean_menu_typo_line_height":0,"ocean_menu_typo_line_height_tablet":0,"ocean_menu_typo_line_height_mobile":0,"ocean_menu_typo_line_height_unit":"","ocean_menu_typo_spacing":0,"ocean_menu_typo_spacing_tablet":0,"ocean_menu_typo_spacing_mobile":0,"ocean_menu_typo_spacing_unit":"","ocean_menu_link_color":"","ocean_menu_link_color_hover":"","ocean_menu_link_color_active":"","ocean_menu_link_background":"","ocean_menu_link_hover_background":"","ocean_menu_link_active_background":"","ocean_menu_social_links_bg":"","ocean_menu_social_hover_links_bg":"","ocean_menu_social_links_color":"","ocean_menu_social_hover_links_color":"","ocean_disable_title":"default","ocean_disable_heading":"default","ocean_post_title":"","ocean_post_subheading":"","ocean_post_title_style":"","ocean_post_title_background_color":"","ocean_post_title_background":0,"ocean_post_title_bg_image_position":"","ocean_post_title_bg_image_attachment":"","ocean_post_title_bg_image_repeat":"","ocean_post_title_bg_image_size":"","ocean_post_title_height":0,"ocean_post_title_bg_overlay":0.5,"ocean_post_title_bg_overlay_color":"","ocean_disable_breadcrumbs":"default","ocean_breadcrumbs_color":"","ocean_breadcrumbs_separator_color":"","ocean_breadcrumbs_links_color":"","ocean_breadcrumbs_links_hover_color":"","ocean_display_footer_widgets":"default","ocean_display_footer_bottom":"default","ocean_custom_footer_template":"0","ocean_post_oembed":"","ocean_post_self_hosted_media":"","ocean_post_video_embed":"","ocean_link_format":"","ocean_link_format_target":"self","ocean_quote_format":"","ocean_quote_format_link":"post","ocean_gallery_link_images":"off","ocean_gallery_id":[],"footnotes":""},"categories":[2],"tags":[],"class_list":["post-2527","post","type-post","status-publish","format-standard","has-post-thumbnail","hentry","category-noticias","entry","has-media"],"aioseo_notices":[],"jetpack_featured_media_url":"https:\/\/circonavegador.com.br\/wp-content\/uploads\/2023\/03\/capa_site.jpg","_links":{"self":[{"href":"https:\/\/circonavegador.com.br\/index.php?rest_route=\/wp\/v2\/posts\/2527","targetHints":{"allow":["GET"]}}],"collection":[{"href":"https:\/\/circonavegador.com.br\/index.php?rest_route=\/wp\/v2\/posts"}],"about":[{"href":"https:\/\/circonavegador.com.br\/index.php?rest_route=\/wp\/v2\/types\/post"}],"author":[{"embeddable":true,"href":"https:\/\/circonavegador.com.br\/index.php?rest_route=\/wp\/v2\/users\/1"}],"replies":[{"embeddable":true,"href":"https:\/\/circonavegador.com.br\/index.php?rest_route=%2Fwp%2Fv2%2Fcomments&post=2527"}],"version-history":[{"count":0,"href":"https:\/\/circonavegador.com.br\/index.php?rest_route=\/wp\/v2\/posts\/2527\/revisions"}],"wp:featuredmedia":[{"embeddable":true,"href":"https:\/\/circonavegador.com.br\/index.php?rest_route=\/wp\/v2\/media\/2528"}],"wp:attachment":[{"href":"https:\/\/circonavegador.com.br\/index.php?rest_route=%2Fwp%2Fv2%2Fmedia&parent=2527"}],"wp:term":[{"taxonomy":"category","embeddable":true,"href":"https:\/\/circonavegador.com.br\/index.php?rest_route=%2Fwp%2Fv2%2Fcategories&post=2527"},{"taxonomy":"post_tag","embeddable":true,"href":"https:\/\/circonavegador.com.br\/index.php?rest_route=%2Fwp%2Fv2%2Ftags&post=2527"}],"curies":[{"name":"wp","href":"https:\/\/api.w.org\/{rel}","templated":true}]}}