{"id":2385,"date":"2023-03-04T11:51:03","date_gmt":"2023-03-04T14:51:03","guid":{"rendered":"https:\/\/circonavegador.com.br\/?p=2385"},"modified":"2023-03-04T12:07:42","modified_gmt":"2023-03-04T15:07:42","slug":"circo-navegador-anuncia-programacao-de-marco","status":"publish","type":"post","link":"https:\/\/circonavegador.com.br\/?p=2385","title":{"rendered":"Circo Navegador anuncia programa\u00e7\u00e3o de mar\u00e7o"},"content":{"rendered":"\t\t<div data-elementor-type=\"wp-post\" data-elementor-id=\"2385\" class=\"elementor elementor-2385\">\n\t\t\t\t\t\t<section class=\"elementor-section elementor-top-section elementor-element elementor-element-47b318fa elementor-section-boxed elementor-section-height-default elementor-section-height-default wpr-particle-no wpr-jarallax-no wpr-parallax-no wpr-sticky-section-no\" data-id=\"47b318fa\" data-element_type=\"section\" data-e-type=\"section\">\n\t\t\t\t\t\t<div class=\"elementor-container elementor-column-gap-default\">\n\t\t\t\t\t<div class=\"elementor-column elementor-col-33 elementor-top-column elementor-element elementor-element-1db9678\" data-id=\"1db9678\" data-element_type=\"column\" data-e-type=\"column\">\n\t\t\t<div class=\"elementor-widget-wrap\">\n\t\t\t\t\t\t\t<\/div>\n\t\t<\/div>\n\t\t\t\t<div class=\"elementor-column elementor-col-33 elementor-top-column elementor-element elementor-element-66eea2e2\" data-id=\"66eea2e2\" data-element_type=\"column\" data-e-type=\"column\">\n\t\t\t<div class=\"elementor-widget-wrap elementor-element-populated\">\n\t\t\t\t\t\t<div class=\"elementor-element elementor-element-a9d640d elementor-widget elementor-widget-spacer\" data-id=\"a9d640d\" data-element_type=\"widget\" data-e-type=\"widget\" data-widget_type=\"spacer.default\">\n\t\t\t\t<div class=\"elementor-widget-container\">\n\t\t\t\t\t\t\t<div class=\"elementor-spacer\">\n\t\t\t<div class=\"elementor-spacer-inner\"><\/div>\n\t\t<\/div>\n\t\t\t\t\t\t<\/div>\n\t\t\t\t<\/div>\n\t\t\t\t<div class=\"elementor-element elementor-element-490ea869 elementor-widget elementor-widget-text-editor\" data-id=\"490ea869\" data-element_type=\"widget\" data-e-type=\"widget\" data-widget_type=\"text-editor.default\">\n\t\t\t\t<div class=\"elementor-widget-container\">\n\t\t\t\t\t\t\t\t\t\n<p><strong>Com show de m\u00fasica brasileira e hip hop, apresenta\u00e7\u00e3o de pe\u00e7as do repert\u00f3rio, oficinas e cinema<\/strong><\/p>\n\t\t\t\t\t\t\t\t<\/div>\n\t\t\t\t<\/div>\n\t\t\t\t\t<\/div>\n\t\t<\/div>\n\t\t\t\t<div class=\"elementor-column elementor-col-33 elementor-top-column elementor-element elementor-element-e4921ef\" data-id=\"e4921ef\" data-element_type=\"column\" data-e-type=\"column\">\n\t\t\t<div class=\"elementor-widget-wrap\">\n\t\t\t\t\t\t\t<\/div>\n\t\t<\/div>\n\t\t\t\t\t<\/div>\n\t\t<\/section>\n\t\t\t\t<section class=\"elementor-section elementor-top-section elementor-element elementor-element-e5c8625 elementor-section-boxed elementor-section-height-default elementor-section-height-default wpr-particle-no wpr-jarallax-no wpr-parallax-no wpr-sticky-section-no\" data-id=\"e5c8625\" data-element_type=\"section\" data-e-type=\"section\">\n\t\t\t\t\t\t<div class=\"elementor-container elementor-column-gap-default\">\n\t\t\t\t\t<div class=\"elementor-column elementor-col-25 elementor-top-column elementor-element elementor-element-82ec7ea\" data-id=\"82ec7ea\" data-element_type=\"column\" data-e-type=\"column\">\n\t\t\t<div class=\"elementor-widget-wrap\">\n\t\t\t\t\t\t\t<\/div>\n\t\t<\/div>\n\t\t\t\t<div class=\"elementor-column elementor-col-25 elementor-top-column elementor-element elementor-element-8c19439\" data-id=\"8c19439\" data-element_type=\"column\" data-e-type=\"column\">\n\t\t\t<div class=\"elementor-widget-wrap elementor-element-populated\">\n\t\t\t\t\t\t<div class=\"elementor-element elementor-element-d382e20 elementor-widget elementor-widget-text-editor\" data-id=\"d382e20\" data-element_type=\"widget\" data-e-type=\"widget\" data-widget_type=\"text-editor.default\">\n\t\t\t\t<div class=\"elementor-widget-container\">\n\t\t\t\t\t\t\t\t\t<p><i>Grupo est\u00e1 com campanha de financiamento coletivo para auxiliar na produ\u00e7\u00e3o, edi\u00e7\u00e3o e distribui\u00e7\u00e3o do livro que comemora seus 25 anos<\/i><\/p>\t\t\t\t\t\t\t\t<\/div>\n\t\t\t\t<\/div>\n\t\t\t\t<div class=\"elementor-element elementor-element-94b7874 elementor-widget elementor-widget-text-editor\" data-id=\"94b7874\" data-element_type=\"widget\" data-e-type=\"widget\" data-widget_type=\"text-editor.default\">\n\t\t\t\t<div class=\"elementor-widget-container\">\n\t\t\t\t\t\t\t\t\t<p>O grupo Circo Navegador est\u00e1 comemorando 25 anos, e a programa\u00e7\u00e3o do seu espa\u00e7o cultural, em S\u00e3o Sebasti\u00e3o (SP), conta com cinema, teatro, circo, shows de m\u00fasica brasileira, hip hop e oficinas. As artes tamb\u00e9m ser\u00e3o ferramenta pedag\u00f3gica nos encontros com educadores da rede p\u00fablica de ensino. Para quem quiser apoiar o grupo na publica\u00e7\u00e3o do livro comemorativo de 25 anos est\u00e1 aberta uma campanha de financiamento coletivo, para auxiliar na produ\u00e7\u00e3o, edi\u00e7\u00e3o e distribui\u00e7\u00e3o do livro, escrito pelo Prof. Dr. Alexandre Mate. Para ajudar, \u00e9 s\u00f3 clicar <a href=\"https:\/\/apoia.se\/livro25anos\">neste link<\/a>.\u00a0<\/p>\n<p>Al\u00e9m das atra\u00e7\u00f5es programadas para o m\u00eas, o Circo Navegador est\u00e1 ativamente auxiliando nos trabalhos de aux\u00edlio \u00e0s v\u00edtimas das chuvas que causaram diversos transtornos e trag\u00e9dias em S\u00e3o Sebasti\u00e3o. Junto do projeto Palha\u00e7os Sem Fronteiras, o grupo percorrer\u00e1 os locais mais afetados, para entender a demanda por trabalhos art\u00edsticos e sociais, para tentar amenizar a dor das pessoas que perderam seus lares, familiares e amigos.<\/p>\n<p>Neste m\u00eas de mar\u00e7o o Circo Navegador ir\u00e1 viajar apresentando pe\u00e7as de seu repert\u00f3rio. Os artistas participam do Festival Cirku\u00e1, que ser\u00e1 realizado em Visconde do Mau\u00e1 (RJ), nos dias 10, 11 e 12\/03. Al\u00e9m disso, o grupo se apresentar\u00e1 em cidades do Vale do Para\u00edba (Cachoeira Paulista, Canas e Lorena).\u00a0<\/p>\n<p>\u00a0<\/p>\n<p><b>Encontros com Educadores sobre os medos na inf\u00e2ncia em Ilhabela<\/b><\/p>\n<p>No dia 07\/03, ter\u00e7a-feira, \u00e0s 14h, o Circo Navegador promove o primeiro Encontro com Educadores, em Ilhabela, dentro de seu projeto realizado com as redes de ensino do Litoral Norte. Em meio ao processo de cria\u00e7\u00e3o do espet\u00e1culo <i>Boa Noite<\/i>, que aborda os medos na inf\u00e2ncia, o Circo Navegador oportunizar\u00e1 um encontro para tratar do tema com os educadores da rede p\u00fablica, auxiliando assim na cria\u00e7\u00e3o de ferramentas pedag\u00f3gicas a partir da arte. A atividade, contar\u00e1 com a orienta\u00e7\u00e3o da psic\u00f3loga Daniella Ferreira Pulgiesi, formada pela PUC S\u00e3o Paulo e p\u00f3s-graduada pela Faculdade de Sa\u00fade P\u00fablica da Universidade de S\u00e3o Paulo (FSP USP) que j\u00e1 atua na \u00e1rea educacional<\/p>\n<p>\u00a0<\/p>\n<p><b>Cinema para jovens e adultos<\/b><\/p>\n<p>\u00a0<\/p>\n<p>O document\u00e1rio <i>Limiar<\/i> far\u00e1 parte da programa\u00e7\u00e3o de cinema do Circo Navegador no dia 28\/03, ter\u00e7a-feira, exclusivo para estudantes da rede municipal. A obra \u00e9 autobiogr\u00e1fica, realizada por uma m\u00e3e que acompanha a transi\u00e7\u00e3o de g\u00eanero de seu filho adolescente. Entre 2016 e 2019 ela o entrevista abordando os conflitos, certezas e incertezas que o perpassam numa busca profunda por sua identidade. Ao mesmo tempo, a m\u00e3e, revelada por meio de uma narra\u00e7\u00e3o em primeira pessoa e por sua voz que conversa com o filho por detr\u00e1s da c\u00e2mera, passa tamb\u00e9m por um processo de transforma\u00e7\u00e3o que a obriga a romper velhos paradigmas, enfrentar medos e desmantelar preconceitos.\u00a0<\/p>\n<p>\u00a0<\/p>\n<p>O filme conquistou pr\u00eamios como o Hot Docs 2021 da Mostra Competitiva International Spectrum (Premi\u00e8re Internacional), Melhor Dire\u00e7\u00e3o no 28\u00ba Festival Mix Brasil e Melhor Dire\u00e7\u00e3o, Fotografia, Roteiro e Desenho Sonoro no 14\u00ba For Rainbow \u2013 Festival de Cinema e Cultura da Diversidade Sexual e de G\u00eanero. \u00c9 dirigido por Coraci Ruiz, graduada em Dan\u00e7a, mestre em Cultura Audiovisual e M\u00eddia e doutora em Multimeios, todos pela Unicamp. \u00c9 documentarista desde 2003, quando participou da funda\u00e7\u00e3o da produtora Laborat\u00f3rio Cisco.<\/p>\n<p>\u00a0<\/p>\n<p>A programa\u00e7\u00e3o de cinema tamb\u00e9m conta com a exibi\u00e7\u00e3o do filme <i>Perlimps <\/i>no dia 02\/04 \u00e0s 17h. Com dire\u00e7\u00e3o e roteiro de Al\u00ea Abreu, o longa mostra a jornada de aventura e fantasia de Cla\u00e9 e Bru\u00f4, agentes secretos de reinos rivais. Eles precisam superar suas diferen\u00e7as e unir for\u00e7as para encontrar os Perlimps, criaturas misteriosas capazes de encontrar um caminho para a paz em tempos de guerra. O diretor tem no curr\u00edculo uma indica\u00e7\u00e3o ao Oscar, em 2016, na categoria de melhor longa de anima\u00e7\u00e3o com <i>O Menino e o Mundo<\/i>. Este filme, inclusive, venceu 46 pr\u00eamios nacionais e internacionais, entre eles o trof\u00e9u Cristal no Festival de Annecy &#8211; meca francesa do cinema animado -, Trof\u00e9u Grande Otelo, Platino Ibero-Americano, Festival de Havana, a Mostra Lisboa e o Annie Awards, o \u201cOscar\u201d independente, nos EUA.<\/p>\n<p>\u00a0<\/p>\n<p>Para reservar o ingresso, que custa R$ 20, \u00e9 s\u00f3 entrar em contato com o Circo Navegador pelo whatsapp: 12-2101-8249.\u00a0<\/p>\n<p>\u00a0<\/p>\n<p><b>Oficinas art\u00edsticas<\/b><\/p>\n<p>\u00a0<\/p>\n<p>Nos dias 16, 23 e 30\/03 das 19h \u00e0s 21h acontecer\u00e1 a oficina de m\u00edmica. A atividade provocar\u00e1 os participantes a ampliarem sua auto express\u00e3o, mediante t\u00e9cnicas de consci\u00eancia corporal, abordando arqu\u00e9tipos de posturas corporais que ajudam os artistas a exporem, de forma mais clara, os contextos de seus personagens. Ser\u00e1 ministrada por Alejo Linares, artista do Circo Navegador, que \u00e9 argentino radicado no Brasil desde 1992. Teve sua forma\u00e7\u00e3o art\u00edstica em escolas de teatro de Buenos Aires, al\u00e9m de forma\u00e7\u00f5es posteriores no Brasil.\u00a0<\/p>\n<p>\u00a0<\/p>\n<p>Para aqueles que querem conhecer ou se aprimorar na arte do palha\u00e7o, o Circo Navegador ir\u00e1 realizar, nos dias 21 e 28\/03 das 19h \u00e0s 21h, uma oficina que ir\u00e1 introduzir os participantes nessa modalidade, al\u00e9m de contar a hist\u00f3ria e pr\u00e1ticas da palha\u00e7aria. Ministrada por Luciano Draetta, diretor do Circo Navegador e Mestre de Cultura Popular, a atividade oferecer\u00e1 t\u00e9cnicas de consci\u00eancia corporal, jogos de palha\u00e7o, gestualidade para picadeiro e rua e constru\u00e7\u00e3o de personagem.<\/p>\n<p>\u00a0<\/p>\n<p>O Circo Navegador tamb\u00e9m oferecer\u00e1 a oficina de trilha sonora no dia 20\/03, das 19h \u00e0s 21h. O m\u00fasico Erickson Freitas ir\u00e1 propor o contato dos participantes com as principais etapas do processo de cria\u00e7\u00e3o e grava\u00e7\u00e3o de trilhas sonoras, usando princ\u00edpios b\u00e1sicos que podem ser adaptados aos recursos dispon\u00edveis e \u00e0s necessidades de cada projeto. Erickson Freitas, natural de Lorena SP, \u00e9 m\u00fasico com forma\u00e7\u00e3o em viol\u00e3o e guitarra popular, multi-instrumentista autodidata em diversos instrumentos, compositor, arranjador e aventureiro na \u00e1rea de produ\u00e7\u00e3o musical e de trilhas sonoras para shows e espet\u00e1culos. Foi Guitarrista da OssoBanda de 2015 a 2021, onde junto da banda passou por diversos palcos e espa\u00e7os de cultura importantes como SESCS, Livraria Cultura, CCSP, MIS SP, festivais, r\u00e1dio, programas de TV, dentro e fora do estado de S\u00e3o Paulo, e tamb\u00e9m realizou a grava\u00e7\u00e3o de um \u00e1lbum com 11 faixas, contribuindo com algumas composi\u00e7\u00f5es, na forma\u00e7\u00e3o dos arranjos de todas as faixas, e com grava\u00e7\u00f5es de vozes, viol\u00e3o e guitarra.<\/p>\n<p>\u00a0<\/p>\n<p>J\u00e1 no dia 24\/03, das 19h \u00e0s 21h, acontece a oficina de cenografia. Comandada por Isabel Galvanese, artista visual, ceramista e ilustradora de S\u00e3o Sebasti\u00e3o, a atividade ir\u00e1 promover uma conversa aberta sobre traduzir uma cena teatral por meio do desenho c\u00eanico e a pr\u00e1tica da constru\u00e7\u00e3o cenogr\u00e1fica.\u00a0<\/p>\n<p>\u00a0<\/p>\n<p>Cada uma das oficinas ter\u00e1 20 vagas. O p\u00fablico alvo s\u00e3o palha\u00e7os, circenses, atores, bailarinos, cen\u00f3grafos, desenhistas, DJ&#8217;s, m\u00fasicos e outros artistas que j\u00e1 tenham passado por processos de inicia\u00e7\u00e3o art\u00edstica, com idade superior a 14 anos. Os interessados podem se inscrever por <a href=\"https:\/\/docs.google.com\/forms\/d\/e\/1FAIpQLSdaRzmDgWpHGKZrqgAeYZqXTKTprC8mvAHYw7WnwDZbbYx64A\/viewform\">este link<\/a>.\u00a0<\/p>\n<p>\u00a0<\/p>\n<p><b>Pe\u00e7as do repert\u00f3rio<\/b><\/p>\n<p>\u00a0<\/p>\n<p>O m\u00eas de mar\u00e7o ainda contar\u00e1 com apresenta\u00e7\u00e3o de pe\u00e7as do repert\u00f3rio do Circo Navegador. No dia 23\/03, \u00e0s 15h, no Espa\u00e7o Cultural Circo Navegador, ser\u00e1 encenado o espet\u00e1culo <i>Cirquim do Serafim<\/i>.\u00a0<\/p>\n<p>\u00a0<\/p>\n<p>O espet\u00e1culo mostra dois palha\u00e7os que cultuam a imagem do Seu Serafim, o finado dono do circo, e perpetuam a sua presen\u00e7a por meio da cren\u00e7a de que ele ainda pode voltar. A dupla esfarrapada e faminta, por\u00e9m feliz e com um humor, ao mesmo tempo \u00e1cido e ing\u00eanuo, chega de uma longa jornada em busca de seus sonhos, carregando na bagagem as dificuldades de uma vida de muito trabalho e poucos prazeres.\u00a0<\/p>\n<p>\u00a0<\/p>\n<p>J\u00e1 no dia 30\/03, \u00e0s 15h, no Espa\u00e7o Cultural Circo Navegador, o p\u00fablico poder\u00e1 assistir ao espet\u00e1culo <i>Om Co T\u00f4? Quem Co S\u00f4? Prom Co V\u00f4?<\/i>. Na pe\u00e7a, o palha\u00e7o Surubim encanta a plateia com sua ingenuidade em situa\u00e7\u00f5es de tens\u00e3o, emo\u00e7\u00e3o, t\u00e9cnica e muita gra\u00e7a. De maneira bastante irreverente, provoca o p\u00fablico para uma viv\u00eancia por meio das rotinas de um espet\u00e1culo circense, misturando o cl\u00e1ssico e o contempor\u00e2neo, em cria\u00e7\u00f5es pr\u00f3prias, que se equilibram entre o deboche e a eleg\u00e2ncia.\u00a0<\/p>\n<p>\u00a0<\/p>\n<p><b>Cultura hip hop se encontra com a ancestralidade<\/b><\/p>\n<p>\u00a0<\/p>\n<p>No dia 25\/03, s\u00e1bado, \u00e0s 19h, o hip hop toma conta da programa\u00e7\u00e3o do Circo Navegador com o show do rapper Whees Caixa Allta, natural de Ilhabela, que \u00e9 fundador e organizador da roda cultural Rap Street M\u00f3vel, Vis\u00e3o de Quebrada e Terceiro Acorde. O evento conta com a presen\u00e7a do MC TGO, que ocupa a cena h\u00e1 oito anos, iniciando seus trabalhos com o videoclipe <i>Rap do BF<\/i>, que fala sobre Ilhabela, onde mora. A discotecagem ficar\u00e1 por conta do DJ Kost, que busca difundir o rap na regi\u00e3o com a divulga\u00e7\u00e3o dos trabalhos de artistas locais, nacionais e internacionais com pouca visibilidade. O show ainda conta com a participa\u00e7\u00e3o da multiartista Mi Preta, natural de S\u00e3o Bernardo do Campo e residente de Ilhabela. Ela atua com teatro, canto, poesia e dan\u00e7a, e levar\u00e1 a sua arte para o Circo Navegador, demonstrando seus talentos com a cria\u00e7\u00e3o de poesias autorais e cantos a capela de sucessos nacionais.\u00a0<\/p>\n<p>\u00a0<\/p>\n<p>J\u00e1 no dia 26\/03, domingo, \u00e0s 19h, acontece o show de Ana Maria Carvalho, que \u00e9 cantora, arte educadora e brincante da cultura popular brasileira. Contando com ritmos tradicionais, a artista maranhense ir\u00e1 apresentar o seu repert\u00f3rio, que inclui performances inspiradas no Bumba Meu Boi, Cacuri\u00e1, Ladainhas do Divino Esp\u00edrito Santo, cirandas, acalantos e cantigas de roda. Ela foi premiada como Mestre de Cultura Popular em 2018 pelo Minist\u00e9rio da Cultura, e percorreu o Brasil atuando em espet\u00e1culos e ministrando oficinas em diversos espa\u00e7os culturais.<\/p>\n<p>A mestra realiza show exclusivo com a participa\u00e7\u00e3o do DJ Pipoo. O encontro provoca a conflu\u00eancia da cultura urbana (hip hop) com as ra\u00edzes e ritmos da cultura popular brasileira. Numa experi\u00eancia ousada ser\u00e3o unidos os beats das pick-ups do DJ com a beleza da voz, dos instrumentos ac\u00fasticos e ritmos da cultura ancestral. Promovendo, ent\u00e3o, um encontro entre o passado, o presente e compondo o futuro.<\/p>\n<p><b>Sobre o Circo Navegador<\/b><\/p>\n<p>\u00a0<\/p>\n<p>O Circo Navegador est\u00e1 comemorando 25 anos de hist\u00f3ria e se consolidou em S\u00e3o Sebasti\u00e3o e no Litoral Norte como<a href=\"http:\/\/culturaviva.gov.br\/\"> Ponto de Cultura<\/a> (reconhecido pela<a href=\"http:\/\/www.planalto.gov.br\/ccivil_03\/_ato2011-2014\/2014\/lei\/l13018.htm\"> Lei Cultura Viva<\/a>) e mant\u00e9m programa\u00e7\u00e3o continuada. Pelo espa\u00e7o j\u00e1 passaram personalidades incr\u00edveis como Ju\u00e7ara Mar\u00e7al, Doralyce, Bia Ferreira, Luedji Luna, Lenna Bahule e Kiko Dinucci.<\/p>\n<p>\u00a0<\/p>\n<p>Nos \u00faltimos oito anos, o espa\u00e7o j\u00e1 ofereceu 442 atividades art\u00edsticas, englobando artes c\u00eanicas, shows e sess\u00f5es de cinema, al\u00e9m de oficinas, workshops e rodas de conversa. Todas as atividades reuniram mais de 18 mil pessoas no Espa\u00e7o Cultural Circo Navegador<\/p>\n<p>\u00a0<\/p>\n<p><b>SERVI\u00c7O<\/b><\/p>\n<p>\u00a0<\/p>\n<p><b>Encontro com Educadores: <\/b>Medo na Inf\u00e2ncia\u00a0<\/p>\n<p><b>Data: <\/b>ter\u00e7a, 07 de mar\u00e7o<\/p>\n<p><b>Hor\u00e1rio:<\/b> 14h<\/p>\n<p><i>Exclusivo para educadores com agendamento pr\u00e9vio<\/i><\/p>\n<p><b>Local:<\/b> Biblioteca de Barra Velha &#8211; Avenida Princesa Isabel, 2.626, Barra Velha, Ilhabela (SP)\u00a0<\/p>\n<p><b>Informa\u00e7\u00f5es: <\/b>Coordena\u00e7\u00e3o de Artes da Secretaria de Educa\u00e7\u00e3o da Ilhabela<\/p>\n<p>\u00a0<\/p>\n<p><b>Cinema:<\/b> Document\u00e1rio <i>Limiar<\/i><\/p>\n<p><b>Data:<\/b> ter\u00e7a-feira, 28 de mar\u00e7o<\/p>\n<p><b>Hor\u00e1rio:<\/b> 19h<\/p>\n<p><i>Preferencialmente para estudantes da rede municipal<\/i><\/p>\n<p><b>Reserva: <\/b>pelo whatsapp 12-2101-8249<\/p>\n<p><b>Local:<\/b> Espa\u00e7o Cultural Circo Navegador &#8211; Rua Prefeito Mansueto Pierotti, 826 &#8211; Vila Am\u00e9lia &#8211; S\u00e3o Sebasti\u00e3o &#8211; SP<\/p>\n<p><b>Cinema: <\/b>Filme <i>Perlimps<\/i><\/p>\n<p><b>Data:<\/b> domingo, 02 de abril<\/p>\n<p><b>Hor\u00e1rio:<\/b> 17h<\/p>\n<p><b>Valor:<\/b> R$ 20<\/p>\n<p><b>Reserva: <\/b>pelo whatsapp 12-2101-8249<\/p>\n<p><b>Classifica\u00e7\u00e3o indicativa:<\/b> livre<\/p>\n<p><b>Local: <\/b>Espa\u00e7o Cultural Circo Navegador &#8211; Rua Prefeito Mansueto Pierotti, 826 &#8211; Vila Am\u00e9lia &#8211; S\u00e3o Sebasti\u00e3o &#8211; SP<\/p>\n<p><b>Oficina: <\/b>Palha\u00e7o<\/p>\n<p><b>Datas: <\/b>21 e 28\/03<\/p>\n<p><b>Hor\u00e1rio:<\/b> 19h \u00e0s 21h<\/p>\n<p><b>Inscri\u00e7\u00f5es:<\/b> <a href=\"https:\/\/docs.google.com\/forms\/d\/e\/1FAIpQLSdaRzmDgWpHGKZrqgAeYZqXTKTprC8mvAHYw7WnwDZbbYx64A\/viewform\">pelo formul\u00e1rio <\/a><b>\u00a0<\/b><\/p>\n<p><b>Classifica\u00e7\u00e3o indicativa:<\/b> a partir de 14 anos<\/p>\n<p><b>Local:<\/b> Espa\u00e7o Cultural Circo Navegador &#8211; Rua Prefeito Mansueto Pierotti, 826 &#8211; Vila Am\u00e9lia &#8211; S\u00e3o Sebasti\u00e3o &#8211; SP<\/p>\n<p><b>Oficina: <\/b>M\u00edmica<\/p>\n<p><b>Datas: <\/b>16, 23 e 30\/03<\/p>\n<p><b>Hor\u00e1rio:<\/b> 19h \u00e0s 21h<\/p>\n<p><b>Inscri\u00e7\u00f5es:<\/b> <a href=\"https:\/\/docs.google.com\/forms\/d\/e\/1FAIpQLSdaRzmDgWpHGKZrqgAeYZqXTKTprC8mvAHYw7WnwDZbbYx64A\/viewform\">pelo formul\u00e1rio<\/a> <b>\u00a0<\/b><\/p>\n<p><b>Classifica\u00e7\u00e3o indicativa:<\/b> a partir de 14 anos<\/p>\n<p><b>Local:<\/b> Espa\u00e7o Cultural Circo Navegador &#8211; Rua Prefeito Mansueto Pierotti, 826 &#8211; Vila Am\u00e9lia &#8211; S\u00e3o Sebasti\u00e3o &#8211; SP<\/p>\n<p><b>Oficina: <\/b>Trilha sonora<\/p>\n<p><b>Datas: <\/b>20\/03<\/p>\n<p><b>Hor\u00e1rio:<\/b> 19h \u00e0s 21h<\/p>\n<p><b>Inscri\u00e7\u00f5es:<\/b> <a href=\"https:\/\/docs.google.com\/forms\/d\/e\/1FAIpQLSdaRzmDgWpHGKZrqgAeYZqXTKTprC8mvAHYw7WnwDZbbYx64A\/viewform\">pelo formul\u00e1rio <\/a><b>\u00a0<\/b><\/p>\n<p><b>Classifica\u00e7\u00e3o indicativa:<\/b> a partir de 14 anos<\/p>\n<p><b>Local:<\/b> Espa\u00e7o Cultural Circo Navegador &#8211; Rua Prefeito Mansueto Pierotti, 826 &#8211; Vila Am\u00e9lia &#8211; S\u00e3o Sebasti\u00e3o &#8211; SP<\/p>\n<p><b>Oficina: <\/b>Cenografia<\/p>\n<p><b>Datas: <\/b>24\/03<\/p>\n<p><b>Hor\u00e1rio:<\/b> 19h \u00e0s 21h<\/p>\n<p><b>Inscri\u00e7\u00f5es:<\/b> <a href=\"https:\/\/docs.google.com\/forms\/d\/e\/1FAIpQLSdaRzmDgWpHGKZrqgAeYZqXTKTprC8mvAHYw7WnwDZbbYx64A\/viewform\">pelo formul\u00e1rio <\/a><b>\u00a0<\/b><\/p>\n<p><b>Classifica\u00e7\u00e3o indicativa:<\/b> a partir de 14 anos<\/p>\n<p><b>Local:<\/b> Espa\u00e7o Cultural Circo Navegador &#8211; Rua Prefeito Mansueto Pierotti, 826 &#8211; Vila Am\u00e9lia &#8211; S\u00e3o Sebasti\u00e3o &#8211; SP<\/p>\n<p>\u00a0<\/p>\n<p><b>Teatro: <\/b><i>Cirquim do Serafim<\/i><\/p>\n<p><b>Data: <\/b>quinta-feira, 23 de mar\u00e7o<\/p>\n<p><b>Hor\u00e1rio:<\/b> 15h<\/p>\n<p><b>Valor: <\/b>gratuito<\/p>\n<p><i>Preferencialmente para estudantes da rede municipal<\/i><\/p>\n<p><b>Reserva: <\/b>pelo whatsapp 12-2101-8249<\/p>\n<p><b>Classifica\u00e7\u00e3o indicativa: <\/b>livre<\/p>\n<p><b>Local:<\/b> Espa\u00e7o Cultural Circo Navegador &#8211; Rua Prefeito Mansueto Pierotti, 826 &#8211; Vila Am\u00e9lia &#8211; S\u00e3o Sebasti\u00e3o &#8211; SP<\/p>\n<p><b>Teatro: <\/b><i>Om Co T\u00f4? Quem Co S\u00f4? Prom Co V\u00f4?<\/i><\/p>\n<p><b>Data<\/b><b>: <\/b>quinta-feira, 30 de mar\u00e7o<\/p>\n<p><b>Hor\u00e1rio:<\/b> 15h<\/p>\n<p><b>Valor: <\/b>gratuito<\/p>\n<p><i>Preferencialmente para estudantes da rede municipal<\/i><\/p>\n<p><b>Reserva: <\/b>pelo whatsapp 12-2101-8249<\/p>\n<p><b>Classifica\u00e7\u00e3o indicativa: <\/b>livre<\/p>\n<p><b>Local:<\/b> Espa\u00e7o Cultural Circo Navegador &#8211; Rua Prefeito Mansueto Pierotti, 826 &#8211; Vila Am\u00e9lia &#8211; S\u00e3o Sebasti\u00e3o &#8211; SP<\/p>\n<p><b>Show: <\/b>Whees Caixa Allta, MC TGO, DJ Kost e Mi Preta<\/p>\n<p><b>Data: <\/b>s\u00e1bado, 25 de mar\u00e7o<\/p>\n<p><b>Hor\u00e1rio:<\/b> 19h<\/p>\n<p><b>Valor: <\/b>gratuito<\/p>\n<p><b>Classifica\u00e7\u00e3o indicativa: <\/b>livre<\/p>\n<p><b>Local:<\/b> Espa\u00e7o Cultural Circo Navegador &#8211; Rua Prefeito Mansueto Pierotti, 826 &#8211; Vila Am\u00e9lia &#8211; S\u00e3o Sebasti\u00e3o &#8211; SP<\/p>\n<p><b>Show: <\/b>Ana Maria Carvalho<\/p>\n<p><b>Data: <\/b>domingo, 26 de mar\u00e7o<\/p>\n<p><b>Hor\u00e1rio:<\/b> 19h<\/p>\n<p><b>Valor: <\/b>gratuito<\/p>\n<p><b>Reserva: <\/b>pelo whatsapp 12-2101-8249<\/p>\n<p><b>Classifica\u00e7\u00e3o indicativa: <\/b>livre<\/p>\n<p><b>Local:<\/b> Espa\u00e7o Cultural Circo Navegador &#8211; Rua Prefeito Mansueto Pierotti, 826 &#8211; Vila Am\u00e9lia &#8211; S\u00e3o Sebasti\u00e3o &#8211; SP<\/p>\n<p>\u00a0<\/p>\n<p><b>#cultura #teatro #circo #musica #rap #cinema #litoralnorte #circonavegador #literatura #educacao #Proac2022 #djpipoo #anamariacarvalho #hiphop #culturabrasileira #ancestralidade<\/b><\/p>\t\t\t\t\t\t\t\t<\/div>\n\t\t\t\t<\/div>\n\t\t\t\t\t<\/div>\n\t\t<\/div>\n\t\t\t\t<div class=\"elementor-column elementor-col-25 elementor-top-column elementor-element elementor-element-48569ac\" data-id=\"48569ac\" data-element_type=\"column\" data-e-type=\"column\">\n\t\t\t<div class=\"elementor-widget-wrap elementor-element-populated\">\n\t\t\t\t\t\t<div class=\"elementor-element elementor-element-1770f89 elementor-widget elementor-widget-image\" data-id=\"1770f89\" data-element_type=\"widget\" data-e-type=\"widget\" data-widget_type=\"image.default\">\n\t\t\t\t<div class=\"elementor-widget-container\">\n\t\t\t\t\t\t\t\t\t\t\t\t\t\t\t<img fetchpriority=\"high\" decoding=\"async\" width=\"1024\" height=\"1024\" src=\"https:\/\/circonavegador.com.br\/wp-content\/uploads\/2023\/03\/25-1024x1024.jpg\" class=\"attachment-large size-large wp-image-2402\" alt=\"\" srcset=\"https:\/\/circonavegador.com.br\/wp-content\/uploads\/2023\/03\/25-1024x1024.jpg 1024w, https:\/\/circonavegador.com.br\/wp-content\/uploads\/2023\/03\/25-300x300.jpg 300w, https:\/\/circonavegador.com.br\/wp-content\/uploads\/2023\/03\/25-150x150.jpg 150w, https:\/\/circonavegador.com.br\/wp-content\/uploads\/2023\/03\/25-768x768.jpg 768w, https:\/\/circonavegador.com.br\/wp-content\/uploads\/2023\/03\/25.jpg 1080w\" sizes=\"(max-width: 1024px) 100vw, 1024px\" \/>\t\t\t\t\t\t\t\t\t\t\t\t\t\t\t<\/div>\n\t\t\t\t<\/div>\n\t\t\t\t<div class=\"elementor-element elementor-element-a73ec2a elementor-widget elementor-widget-image\" data-id=\"a73ec2a\" data-element_type=\"widget\" data-e-type=\"widget\" data-widget_type=\"image.default\">\n\t\t\t\t<div class=\"elementor-widget-container\">\n\t\t\t\t\t\t\t\t\t\t\t\t\t\t\t<img decoding=\"async\" width=\"1024\" height=\"1024\" data-src=\"https:\/\/circonavegador.com.br\/wp-content\/uploads\/2023\/03\/boanoite_0104-1024x1024.jpg\" class=\"attachment-large size-large wp-image-2395 lazyload\" alt=\"\" data-srcset=\"https:\/\/circonavegador.com.br\/wp-content\/uploads\/2023\/03\/boanoite_0104-1024x1024.jpg 1024w, https:\/\/circonavegador.com.br\/wp-content\/uploads\/2023\/03\/boanoite_0104-300x300.jpg 300w, https:\/\/circonavegador.com.br\/wp-content\/uploads\/2023\/03\/boanoite_0104-150x150.jpg 150w, https:\/\/circonavegador.com.br\/wp-content\/uploads\/2023\/03\/boanoite_0104-768x768.jpg 768w, https:\/\/circonavegador.com.br\/wp-content\/uploads\/2023\/03\/boanoite_0104.jpg 1080w\" data-sizes=\"(max-width: 1024px) 100vw, 1024px\" src=\"data:image\/svg+xml;base64,PHN2ZyB3aWR0aD0iMSIgaGVpZ2h0PSIxIiB4bWxucz0iaHR0cDovL3d3dy53My5vcmcvMjAwMC9zdmciPjwvc3ZnPg==\" style=\"--smush-placeholder-width: 1024px; --smush-placeholder-aspect-ratio: 1024\/1024;\" \/>\t\t\t\t\t\t\t\t\t\t\t\t\t\t\t<\/div>\n\t\t\t\t<\/div>\n\t\t\t\t<div class=\"elementor-element elementor-element-8f2bddb elementor-widget elementor-widget-image\" data-id=\"8f2bddb\" data-element_type=\"widget\" data-e-type=\"widget\" data-widget_type=\"image.default\">\n\t\t\t\t<div class=\"elementor-widget-container\">\n\t\t\t\t\t\t\t\t\t\t\t\t\t\t\t<img decoding=\"async\" width=\"1024\" height=\"1024\" data-src=\"https:\/\/circonavegador.com.br\/wp-content\/uploads\/2023\/03\/anamariacarvalho-1024x1024.jpg\" class=\"attachment-large size-large wp-image-2394 lazyload\" alt=\"\" data-srcset=\"https:\/\/circonavegador.com.br\/wp-content\/uploads\/2023\/03\/anamariacarvalho-1024x1024.jpg 1024w, https:\/\/circonavegador.com.br\/wp-content\/uploads\/2023\/03\/anamariacarvalho-300x300.jpg 300w, https:\/\/circonavegador.com.br\/wp-content\/uploads\/2023\/03\/anamariacarvalho-150x150.jpg 150w, https:\/\/circonavegador.com.br\/wp-content\/uploads\/2023\/03\/anamariacarvalho-768x768.jpg 768w, https:\/\/circonavegador.com.br\/wp-content\/uploads\/2023\/03\/anamariacarvalho.jpg 1080w\" data-sizes=\"(max-width: 1024px) 100vw, 1024px\" src=\"data:image\/svg+xml;base64,PHN2ZyB3aWR0aD0iMSIgaGVpZ2h0PSIxIiB4bWxucz0iaHR0cDovL3d3dy53My5vcmcvMjAwMC9zdmciPjwvc3ZnPg==\" style=\"--smush-placeholder-width: 1024px; --smush-placeholder-aspect-ratio: 1024\/1024;\" \/>\t\t\t\t\t\t\t\t\t\t\t\t\t\t\t<\/div>\n\t\t\t\t<\/div>\n\t\t\t\t\t<\/div>\n\t\t<\/div>\n\t\t\t\t<div class=\"elementor-column elementor-col-25 elementor-top-column elementor-element elementor-element-b40a819\" data-id=\"b40a819\" data-element_type=\"column\" data-e-type=\"column\">\n\t\t\t<div class=\"elementor-widget-wrap\">\n\t\t\t\t\t\t\t<\/div>\n\t\t<\/div>\n\t\t\t\t\t<\/div>\n\t\t<\/section>\n\t\t\t\t<\/div>\n\t\t","protected":false},"excerpt":{"rendered":"<p>Com show de m\u00fasica brasileira e hip hop, apresenta\u00e7\u00e3o de pe\u00e7as do repert\u00f3rio, oficinas e cinema Grupo est\u00e1 com campanha de financiamento coletivo para auxiliar na produ\u00e7\u00e3o, edi\u00e7\u00e3o e distribui\u00e7\u00e3o do livro que comemora seus 25 anos O grupo Circo Navegador est\u00e1 comemorando 25 anos, e a programa\u00e7\u00e3o do seu espa\u00e7o cultural, em S\u00e3o Sebasti\u00e3o (SP), conta com cinema, teatro, circo, shows de m\u00fasica brasileira, hip hop e oficinas. As artes tamb\u00e9m ser\u00e3o ferramenta pedag\u00f3gica nos encontros com educadores da rede p\u00fablica de ensino. Para quem quiser apoiar o grupo na publica\u00e7\u00e3o do livro comemorativo de 25 anos est\u00e1 aberta uma campanha de financiamento coletivo, para auxiliar na produ\u00e7\u00e3o, edi\u00e7\u00e3o e distribui\u00e7\u00e3o do livro, escrito pelo Prof. Dr. Alexandre Mate. Para ajudar, \u00e9 s\u00f3 clicar neste link.\u00a0 Al\u00e9m das atra\u00e7\u00f5es programadas para o m\u00eas, o Circo Navegador est\u00e1 ativamente auxiliando nos trabalhos de aux\u00edlio \u00e0s v\u00edtimas das chuvas que causaram diversos transtornos e trag\u00e9dias em S\u00e3o Sebasti\u00e3o. Junto do projeto Palha\u00e7os Sem Fronteiras, o grupo percorrer\u00e1 os locais mais afetados, para entender a demanda por trabalhos art\u00edsticos e sociais, para tentar amenizar a dor das pessoas que perderam seus lares, familiares e amigos. Neste m\u00eas de mar\u00e7o o Circo Navegador ir\u00e1 viajar apresentando pe\u00e7as de seu repert\u00f3rio. Os artistas participam do Festival Cirku\u00e1, que ser\u00e1 realizado em Visconde do Mau\u00e1 (RJ), nos dias 10, 11 e 12\/03. Al\u00e9m disso, o grupo se apresentar\u00e1 em cidades do Vale do Para\u00edba (Cachoeira Paulista, Canas e Lorena).\u00a0 \u00a0 Encontros com Educadores sobre os medos na inf\u00e2ncia em Ilhabela No dia 07\/03, ter\u00e7a-feira, \u00e0s 14h, o Circo Navegador promove o primeiro Encontro com Educadores, em Ilhabela, dentro de seu projeto realizado com as redes de ensino do Litoral Norte. Em meio ao processo de cria\u00e7\u00e3o do espet\u00e1culo Boa Noite, que aborda os medos na inf\u00e2ncia, o Circo Navegador oportunizar\u00e1 um encontro para tratar do tema com os educadores da rede p\u00fablica, auxiliando assim na cria\u00e7\u00e3o de ferramentas pedag\u00f3gicas a partir da arte. A atividade, contar\u00e1 com a orienta\u00e7\u00e3o da psic\u00f3loga Daniella Ferreira Pulgiesi, formada pela PUC S\u00e3o Paulo e p\u00f3s-graduada pela Faculdade de Sa\u00fade P\u00fablica da Universidade de S\u00e3o Paulo (FSP USP) que j\u00e1 atua na \u00e1rea educacional \u00a0 Cinema para jovens e adultos \u00a0 O document\u00e1rio Limiar far\u00e1 parte da programa\u00e7\u00e3o de cinema do Circo Navegador no dia 28\/03, ter\u00e7a-feira, exclusivo para estudantes da rede municipal. A obra \u00e9 autobiogr\u00e1fica, realizada por uma m\u00e3e que acompanha a transi\u00e7\u00e3o de g\u00eanero de seu filho adolescente. Entre 2016 e 2019 ela o entrevista abordando os conflitos, certezas e incertezas que o perpassam numa busca profunda por sua identidade. Ao mesmo tempo, a m\u00e3e, revelada por meio de uma narra\u00e7\u00e3o em primeira pessoa e por sua voz que conversa com o filho por detr\u00e1s da c\u00e2mera, passa tamb\u00e9m por um processo de transforma\u00e7\u00e3o que a obriga a romper velhos paradigmas, enfrentar medos e desmantelar preconceitos.\u00a0 \u00a0 O filme conquistou pr\u00eamios como o Hot Docs 2021 da Mostra Competitiva International Spectrum (Premi\u00e8re Internacional), Melhor Dire\u00e7\u00e3o no 28\u00ba Festival Mix Brasil e Melhor Dire\u00e7\u00e3o, Fotografia, Roteiro e Desenho Sonoro no 14\u00ba For Rainbow \u2013 Festival de Cinema e Cultura da Diversidade Sexual e de G\u00eanero. \u00c9 dirigido por Coraci Ruiz, graduada em Dan\u00e7a, mestre em Cultura Audiovisual e M\u00eddia e doutora em Multimeios, todos pela Unicamp. \u00c9 documentarista desde 2003, quando participou da funda\u00e7\u00e3o da produtora Laborat\u00f3rio Cisco. \u00a0 A programa\u00e7\u00e3o de cinema tamb\u00e9m conta com a exibi\u00e7\u00e3o do filme Perlimps no dia 02\/04 \u00e0s 17h. Com dire\u00e7\u00e3o e roteiro de Al\u00ea Abreu, o longa mostra a jornada de aventura e fantasia de Cla\u00e9 e Bru\u00f4, agentes secretos de reinos rivais. Eles precisam superar suas diferen\u00e7as e unir for\u00e7as para encontrar os Perlimps, criaturas misteriosas capazes de encontrar um caminho para a paz em tempos de guerra. O diretor tem no curr\u00edculo uma indica\u00e7\u00e3o ao Oscar, em 2016, na categoria de melhor longa de anima\u00e7\u00e3o com O Menino e o Mundo. Este filme, inclusive, venceu 46 pr\u00eamios nacionais e internacionais, entre eles o trof\u00e9u Cristal no Festival de Annecy &#8211; meca francesa do cinema animado -, Trof\u00e9u Grande Otelo, Platino Ibero-Americano, Festival de Havana, a Mostra Lisboa e o Annie Awards, o \u201cOscar\u201d independente, nos EUA. \u00a0 Para reservar o ingresso, que custa R$ 20, \u00e9 s\u00f3 entrar em contato com o Circo Navegador pelo whatsapp: 12-2101-8249.\u00a0 \u00a0 Oficinas art\u00edsticas \u00a0 Nos dias 16, 23 e 30\/03 das 19h \u00e0s 21h acontecer\u00e1 a oficina de m\u00edmica. A atividade provocar\u00e1 os participantes a ampliarem sua auto express\u00e3o, mediante t\u00e9cnicas de consci\u00eancia corporal, abordando arqu\u00e9tipos de posturas corporais que ajudam os artistas a exporem, de forma mais clara, os contextos de seus personagens. Ser\u00e1 ministrada por Alejo Linares, artista do Circo Navegador, que \u00e9 argentino radicado no Brasil desde 1992. Teve sua forma\u00e7\u00e3o art\u00edstica em escolas de teatro de Buenos Aires, al\u00e9m de forma\u00e7\u00f5es posteriores no Brasil.\u00a0 \u00a0 Para aqueles que querem conhecer ou se aprimorar na arte do palha\u00e7o, o Circo Navegador ir\u00e1 realizar, nos dias 21 e 28\/03 das 19h \u00e0s 21h, uma oficina que ir\u00e1 introduzir os participantes nessa modalidade, al\u00e9m de contar a hist\u00f3ria e pr\u00e1ticas da palha\u00e7aria. Ministrada por Luciano Draetta, diretor do Circo Navegador e Mestre de Cultura Popular, a atividade oferecer\u00e1 t\u00e9cnicas de consci\u00eancia corporal, jogos de palha\u00e7o, gestualidade para picadeiro e rua e constru\u00e7\u00e3o de personagem. \u00a0 O Circo Navegador tamb\u00e9m oferecer\u00e1 a oficina de trilha sonora no dia 20\/03, das 19h \u00e0s 21h. O m\u00fasico Erickson Freitas ir\u00e1 propor o contato dos participantes com as principais etapas do processo de cria\u00e7\u00e3o e grava\u00e7\u00e3o de trilhas sonoras, usando princ\u00edpios b\u00e1sicos que podem ser adaptados aos recursos dispon\u00edveis e \u00e0s necessidades de cada projeto. Erickson Freitas, natural de Lorena SP, \u00e9 m\u00fasico com forma\u00e7\u00e3o em viol\u00e3o e guitarra popular, multi-instrumentista autodidata em diversos instrumentos, compositor, arranjador e aventureiro na \u00e1rea de produ\u00e7\u00e3o musical e de trilhas sonoras para shows e espet\u00e1culos. Foi Guitarrista da OssoBanda de 2015 a 2021, onde junto da banda passou por diversos palcos e espa\u00e7os de cultura importantes<\/p>\n","protected":false},"author":1,"featured_media":2390,"comment_status":"open","ping_status":"open","sticky":false,"template":"","format":"standard","meta":{"_eb_attr":"","_EventAllDay":false,"_EventTimezone":"","_EventStartDate":"","_EventEndDate":"","_EventStartDateUTC":"","_EventEndDateUTC":"","_EventShowMap":false,"_EventShowMapLink":false,"_EventURL":"","_EventCost":"","_EventCostDescription":"","_EventCurrencySymbol":"","_EventCurrencyCode":"","_EventCurrencyPosition":"","_EventDateTimeSeparator":"","_EventTimeRangeSeparator":"","_EventOrganizerID":[],"_EventVenueID":[],"_OrganizerEmail":"","_OrganizerPhone":"","_OrganizerWebsite":"","_VenueAddress":"","_VenueCity":"","_VenueCountry":"","_VenueProvince":"","_VenueState":"","_VenueZip":"","_VenuePhone":"","_VenueURL":"","_VenueStateProvince":"","_VenueLat":"","_VenueLng":"","_VenueShowMap":false,"_VenueShowMapLink":false,"ocean_post_layout":"","ocean_both_sidebars_style":"","ocean_both_sidebars_content_width":0,"ocean_both_sidebars_sidebars_width":0,"ocean_sidebar":"","ocean_second_sidebar":"","ocean_disable_margins":"enable","ocean_add_body_class":"","ocean_shortcode_before_top_bar":"","ocean_shortcode_after_top_bar":"","ocean_shortcode_before_header":"","ocean_shortcode_after_header":"","ocean_has_shortcode":"","ocean_shortcode_after_title":"","ocean_shortcode_before_footer_widgets":"","ocean_shortcode_after_footer_widgets":"","ocean_shortcode_before_footer_bottom":"","ocean_shortcode_after_footer_bottom":"","ocean_display_top_bar":"default","ocean_display_header":"default","ocean_header_style":"","ocean_center_header_left_menu":"","ocean_custom_header_template":"","ocean_custom_logo":0,"ocean_custom_retina_logo":0,"ocean_custom_logo_max_width":0,"ocean_custom_logo_tablet_max_width":0,"ocean_custom_logo_mobile_max_width":0,"ocean_custom_logo_max_height":0,"ocean_custom_logo_tablet_max_height":0,"ocean_custom_logo_mobile_max_height":0,"ocean_header_custom_menu":"","ocean_menu_typo_font_family":"","ocean_menu_typo_font_subset":"","ocean_menu_typo_font_size":0,"ocean_menu_typo_font_size_tablet":0,"ocean_menu_typo_font_size_mobile":0,"ocean_menu_typo_font_size_unit":"px","ocean_menu_typo_font_weight":"","ocean_menu_typo_font_weight_tablet":"","ocean_menu_typo_font_weight_mobile":"","ocean_menu_typo_transform":"","ocean_menu_typo_transform_tablet":"","ocean_menu_typo_transform_mobile":"","ocean_menu_typo_line_height":0,"ocean_menu_typo_line_height_tablet":0,"ocean_menu_typo_line_height_mobile":0,"ocean_menu_typo_line_height_unit":"","ocean_menu_typo_spacing":0,"ocean_menu_typo_spacing_tablet":0,"ocean_menu_typo_spacing_mobile":0,"ocean_menu_typo_spacing_unit":"","ocean_menu_link_color":"","ocean_menu_link_color_hover":"","ocean_menu_link_color_active":"","ocean_menu_link_background":"","ocean_menu_link_hover_background":"","ocean_menu_link_active_background":"","ocean_menu_social_links_bg":"","ocean_menu_social_hover_links_bg":"","ocean_menu_social_links_color":"","ocean_menu_social_hover_links_color":"","ocean_disable_title":"default","ocean_disable_heading":"default","ocean_post_title":"","ocean_post_subheading":"","ocean_post_title_style":"","ocean_post_title_background_color":"","ocean_post_title_background":0,"ocean_post_title_bg_image_position":"","ocean_post_title_bg_image_attachment":"","ocean_post_title_bg_image_repeat":"","ocean_post_title_bg_image_size":"","ocean_post_title_height":0,"ocean_post_title_bg_overlay":0.5,"ocean_post_title_bg_overlay_color":"","ocean_disable_breadcrumbs":"default","ocean_breadcrumbs_color":"","ocean_breadcrumbs_separator_color":"","ocean_breadcrumbs_links_color":"","ocean_breadcrumbs_links_hover_color":"","ocean_display_footer_widgets":"default","ocean_display_footer_bottom":"default","ocean_custom_footer_template":"","ocean_post_oembed":"","ocean_post_self_hosted_media":"","ocean_post_video_embed":"","ocean_link_format":"","ocean_link_format_target":"self","ocean_quote_format":"","ocean_quote_format_link":"post","ocean_gallery_link_images":"on","ocean_gallery_id":[],"footnotes":""},"categories":[2],"tags":[],"class_list":["post-2385","post","type-post","status-publish","format-standard","has-post-thumbnail","hentry","category-noticias","entry","has-media"],"aioseo_notices":[],"jetpack_featured_media_url":"https:\/\/circonavegador.com.br\/wp-content\/uploads\/2023\/03\/cirquim_do_serafi_circo_navegador_palhaco_surubim_luciano_draetta_foto_andre_santos7-e1677941343572.jpg","_links":{"self":[{"href":"https:\/\/circonavegador.com.br\/index.php?rest_route=\/wp\/v2\/posts\/2385","targetHints":{"allow":["GET"]}}],"collection":[{"href":"https:\/\/circonavegador.com.br\/index.php?rest_route=\/wp\/v2\/posts"}],"about":[{"href":"https:\/\/circonavegador.com.br\/index.php?rest_route=\/wp\/v2\/types\/post"}],"author":[{"embeddable":true,"href":"https:\/\/circonavegador.com.br\/index.php?rest_route=\/wp\/v2\/users\/1"}],"replies":[{"embeddable":true,"href":"https:\/\/circonavegador.com.br\/index.php?rest_route=%2Fwp%2Fv2%2Fcomments&post=2385"}],"version-history":[{"count":0,"href":"https:\/\/circonavegador.com.br\/index.php?rest_route=\/wp\/v2\/posts\/2385\/revisions"}],"wp:featuredmedia":[{"embeddable":true,"href":"https:\/\/circonavegador.com.br\/index.php?rest_route=\/wp\/v2\/media\/2390"}],"wp:attachment":[{"href":"https:\/\/circonavegador.com.br\/index.php?rest_route=%2Fwp%2Fv2%2Fmedia&parent=2385"}],"wp:term":[{"taxonomy":"category","embeddable":true,"href":"https:\/\/circonavegador.com.br\/index.php?rest_route=%2Fwp%2Fv2%2Fcategories&post=2385"},{"taxonomy":"post_tag","embeddable":true,"href":"https:\/\/circonavegador.com.br\/index.php?rest_route=%2Fwp%2Fv2%2Ftags&post=2385"}],"curies":[{"name":"wp","href":"https:\/\/api.w.org\/{rel}","templated":true}]}}