{"id":2357,"date":"2023-02-21T15:23:39","date_gmt":"2023-02-21T18:23:39","guid":{"rendered":"https:\/\/circonavegador.com.br\/?p=2357"},"modified":"2023-03-04T10:52:50","modified_gmt":"2023-03-04T13:52:50","slug":"circo-navegador-lanca-financiamento-coletivo-para-livro-2","status":"publish","type":"post","link":"https:\/\/circonavegador.com.br\/?p=2357","title":{"rendered":"Circo Navegador lan\u00e7a Financiamento Coletivo para livro"},"content":{"rendered":"\t\t<div data-elementor-type=\"wp-post\" data-elementor-id=\"2357\" class=\"elementor elementor-2357\">\n\t\t\t\t\t\t<section class=\"elementor-section elementor-top-section elementor-element elementor-element-18e8dada elementor-section-boxed elementor-section-height-default elementor-section-height-default wpr-particle-no wpr-jarallax-no wpr-parallax-no wpr-sticky-section-no\" data-id=\"18e8dada\" data-element_type=\"section\" data-e-type=\"section\">\n\t\t\t\t\t\t<div class=\"elementor-container elementor-column-gap-default\">\n\t\t\t\t\t<div class=\"elementor-column elementor-col-100 elementor-top-column elementor-element elementor-element-105a3aad\" data-id=\"105a3aad\" data-element_type=\"column\" data-e-type=\"column\">\n\t\t\t<div class=\"elementor-widget-wrap elementor-element-populated\">\n\t\t\t\t\t\t<div class=\"elementor-element elementor-element-f0a31f8 elementor-widget elementor-widget-image\" data-id=\"f0a31f8\" data-element_type=\"widget\" data-e-type=\"widget\" data-widget_type=\"image.default\">\n\t\t\t\t<div class=\"elementor-widget-container\">\n\t\t\t\t\t\t\t\t\t\t\t\t\t\t\t<img fetchpriority=\"high\" decoding=\"async\" width=\"1024\" height=\"456\" src=\"https:\/\/circonavegador.com.br\/wp-content\/uploads\/2023\/02\/capalivro_CN25anos-1024x456.jpeg\" class=\"attachment-large size-large wp-image-2362\" alt=\"\" srcset=\"https:\/\/circonavegador.com.br\/wp-content\/uploads\/2023\/02\/capalivro_CN25anos-1024x456.jpeg 1024w, https:\/\/circonavegador.com.br\/wp-content\/uploads\/2023\/02\/capalivro_CN25anos-300x134.jpeg 300w, https:\/\/circonavegador.com.br\/wp-content\/uploads\/2023\/02\/capalivro_CN25anos-768x342.jpeg 768w, https:\/\/circonavegador.com.br\/wp-content\/uploads\/2023\/02\/capalivro_CN25anos-1536x684.jpeg 1536w, https:\/\/circonavegador.com.br\/wp-content\/uploads\/2023\/02\/capalivro_CN25anos.jpeg 1600w\" sizes=\"(max-width: 1024px) 100vw, 1024px\" \/>\t\t\t\t\t\t\t\t\t\t\t\t\t\t\t<\/div>\n\t\t\t\t<\/div>\n\t\t\t\t<div class=\"elementor-element elementor-element-d2dd420 elementor-widget elementor-widget-spacer\" data-id=\"d2dd420\" data-element_type=\"widget\" data-e-type=\"widget\" data-widget_type=\"spacer.default\">\n\t\t\t\t<div class=\"elementor-widget-container\">\n\t\t\t\t\t\t\t<div class=\"elementor-spacer\">\n\t\t\t<div class=\"elementor-spacer-inner\"><\/div>\n\t\t<\/div>\n\t\t\t\t\t\t<\/div>\n\t\t\t\t<\/div>\n\t\t\t\t<div class=\"elementor-element elementor-element-0b94451 elementor-widget elementor-widget-heading\" data-id=\"0b94451\" data-element_type=\"widget\" data-e-type=\"widget\" data-widget_type=\"heading.default\">\n\t\t\t\t<div class=\"elementor-widget-container\">\n\t\t\t\t\t<h2 class=\"elementor-heading-title elementor-size-default\">Circo Navegador lan\u00e7a Financiamento Coletivo para auxiliar na publica\u00e7\u00e3o do livro que comemora seus 25 anos<\/h2>\t\t\t\t<\/div>\n\t\t\t\t<\/div>\n\t\t\t\t<div class=\"elementor-element elementor-element-8c5a890 elementor-widget elementor-widget-spacer\" data-id=\"8c5a890\" data-element_type=\"widget\" data-e-type=\"widget\" data-widget_type=\"spacer.default\">\n\t\t\t\t<div class=\"elementor-widget-container\">\n\t\t\t\t\t\t\t<div class=\"elementor-spacer\">\n\t\t\t<div class=\"elementor-spacer-inner\"><\/div>\n\t\t<\/div>\n\t\t\t\t\t\t<\/div>\n\t\t\t\t<\/div>\n\t\t\t\t<div class=\"elementor-element elementor-element-e9a657c elementor-widget elementor-widget-text-editor\" data-id=\"e9a657c\" data-element_type=\"widget\" data-e-type=\"widget\" data-widget_type=\"text-editor.default\">\n\t\t\t\t<div class=\"elementor-widget-container\">\n\t\t\t\t\t\t\t\t\t<p><em>Entre os benef\u00edcios dedicados aos apoiadores est\u00e3o o recebimento da vers\u00e3o impressa da publica\u00e7\u00e3o e participa\u00e7\u00e3o da estreia do novo espet\u00e1culo da companhia, chamado Boa Noite.<\/em><\/p>\t\t\t\t\t\t\t\t<\/div>\n\t\t\t\t<\/div>\n\t\t\t\t<div class=\"elementor-element elementor-element-6cbacf86 elementor-widget elementor-widget-text-editor\" data-id=\"6cbacf86\" data-element_type=\"widget\" data-e-type=\"widget\" data-widget_type=\"text-editor.default\">\n\t\t\t\t<div class=\"elementor-widget-container\">\n\t\t\t\t\t\t\t\t\t\n<p>O grupo Circo Navegador, que mant\u00e9m um espa\u00e7o cultural em S\u00e3o Sebasti\u00e3o (SP), lan\u00e7a um Financiamento Coletivo para auxiliar na produ\u00e7\u00e3o, edi\u00e7\u00e3o e distribui\u00e7\u00e3o do livro, escrito pelo Prof. Dr Alexandre Mate, que comemora os seus 25 anos de exist\u00eancia. Com diferentes modalidades de aux\u00edlio, quem se interessar em colaborar ter\u00e1 como benef\u00edcio o recebimento da vers\u00e3o impressa da publica\u00e7\u00e3o, que ser\u00e1 lan\u00e7ada em abril, al\u00e9m de outros agrados da companhia.\u00a0<\/p>\n\n<p>O valor arrecadado ser\u00e1 utilizado para complementar as despesas com a impress\u00e3o, lan\u00e7amento e distribui\u00e7\u00e3o do livro. O projeto foi premiado pelo Programa de A\u00e7\u00e3o Cultural do Governo do Estado de S\u00e3o Paulo (Proac). Originalmente o livro teria 150 p\u00e1ginas e seria impresso em uma cor. A pesquisa da hist\u00f3ria do grupo resultou em 250 p\u00e1ginas que ser\u00e3o impressas em 2 cores.<\/p>\n\n<p>A publica\u00e7\u00e3o conta toda a trajet\u00f3ria do grupo, com depoimentos de pessoas importantes para a consolida\u00e7\u00e3o do Circo Navegador e revela suas contribui\u00e7\u00f5es para o setor cultural, em especial no Litoral Norte de S\u00e3o Paulo.\u00a0<\/p>\n\n<p>Para ajudar, as pessoas interessadas podem acessar este link <a href=\"https:\/\/apoia.se\/livro25anos\">https:\/\/apoia.se\/livro25anos<\/a> e participar dessa constru\u00e7\u00e3o coletiva, contribuindo para fortalecer a mem\u00f3ria das artes e da cultura, t\u00e3o importantes no momento em que vivemos e tamb\u00e9m para a comemora\u00e7\u00e3o dos 25 anos de exist\u00eancia do Circo Navegador.\u00a0<\/p>\n\n<p>\u00c9 poss\u00edvel acompanhar o desenvolvimento da capa do livro pelo<a href=\"https:\/\/express.adobe.com\/page\/e5ehnTo7cf6nm\/\"> link https:\/\/express.adobe.com\/page\/e5ehnTo7cf6nm\/<\/a>. A aprova\u00e7\u00e3o de capa e diagrama\u00e7\u00e3o ser\u00e1 em fevereiro e a impress\u00e3o em mar\u00e7o.<\/p>\n\n<p>Entre os agrados est\u00e1 a possibilidade de assistir \u00e0 estreia do novo espet\u00e1culo da companhia, chamado <em>Boa Noite<\/em>, que acontecer\u00e1 no dia 26\/02 (domingo), \u00e0s 17h, no Espa\u00e7o Cultural Circo Navegador em S\u00e3o Sebasti\u00e3o. Esta op\u00e7\u00e3o \u00e9 reservada \u00e0s 50 primeiras pessoas que participarem do Financiamento Coletivo, j\u00e1 que os lugares s\u00e3o limitados.\u00a0<\/p>\n\n<p>A tem\u00e1tica do espet\u00e1culo \u00e9 o medo e a esperan\u00e7a, utilizando a arte como ferramenta de refor\u00e7o de v\u00ednculos entre cuidadores, pais, m\u00e3es e filhos e das crian\u00e7as com elas mesmas. A dire\u00e7\u00e3o \u00e9 de Leonardo Garcia Gon\u00e7alves, a dramaturgia e atua\u00e7\u00e3o \u00e9 de Luciano Draetta, a Cenografia de Bel Galvanese e a trilha sonora de Erickson Freitas.<\/p>\n\n<p>\u201cDurante nossa hist\u00f3ria, sempre contamos com apoiadores para nos ajudar a consolidar nossa atua\u00e7\u00e3o no Litoral Norte. E desta vez n\u00e3o ser\u00e1 diferente. Pedimos o aux\u00edlio de quem puder estar com a gente mais essa vez, para podermos celebrar os nossos 25 anos com muita alegria e bons projetos\u201d, destaca Luciano Draetta, diretor do Espa\u00e7o Cultural Circo Navegador. Revela ainda que \u201cfoi um processo de mergulho profundo nas hist\u00f3rias do grupo e suas\/seus integrantes. Muitas pessoas, muitas emo\u00e7\u00f5es, muito p\u00fablico, muita arte, muita cria\u00e7\u00e3o, e enfim, muita pot\u00eancia dedicada \u00e0 emancipa\u00e7\u00e3o por meio da criatividade\u201d.<\/p>\n\n<p><strong>Sobre o Escritor\/Autor Alexandre Mate<\/strong><\/p>\n\n<p>Concluiu o mestrado em Teatro pela ECA\/USP; doutorado em Hist\u00f3ria Social pela FFLCH\/USP, \u00e9 professor aposentado do Instituto de Artes da Unesp e professor orientador do curso de p\u00f3s-gradua\u00e7\u00e3o da mesma institui\u00e7\u00e3o. Autor de centenas de artigos e ensaios sobre teatro; autor de diversos livros concernentes \u00e0 \u00e1rea teatral; curadoria, orienta\u00e7\u00e3o, cursos e assessoria a diversos grupos de teatro no Brasil.<\/p>\n\n<p><strong>Sobre o Circo Navegador<\/strong><\/p>\n\n<p>O Circo Navegador est\u00e1 comemorando 25 anos de hist\u00f3ria e se consolidou em S\u00e3o Sebasti\u00e3o e no Litoral Norte como<a href=\"http:\/\/culturaviva.gov.br\/\"> Ponto de Cultura<\/a> (reconhecido pela<a href=\"http:\/\/www.planalto.gov.br\/ccivil_03\/_ato2011-2014\/2014\/lei\/l13018.htm\"> Lei Cultura Viva<\/a>) e mant\u00e9m programa\u00e7\u00e3o continuada. Pelo espa\u00e7o j\u00e1 passaram personalidades incr\u00edveis como Ju\u00e7ara Mar\u00e7al, Doralyce, Bia Ferreira, Luedji Luna, Lenna Bahule e Kiko Dinucci.<\/p>\n\n<p>Nos \u00faltimos oito anos, o espa\u00e7o j\u00e1 ofereceu 439 atividades art\u00edsticas, englobando artes c\u00eanicas, shows e sess\u00f5es de cinema, al\u00e9m de oficinas, workshops e rodas de conversa. Todas as atividades reuniram mais de 18 mil pessoas.\u00a0<\/p>\n\n<p><strong>#cultura #teatro #circo #litoralnorte #circonavegador #literatura #educacao #Proac2022 #circonavegador25anos #espa\u00e7oculturalcirconavegador<\/strong><\/p>\n\t\t\t\t\t\t\t\t<\/div>\n\t\t\t\t<\/div>\n\t\t\t\t\t<\/div>\n\t\t<\/div>\n\t\t\t\t\t<\/div>\n\t\t<\/section>\n\t\t\t\t<\/div>\n\t\t","protected":false},"excerpt":{"rendered":"<p>Circo Navegador lan\u00e7a Financiamento Coletivo para auxiliar na publica\u00e7\u00e3o do livro que comemora seus 25 anos Entre os benef\u00edcios dedicados aos apoiadores est\u00e3o o recebimento da vers\u00e3o impressa da publica\u00e7\u00e3o e participa\u00e7\u00e3o da estreia do novo espet\u00e1culo da companhia, chamado Boa Noite. O grupo Circo Navegador, que mant\u00e9m um espa\u00e7o cultural em S\u00e3o Sebasti\u00e3o (SP), lan\u00e7a um Financiamento Coletivo para auxiliar na produ\u00e7\u00e3o, edi\u00e7\u00e3o e distribui\u00e7\u00e3o do livro, escrito pelo Prof. Dr Alexandre Mate, que comemora os seus 25 anos de exist\u00eancia. Com diferentes modalidades de aux\u00edlio, quem se interessar em colaborar ter\u00e1 como benef\u00edcio o recebimento da vers\u00e3o impressa da publica\u00e7\u00e3o, que ser\u00e1 lan\u00e7ada em abril, al\u00e9m de outros agrados da companhia.\u00a0 O valor arrecadado ser\u00e1 utilizado para complementar as despesas com a impress\u00e3o, lan\u00e7amento e distribui\u00e7\u00e3o do livro. O projeto foi premiado pelo Programa de A\u00e7\u00e3o Cultural do Governo do Estado de S\u00e3o Paulo (Proac). Originalmente o livro teria 150 p\u00e1ginas e seria impresso em uma cor. A pesquisa da hist\u00f3ria do grupo resultou em 250 p\u00e1ginas que ser\u00e3o impressas em 2 cores. A publica\u00e7\u00e3o conta toda a trajet\u00f3ria do grupo, com depoimentos de pessoas importantes para a consolida\u00e7\u00e3o do Circo Navegador e revela suas contribui\u00e7\u00f5es para o setor cultural, em especial no Litoral Norte de S\u00e3o Paulo.\u00a0 Para ajudar, as pessoas interessadas podem acessar este link https:\/\/apoia.se\/livro25anos e participar dessa constru\u00e7\u00e3o coletiva, contribuindo para fortalecer a mem\u00f3ria das artes e da cultura, t\u00e3o importantes no momento em que vivemos e tamb\u00e9m para a comemora\u00e7\u00e3o dos 25 anos de exist\u00eancia do Circo Navegador.\u00a0 \u00c9 poss\u00edvel acompanhar o desenvolvimento da capa do livro pelo link https:\/\/express.adobe.com\/page\/e5ehnTo7cf6nm\/. A aprova\u00e7\u00e3o de capa e diagrama\u00e7\u00e3o ser\u00e1 em fevereiro e a impress\u00e3o em mar\u00e7o. Entre os agrados est\u00e1 a possibilidade de assistir \u00e0 estreia do novo espet\u00e1culo da companhia, chamado Boa Noite, que acontecer\u00e1 no dia 26\/02 (domingo), \u00e0s 17h, no Espa\u00e7o Cultural Circo Navegador em S\u00e3o Sebasti\u00e3o. Esta op\u00e7\u00e3o \u00e9 reservada \u00e0s 50 primeiras pessoas que participarem do Financiamento Coletivo, j\u00e1 que os lugares s\u00e3o limitados.\u00a0 A tem\u00e1tica do espet\u00e1culo \u00e9 o medo e a esperan\u00e7a, utilizando a arte como ferramenta de refor\u00e7o de v\u00ednculos entre cuidadores, pais, m\u00e3es e filhos e das crian\u00e7as com elas mesmas. A dire\u00e7\u00e3o \u00e9 de Leonardo Garcia Gon\u00e7alves, a dramaturgia e atua\u00e7\u00e3o \u00e9 de Luciano Draetta, a Cenografia de Bel Galvanese e a trilha sonora de Erickson Freitas. \u201cDurante nossa hist\u00f3ria, sempre contamos com apoiadores para nos ajudar a consolidar nossa atua\u00e7\u00e3o no Litoral Norte. E desta vez n\u00e3o ser\u00e1 diferente. Pedimos o aux\u00edlio de quem puder estar com a gente mais essa vez, para podermos celebrar os nossos 25 anos com muita alegria e bons projetos\u201d, destaca Luciano Draetta, diretor do Espa\u00e7o Cultural Circo Navegador. Revela ainda que \u201cfoi um processo de mergulho profundo nas hist\u00f3rias do grupo e suas\/seus integrantes. Muitas pessoas, muitas emo\u00e7\u00f5es, muito p\u00fablico, muita arte, muita cria\u00e7\u00e3o, e enfim, muita pot\u00eancia dedicada \u00e0 emancipa\u00e7\u00e3o por meio da criatividade\u201d. Sobre o Escritor\/Autor Alexandre Mate Concluiu o mestrado em Teatro pela ECA\/USP; doutorado em Hist\u00f3ria Social pela FFLCH\/USP, \u00e9 professor aposentado do Instituto de Artes da Unesp e professor orientador do curso de p\u00f3s-gradua\u00e7\u00e3o da mesma institui\u00e7\u00e3o. Autor de centenas de artigos e ensaios sobre teatro; autor de diversos livros concernentes \u00e0 \u00e1rea teatral; curadoria, orienta\u00e7\u00e3o, cursos e assessoria a diversos grupos de teatro no Brasil. Sobre o Circo Navegador O Circo Navegador est\u00e1 comemorando 25 anos de hist\u00f3ria e se consolidou em S\u00e3o Sebasti\u00e3o e no Litoral Norte como Ponto de Cultura (reconhecido pela Lei Cultura Viva) e mant\u00e9m programa\u00e7\u00e3o continuada. Pelo espa\u00e7o j\u00e1 passaram personalidades incr\u00edveis como Ju\u00e7ara Mar\u00e7al, Doralyce, Bia Ferreira, Luedji Luna, Lenna Bahule e Kiko Dinucci. Nos \u00faltimos oito anos, o espa\u00e7o j\u00e1 ofereceu 439 atividades art\u00edsticas, englobando artes c\u00eanicas, shows e sess\u00f5es de cinema, al\u00e9m de oficinas, workshops e rodas de conversa. Todas as atividades reuniram mais de 18 mil pessoas.\u00a0 #cultura #teatro #circo #litoralnorte #circonavegador #literatura #educacao #Proac2022 #circonavegador25anos #espa\u00e7oculturalcirconavegador<\/p>\n","protected":false},"author":1,"featured_media":2221,"comment_status":"open","ping_status":"open","sticky":false,"template":"","format":"standard","meta":{"_eb_attr":"","_EventAllDay":false,"_EventTimezone":"","_EventStartDate":"","_EventEndDate":"","_EventStartDateUTC":"","_EventEndDateUTC":"","_EventShowMap":false,"_EventShowMapLink":false,"_EventURL":"","_EventCost":"","_EventCostDescription":"","_EventCurrencySymbol":"","_EventCurrencyCode":"","_EventCurrencyPosition":"","_EventDateTimeSeparator":"","_EventTimeRangeSeparator":"","_EventOrganizerID":[],"_EventVenueID":[],"_OrganizerEmail":"","_OrganizerPhone":"","_OrganizerWebsite":"","_VenueAddress":"","_VenueCity":"","_VenueCountry":"","_VenueProvince":"","_VenueState":"","_VenueZip":"","_VenuePhone":"","_VenueURL":"","_VenueStateProvince":"","_VenueLat":"","_VenueLng":"","_VenueShowMap":false,"_VenueShowMapLink":false,"ocean_post_layout":"","ocean_both_sidebars_style":"","ocean_both_sidebars_content_width":0,"ocean_both_sidebars_sidebars_width":0,"ocean_sidebar":"","ocean_second_sidebar":"","ocean_disable_margins":"enable","ocean_add_body_class":"","ocean_shortcode_before_top_bar":"","ocean_shortcode_after_top_bar":"","ocean_shortcode_before_header":"","ocean_shortcode_after_header":"","ocean_has_shortcode":"","ocean_shortcode_after_title":"","ocean_shortcode_before_footer_widgets":"","ocean_shortcode_after_footer_widgets":"","ocean_shortcode_before_footer_bottom":"","ocean_shortcode_after_footer_bottom":"","ocean_display_top_bar":"default","ocean_display_header":"default","ocean_header_style":"","ocean_center_header_left_menu":"","ocean_custom_header_template":"","ocean_custom_logo":0,"ocean_custom_retina_logo":0,"ocean_custom_logo_max_width":0,"ocean_custom_logo_tablet_max_width":0,"ocean_custom_logo_mobile_max_width":0,"ocean_custom_logo_max_height":0,"ocean_custom_logo_tablet_max_height":0,"ocean_custom_logo_mobile_max_height":0,"ocean_header_custom_menu":"","ocean_menu_typo_font_family":"","ocean_menu_typo_font_subset":"","ocean_menu_typo_font_size":0,"ocean_menu_typo_font_size_tablet":0,"ocean_menu_typo_font_size_mobile":0,"ocean_menu_typo_font_size_unit":"px","ocean_menu_typo_font_weight":"","ocean_menu_typo_font_weight_tablet":"","ocean_menu_typo_font_weight_mobile":"","ocean_menu_typo_transform":"","ocean_menu_typo_transform_tablet":"","ocean_menu_typo_transform_mobile":"","ocean_menu_typo_line_height":0,"ocean_menu_typo_line_height_tablet":0,"ocean_menu_typo_line_height_mobile":0,"ocean_menu_typo_line_height_unit":"","ocean_menu_typo_spacing":0,"ocean_menu_typo_spacing_tablet":0,"ocean_menu_typo_spacing_mobile":0,"ocean_menu_typo_spacing_unit":"","ocean_menu_link_color":"","ocean_menu_link_color_hover":"","ocean_menu_link_color_active":"","ocean_menu_link_background":"","ocean_menu_link_hover_background":"","ocean_menu_link_active_background":"","ocean_menu_social_links_bg":"","ocean_menu_social_hover_links_bg":"","ocean_menu_social_links_color":"","ocean_menu_social_hover_links_color":"","ocean_disable_title":"default","ocean_disable_heading":"default","ocean_post_title":"","ocean_post_subheading":"","ocean_post_title_style":"","ocean_post_title_background_color":"","ocean_post_title_background":0,"ocean_post_title_bg_image_position":"","ocean_post_title_bg_image_attachment":"","ocean_post_title_bg_image_repeat":"","ocean_post_title_bg_image_size":"","ocean_post_title_height":0,"ocean_post_title_bg_overlay":0.5,"ocean_post_title_bg_overlay_color":"","ocean_disable_breadcrumbs":"default","ocean_breadcrumbs_color":"","ocean_breadcrumbs_separator_color":"","ocean_breadcrumbs_links_color":"","ocean_breadcrumbs_links_hover_color":"","ocean_display_footer_widgets":"default","ocean_display_footer_bottom":"default","ocean_custom_footer_template":"","ocean_post_oembed":"","ocean_post_self_hosted_media":"","ocean_post_video_embed":"","ocean_link_format":"","ocean_link_format_target":"self","ocean_quote_format":"","ocean_quote_format_link":"post","ocean_gallery_link_images":"on","ocean_gallery_id":[],"footnotes":""},"categories":[2],"tags":[],"class_list":["post-2357","post","type-post","status-publish","format-standard","has-post-thumbnail","hentry","category-noticias","entry","has-media"],"aioseo_notices":[],"jetpack_featured_media_url":"https:\/\/circonavegador.com.br\/wp-content\/uploads\/2023\/02\/capa_balcao.jpeg","_links":{"self":[{"href":"https:\/\/circonavegador.com.br\/index.php?rest_route=\/wp\/v2\/posts\/2357","targetHints":{"allow":["GET"]}}],"collection":[{"href":"https:\/\/circonavegador.com.br\/index.php?rest_route=\/wp\/v2\/posts"}],"about":[{"href":"https:\/\/circonavegador.com.br\/index.php?rest_route=\/wp\/v2\/types\/post"}],"author":[{"embeddable":true,"href":"https:\/\/circonavegador.com.br\/index.php?rest_route=\/wp\/v2\/users\/1"}],"replies":[{"embeddable":true,"href":"https:\/\/circonavegador.com.br\/index.php?rest_route=%2Fwp%2Fv2%2Fcomments&post=2357"}],"version-history":[{"count":0,"href":"https:\/\/circonavegador.com.br\/index.php?rest_route=\/wp\/v2\/posts\/2357\/revisions"}],"wp:featuredmedia":[{"embeddable":true,"href":"https:\/\/circonavegador.com.br\/index.php?rest_route=\/wp\/v2\/media\/2221"}],"wp:attachment":[{"href":"https:\/\/circonavegador.com.br\/index.php?rest_route=%2Fwp%2Fv2%2Fmedia&parent=2357"}],"wp:term":[{"taxonomy":"category","embeddable":true,"href":"https:\/\/circonavegador.com.br\/index.php?rest_route=%2Fwp%2Fv2%2Fcategories&post=2357"},{"taxonomy":"post_tag","embeddable":true,"href":"https:\/\/circonavegador.com.br\/index.php?rest_route=%2Fwp%2Fv2%2Ftags&post=2357"}],"curies":[{"name":"wp","href":"https:\/\/api.w.org\/{rel}","templated":true}]}}