{"id":5182,"global_id":"circonavegador.com.br?id=5182","global_id_lineage":["circonavegador.com.br?id=5182"],"author":"1","status":"publish","date":"2025-11-25 09:33:55","date_utc":"2025-11-25 12:33:55","modified":"2025-11-25 09:33:56","modified_utc":"2025-11-25 12:33:56","url":"https:\/\/circonavegador.com.br\/?tribe_events=debate-perspectivas-da-cop30-para-o-litoral-norte","rest_url":"https:\/\/circonavegador.com.br\/index.php?rest_route=\/tribe\/events\/v1\/events\/5182","title":"Debate: Perspectivas da COP30 para o Litoral Norte","description":"<div  class=\"tribe-events-schedule tribe-clearfix\" >\n\t<p class=\"tribe-events-schedule__datetime\">\n\t\t<span class=\"tribe-events-schedule__date tribe-events-schedule__date--start\">\n\t\t\t\t\t<\/span>\n\n\t\t\t\t\t<span class=\"tribe-events-schedule__separator tribe-events-schedule__separator--date\">\n\t\t\t\t @ \t\t\t<\/span>\n\t\t\t<span class=\"tribe-events-schedule__time tribe-events-schedule__time--start\">\n\t\t\t\t\t\t\t<\/span>\n\t\t\n\t\t\t<\/p>\n<\/div>\n\n\n\n<p>No dia 27 (quinta-feira), \u00e0s 19h, o debate re\u00fanir\u00e1 pessoas que estiveram na COP30 para trazer relatos e impress\u00f5es das discuss\u00f5es e seus reflexos em nossa regi\u00e3o. Estar\u00e3o presentes a vereadora Henriana Lacerda e o cientista social Lucas Lippi, militante do Coletivo Cai\u00e7ara de S\u00e3o Sebasti\u00e3o, e a media\u00e7\u00e3o \u00e9 da ambientalista Tatiana Araujo.<\/p>\n\n\n\n<p>Esta \u00e9 uma grande oportunidade de trazermos \u00e0 tona o tema t\u00e3o importante do destino das decis\u00f5es da COP30 e as possibilidades que se abrem para as pessoas que vivem no Litoral Norte paulista.<\/p>\n\n\n\n<p>Venham participar desse debate e contribuir para a proposta de pol\u00edticas p\u00fablicas que possam assegurar uma vida melhor.<\/p>\n\n\n\n<p>Presen\u00e7as confirmadas: Henriana Lacerda (debatedora) vereadora, co-fundadora da C\u00e1ritas da par\u00f3quia de S\u00e3o Sebasti\u00e3o, advogada no escrit\u00f3rio Lacerda e Carvalho e membra da comiss\u00e3o da OAB mulher.\u00a0 Tatiana Araujo (mediadora) empreendedora da Flow Sustent\u00e1vel, colaboradora da Confer\u00eancia Municipal de Meio Ambiente, delegada representando S\u00e3o Sebasti\u00e3o na Confer\u00eancia Estadual e Nacional de Meio Ambiente. Lucas Lippi (debatedor) cientista social e militante do Coletivo Cai\u00e7ara de S\u00e3o Sebasti\u00e3o, Ilhabela e Caraguatatuba. Esteve na COP30 como parte da delega\u00e7\u00e3o brasileira selecionada pelo Minist\u00e9rio do Meio Ambiente e Mudan\u00e7a Clim\u00e1tica.<\/p>\n\n\n\n<p>pelo WhatsApp:\u00a0<a href=\"https:\/\/wa.me\/p\/25885832931080153\/551221018249\" target=\"_blank\" rel=\"noopener\" title=\"Intelig\u00eancia Artificial, Burrice Natural\u2026 cada coisa pelo seu nome!\">(12) 2101-8249.<\/a><\/p>\n\n\n<div  class=\"tribe-block tribe-block__event-price\" >\n\t\t<\/div>\n\n\n\n\n<div  class=\"tribe-block tribe-block__venue tribe-clearfix\" >\n\t\n\t\t\n\t<\/div>\n\n\n\n\n\t<div  class=\"tribe-block tribe-block__events-link\" >\n\t\t<div class=\"tribe-events tribe-common\">\n\t\t\t<div class=\"tribe-events-c-subscribe-dropdown__container\">\n\t\t\t\t<div class=\"tribe-events-c-subscribe-dropdown\">\n\t\t\t\t\t<div class=\"tribe-common-c-btn-border tribe-events-c-subscribe-dropdown__button\">\n\t\t\t\t\t\t<svg\n\t class=\"tribe-common-c-svgicon tribe-common-c-svgicon--cal-export tribe-events-c-subscribe-dropdown__export-icon\" \taria-hidden=\"true\"\n\tviewBox=\"0 0 23 17\"\n\txmlns=\"http:\/\/www.w3.org\/2000\/svg\"\n>\n\t<path fill-rule=\"evenodd\" clip-rule=\"evenodd\" d=\"M.128.896V16.13c0 .211.145.383.323.383h15.354c.179 0 .323-.172.323-.383V.896c0-.212-.144-.383-.323-.383H.451C.273.513.128.684.128.896Zm16 6.742h-.901V4.679H1.009v10.729h14.218v-3.336h.901V7.638ZM1.01 1.614h14.218v2.058H1.009V1.614Z\" \/>\n\t<path d=\"M20.5 9.846H8.312M18.524 6.953l2.89 2.909-2.855 2.855\" stroke-width=\"1.2\" stroke-linecap=\"round\" stroke-linejoin=\"round\"\/>\n<\/svg>\n\t\t\t\t\t\t<button\n\t\t\t\t\t\t\tclass=\"tribe-events-c-subscribe-dropdown__button-text\"\n\t\t\t\t\t\t\taria-expanded=\"false\"\n\t\t\t\t\t\t\taria-controls=\"tribe-events-subscribe-dropdown-content\"\n\t\t\t\t\t\t\taria-label=\"View links to add events to your calendar\"\n\t\t\t\t\t\t>\n\t\t\t\t\t\t\tAdicionar ao calend\u00e1rio\t\t\t\t\t\t<\/button>\n\t\t\t\t\t\t<svg\n\t class=\"tribe-common-c-svgicon tribe-common-c-svgicon--caret-down tribe-events-c-subscribe-dropdown__button-icon\" \taria-hidden=\"true\"\n\tviewBox=\"0 0 10 7\"\n\txmlns=\"http:\/\/www.w3.org\/2000\/svg\"\n>\n\t<path fill-rule=\"evenodd\" clip-rule=\"evenodd\" d=\"M1.008.609L5 4.6 8.992.61l.958.958L5 6.517.05 1.566l.958-.958z\" class=\"tribe-common-c-svgicon__svg-fill\"\/>\n<\/svg>\n\t\t\t\t\t<\/div>\n\t\t\t\t\t<div id=\"tribe-events-subscribe-dropdown-content\" class=\"tribe-events-c-subscribe-dropdown__content\">\n\t\t\t\t\t\t<ul class=\"tribe-events-c-subscribe-dropdown__list\">\n\t\t\t\t\t\t\t\t\t\t\t\t\t\t\t<li class=\"tribe-events-c-subscribe-dropdown__list-item tribe-events-c-subscribe-dropdown__list-item--gcal\">\n\t\t\t\t\t\t\t\t\t<a\n\t\t\t\t\t\t\t\t\t\thref=\"\"\n\t\t\t\t\t\t\t\t\t\tclass=\"tribe-events-c-subscribe-dropdown__list-item-link\"\n\t\t\t\t\t\t\t\t\t\ttarget=\"_blank\"\n\t\t\t\t\t\t\t\t\t\trel=\"noopener noreferrer nofollow noindex\"\n\t\t\t\t\t\t\t\t\t>\n\t\t\t\t\t\t\t\t\t\tGoogle Agenda\t\t\t\t\t\t\t\t\t<\/a>\n\t\t\t\t\t\t\t\t<\/li>\n\t\t\t\t\t\t\t\t\t\t\t\t\t\t\t<li class=\"tribe-events-c-subscribe-dropdown__list-item tribe-events-c-subscribe-dropdown__list-item--ical\">\n\t\t\t\t\t\t\t\t\t<a\n\t\t\t\t\t\t\t\t\t\thref=\"\"\n\t\t\t\t\t\t\t\t\t\tclass=\"tribe-events-c-subscribe-dropdown__list-item-link\"\n\t\t\t\t\t\t\t\t\t\ttarget=\"_blank\"\n\t\t\t\t\t\t\t\t\t\trel=\"noopener noreferrer nofollow noindex\"\n\t\t\t\t\t\t\t\t\t>\n\t\t\t\t\t\t\t\t\t\tiCalendar\t\t\t\t\t\t\t\t\t<\/a>\n\t\t\t\t\t\t\t\t<\/li>\n\t\t\t\t\t\t\t\t\t\t\t\t\t\t\t<li class=\"tribe-events-c-subscribe-dropdown__list-item tribe-events-c-subscribe-dropdown__list-item--outlook-365\">\n\t\t\t\t\t\t\t\t\t<a\n\t\t\t\t\t\t\t\t\t\thref=\"\"\n\t\t\t\t\t\t\t\t\t\tclass=\"tribe-events-c-subscribe-dropdown__list-item-link\"\n\t\t\t\t\t\t\t\t\t\ttarget=\"_blank\"\n\t\t\t\t\t\t\t\t\t\trel=\"noopener noreferrer nofollow noindex\"\n\t\t\t\t\t\t\t\t\t>\n\t\t\t\t\t\t\t\t\t\tOutlook 365\t\t\t\t\t\t\t\t\t<\/a>\n\t\t\t\t\t\t\t\t<\/li>\n\t\t\t\t\t\t\t\t\t\t\t\t\t\t\t<li class=\"tribe-events-c-subscribe-dropdown__list-item tribe-events-c-subscribe-dropdown__list-item--outlook-live\">\n\t\t\t\t\t\t\t\t\t<a\n\t\t\t\t\t\t\t\t\t\thref=\"\"\n\t\t\t\t\t\t\t\t\t\tclass=\"tribe-events-c-subscribe-dropdown__list-item-link\"\n\t\t\t\t\t\t\t\t\t\ttarget=\"_blank\"\n\t\t\t\t\t\t\t\t\t\trel=\"noopener noreferrer nofollow noindex\"\n\t\t\t\t\t\t\t\t\t>\n\t\t\t\t\t\t\t\t\t\tOutlook Live\t\t\t\t\t\t\t\t\t<\/a>\n\t\t\t\t\t\t\t\t<\/li>\n\t\t\t\t\t\t\t\t\t\t\t\t\t<\/ul>\n\t\t\t\t\t<\/div>\n\t\t\t\t<\/div>\n\t\t\t<\/div>\n\t\t<\/div>\n\t<\/div>","excerpt":"","slug":"debate-perspectivas-da-cop30-para-o-litoral-norte","image":{"url":"https:\/\/circonavegador.com.br\/wp-content\/uploads\/2025\/11\/2025-11-27_cop30_henriana_card.png","id":5175,"extension":"png","width":1080,"height":1350,"filesize":462074,"sizes":{"medium":{"width":240,"height":300,"mime-type":"image\/png","filesize":20379,"url":"https:\/\/circonavegador.com.br\/wp-content\/uploads\/2025\/11\/2025-11-27_cop30_henriana_card-240x300.png"},"large":{"width":819,"height":1024,"mime-type":"image\/png","filesize":124487,"url":"https:\/\/circonavegador.com.br\/wp-content\/uploads\/2025\/11\/2025-11-27_cop30_henriana_card-819x1024.png"},"thumbnail":{"width":150,"height":150,"mime-type":"image\/png","filesize":9229,"url":"https:\/\/circonavegador.com.br\/wp-content\/uploads\/2025\/11\/2025-11-27_cop30_henriana_card-150x150.png"},"medium_large":{"width":768,"height":960,"mime-type":"image\/png","filesize":108525,"url":"https:\/\/circonavegador.com.br\/wp-content\/uploads\/2025\/11\/2025-11-27_cop30_henriana_card-768x960.png"},"ocean-thumb-m":{"width":600,"height":600,"mime-type":"image\/png","filesize":69284,"url":"https:\/\/circonavegador.com.br\/wp-content\/uploads\/2025\/11\/2025-11-27_cop30_henriana_card-600x600.png"},"ocean-thumb-ml":{"width":800,"height":450,"mime-type":"image\/png","filesize":72438,"url":"https:\/\/circonavegador.com.br\/wp-content\/uploads\/2025\/11\/2025-11-27_cop30_henriana_card-800x450.png"},"ocean-thumb-l":{"width":1080,"height":700,"mime-type":"image\/png","filesize":124058,"url":"https:\/\/circonavegador.com.br\/wp-content\/uploads\/2025\/11\/2025-11-27_cop30_henriana_card-1080x700.png"}}},"all_day":false,"start_date":"2025-11-27 19:00:00","start_date_details":{"year":"2025","month":"11","day":"27","hour":"19","minutes":"00","seconds":"00"},"end_date":"2025-11-27 19:00:00","end_date_details":{"year":"2025","month":"11","day":"27","hour":"19","minutes":"00","seconds":"00"},"utc_start_date":"2025-11-27 22:00:00","utc_start_date_details":{"year":"2025","month":"11","day":"27","hour":"22","minutes":"00","seconds":"00"},"utc_end_date":"2025-11-27 22:00:00","utc_end_date_details":{"year":"2025","month":"11","day":"27","hour":"22","minutes":"00","seconds":"00"},"timezone":"America\/Sao_Paulo","timezone_abbr":"","cost":"","cost_details":{"currency_symbol":"$","currency_code":"Rea","currency_position":"prefix","values":[]},"website":"","show_map":false,"show_map_link":false,"hide_from_listings":false,"sticky":false,"featured":false,"categories":[],"tags":[],"venue":[],"organizer":[],"custom_fields":[],"json_ld":{"@context":"http:\/\/schema.org","@type":"Event","name":"Debate: Perspectivas da COP30 para o Litoral Norte","description":"&lt;p&gt;No dia 27 (quinta-feira), \u00e0s 19h, o debate re\u00fanir\u00e1 pessoas que estiveram na COP30 para trazer relatos e impress\u00f5es das discuss\u00f5es e seus reflexos em nossa regi\u00e3o. Estar\u00e3o presentes a vereadora Henriana Lacerda e o cientista social Lucas Lippi, militante do Coletivo Cai\u00e7ara de S\u00e3o Sebasti\u00e3o, e a media\u00e7\u00e3o \u00e9 da ambientalista Tatiana Araujo. Esta \u00e9 uma grande oportunidade de trazermos \u00e0 tona o tema t\u00e3o importante do destino das decis\u00f5es da COP30 e as possibilidades que se abrem para as pessoas que vivem no Litoral Norte paulista. Venham participar desse debate e contribuir para a proposta de pol\u00edticas p\u00fablicas que possam assegurar uma vida melhor. Presen\u00e7as confirmadas: Henriana Lacerda (debatedora) vereadora, co-fundadora da C\u00e1ritas da par\u00f3quia de S\u00e3o Sebasti\u00e3o, advogada no escrit\u00f3rio Lacerda e Carvalho e membra da comiss\u00e3o da OAB mulher.\u00a0 Tatiana Araujo (mediadora) empreendedora da Flow Sustent\u00e1vel, colaboradora da Confer\u00eancia Municipal de Meio Ambiente, delegada representando S\u00e3o Sebasti\u00e3o na Confer\u00eancia Estadual e Nacional de Meio Ambiente. Lucas Lippi (debatedor) cientista social e militante do Coletivo Cai\u00e7ara de S\u00e3o Sebasti\u00e3o, Ilhabela e Caraguatatuba. Esteve na COP30 como parte da delega\u00e7\u00e3o brasileira selecionada pelo Minist\u00e9rio do Meio Ambiente e Mudan\u00e7a Clim\u00e1tica. pelo WhatsApp:\u00a0(12) 2101-8249.&lt;\/p&gt;\\n","image":"https:\/\/circonavegador.com.br\/wp-content\/uploads\/2025\/11\/2025-11-27_cop30_henriana_card.png","url":"https:\/\/circonavegador.com.br\/?tribe_events=debate-perspectivas-da-cop30-para-o-litoral-norte","eventAttendanceMode":"https:\/\/schema.org\/OfflineEventAttendanceMode","eventStatus":"https:\/\/schema.org\/EventScheduled","startDate":"2025-11-27T19:00:00-03:00","endDate":"2025-11-27T19:00:00-03:00","performer":"Organization"}}