{"id":4880,"global_id":"circonavegador.com.br?id=4880","global_id_lineage":["circonavegador.com.br?id=4880"],"author":"1","status":"publish","date":"2025-09-26 11:00:43","date_utc":"2025-09-26 14:00:43","modified":"2025-09-26 11:57:57","modified_utc":"2025-09-26 14:57:57","url":"https:\/\/circonavegador.com.br\/?tribe_events=o-som-dos-meninos-quietos","rest_url":"https:\/\/circonavegador.com.br\/index.php?rest_route=\/tribe\/events\/v1\/events\/4880","title":"O Som dos Meninos Quietos","description":"<div  class=\"tribe-events-schedule tribe-clearfix\" >\n\t<p class=\"tribe-events-schedule__datetime\">\n\t\t<span class=\"tribe-events-schedule__date tribe-events-schedule__date--start\">\n\t\t\t\t\t<\/span>\n\n\t\t\t\t\t<span class=\"tribe-events-schedule__separator tribe-events-schedule__separator--date\">\n\t\t\t\t @ \t\t\t<\/span>\n\t\t\t<span class=\"tribe-events-schedule__time tribe-events-schedule__time--start\">\n\t\t\t\t\t\t\t<\/span>\n\t\t\n\t\t\t<\/p>\n<\/div>\n\n\n\n<p>Dia 11 (s\u00e1bado), \u00e0s 17h, em comemora\u00e7\u00e3o ao Dia da Crian\u00e7a, Jean Garfunkel e Sonia Lopes apresentam o show po\u00e9tico musical dedicado aos pequenos.&nbsp;<\/p>\n\n\n\n<p>Inspirado na seguinte declara\u00e7\u00e3o do escritor Jo\u00e3o Guimar\u00e3es Rosa: \u201cAinda hei de escrever um pequeno tratado de brinquedos para meninos quietos\u201d, o compositor, poeta, cantor, int\u00e9rprete e contador de hist\u00f3rias Jean Garfunkel, concebeu em parceria com a pesquisadora da obra rosiana Selma Maria, este espet\u00e1culo l\u00edtero musical que contempla imagens e mem\u00f3rias da inf\u00e2ncia sertaneja, encontradas na literatura do mestre.&nbsp;<\/p>\n\n\n\n<p>O menino quieto sempre observando, criando seus pr\u00f3prios brinquedos, brincando de imaginar \u00e9 o protagonista desta m\u00e1gica aventura.<\/p>\n\n\n\n<p>O Som dos Meninos Quietos conta com a participa\u00e7\u00e3o especial\u00edssima da compositora, int\u00e9rprete, contadora de hist\u00f3rias e not\u00f3ria entusiasta da cultura cai\u00e7ara Sonia Lopes.<\/p>\n\n\n\n<p>Jean Garfunkel \u00e9 compositor e int\u00e9rprete, com tr\u00eas CDs gravados em parceria com seu irm\u00e3o Paulo Garfunkel, e m\u00fasicas nas vozes de grandes nomes da MPB tais como: Zizi Possi, Pena Branca e Xavantinho, Elis Regina e Maria Rita. O Som dos Meninos Quietos j\u00e1 foi apresentado nas unidades do SESC, SESI, C\u00c9U, Bibliotecas, Escolas e Teatros da Caixa Econ\u00f4mica Federal e no Museu da Casa Guimar\u00e3es Rosa em Cordisburgo (terra natal do escritor).<\/p>\n\n\n\n<p>Os ingressos promocionais podem ser adquiridos antecipadamente por R$20,00 pelo WhatsApp: <a href=\"https:\/\/wa.me\/p\/24412372471718173\/551221018249\" target=\"_blank\" rel=\"noopener\" title=\"\">(12) 2101-8249<\/a>.<\/p>\n\n\n<div  class=\"tribe-block tribe-block__event-price\" >\n\t\t<\/div>\n\n\n\n\n<div  class=\"tribe-block tribe-block__venue tribe-clearfix\" >\n\t\n\t\t\n\t<\/div>\n\n\n\n\n\t<div  class=\"tribe-block tribe-block__events-link\" >\n\t\t<div class=\"tribe-events tribe-common\">\n\t\t\t<div class=\"tribe-events-c-subscribe-dropdown__container\">\n\t\t\t\t<div class=\"tribe-events-c-subscribe-dropdown\">\n\t\t\t\t\t<div class=\"tribe-common-c-btn-border tribe-events-c-subscribe-dropdown__button\">\n\t\t\t\t\t\t<svg\n\t class=\"tribe-common-c-svgicon tribe-common-c-svgicon--cal-export tribe-events-c-subscribe-dropdown__export-icon\" \taria-hidden=\"true\"\n\tviewBox=\"0 0 23 17\"\n\txmlns=\"http:\/\/www.w3.org\/2000\/svg\"\n>\n\t<path fill-rule=\"evenodd\" clip-rule=\"evenodd\" d=\"M.128.896V16.13c0 .211.145.383.323.383h15.354c.179 0 .323-.172.323-.383V.896c0-.212-.144-.383-.323-.383H.451C.273.513.128.684.128.896Zm16 6.742h-.901V4.679H1.009v10.729h14.218v-3.336h.901V7.638ZM1.01 1.614h14.218v2.058H1.009V1.614Z\" \/>\n\t<path d=\"M20.5 9.846H8.312M18.524 6.953l2.89 2.909-2.855 2.855\" stroke-width=\"1.2\" stroke-linecap=\"round\" stroke-linejoin=\"round\"\/>\n<\/svg>\n\t\t\t\t\t\t<button\n\t\t\t\t\t\t\tclass=\"tribe-events-c-subscribe-dropdown__button-text\"\n\t\t\t\t\t\t\taria-expanded=\"false\"\n\t\t\t\t\t\t\taria-controls=\"tribe-events-subscribe-dropdown-content\"\n\t\t\t\t\t\t\taria-label=\"View links to add events to your calendar\"\n\t\t\t\t\t\t>\n\t\t\t\t\t\t\tAdicionar ao calend\u00e1rio\t\t\t\t\t\t<\/button>\n\t\t\t\t\t\t<svg\n\t class=\"tribe-common-c-svgicon tribe-common-c-svgicon--caret-down tribe-events-c-subscribe-dropdown__button-icon\" \taria-hidden=\"true\"\n\tviewBox=\"0 0 10 7\"\n\txmlns=\"http:\/\/www.w3.org\/2000\/svg\"\n>\n\t<path fill-rule=\"evenodd\" clip-rule=\"evenodd\" d=\"M1.008.609L5 4.6 8.992.61l.958.958L5 6.517.05 1.566l.958-.958z\" class=\"tribe-common-c-svgicon__svg-fill\"\/>\n<\/svg>\n\t\t\t\t\t<\/div>\n\t\t\t\t\t<div id=\"tribe-events-subscribe-dropdown-content\" class=\"tribe-events-c-subscribe-dropdown__content\">\n\t\t\t\t\t\t<ul class=\"tribe-events-c-subscribe-dropdown__list\">\n\t\t\t\t\t\t\t\t\t\t\t\t\t\t\t<li class=\"tribe-events-c-subscribe-dropdown__list-item tribe-events-c-subscribe-dropdown__list-item--gcal\">\n\t\t\t\t\t\t\t\t\t<a\n\t\t\t\t\t\t\t\t\t\thref=\"\"\n\t\t\t\t\t\t\t\t\t\tclass=\"tribe-events-c-subscribe-dropdown__list-item-link\"\n\t\t\t\t\t\t\t\t\t\ttarget=\"_blank\"\n\t\t\t\t\t\t\t\t\t\trel=\"noopener noreferrer nofollow noindex\"\n\t\t\t\t\t\t\t\t\t>\n\t\t\t\t\t\t\t\t\t\tGoogle Agenda\t\t\t\t\t\t\t\t\t<\/a>\n\t\t\t\t\t\t\t\t<\/li>\n\t\t\t\t\t\t\t\t\t\t\t\t\t\t\t<li class=\"tribe-events-c-subscribe-dropdown__list-item tribe-events-c-subscribe-dropdown__list-item--ical\">\n\t\t\t\t\t\t\t\t\t<a\n\t\t\t\t\t\t\t\t\t\thref=\"\"\n\t\t\t\t\t\t\t\t\t\tclass=\"tribe-events-c-subscribe-dropdown__list-item-link\"\n\t\t\t\t\t\t\t\t\t\ttarget=\"_blank\"\n\t\t\t\t\t\t\t\t\t\trel=\"noopener noreferrer nofollow noindex\"\n\t\t\t\t\t\t\t\t\t>\n\t\t\t\t\t\t\t\t\t\tiCalendar\t\t\t\t\t\t\t\t\t<\/a>\n\t\t\t\t\t\t\t\t<\/li>\n\t\t\t\t\t\t\t\t\t\t\t\t\t\t\t<li class=\"tribe-events-c-subscribe-dropdown__list-item tribe-events-c-subscribe-dropdown__list-item--outlook-365\">\n\t\t\t\t\t\t\t\t\t<a\n\t\t\t\t\t\t\t\t\t\thref=\"\"\n\t\t\t\t\t\t\t\t\t\tclass=\"tribe-events-c-subscribe-dropdown__list-item-link\"\n\t\t\t\t\t\t\t\t\t\ttarget=\"_blank\"\n\t\t\t\t\t\t\t\t\t\trel=\"noopener noreferrer nofollow noindex\"\n\t\t\t\t\t\t\t\t\t>\n\t\t\t\t\t\t\t\t\t\tOutlook 365\t\t\t\t\t\t\t\t\t<\/a>\n\t\t\t\t\t\t\t\t<\/li>\n\t\t\t\t\t\t\t\t\t\t\t\t\t\t\t<li class=\"tribe-events-c-subscribe-dropdown__list-item tribe-events-c-subscribe-dropdown__list-item--outlook-live\">\n\t\t\t\t\t\t\t\t\t<a\n\t\t\t\t\t\t\t\t\t\thref=\"\"\n\t\t\t\t\t\t\t\t\t\tclass=\"tribe-events-c-subscribe-dropdown__list-item-link\"\n\t\t\t\t\t\t\t\t\t\ttarget=\"_blank\"\n\t\t\t\t\t\t\t\t\t\trel=\"noopener noreferrer nofollow noindex\"\n\t\t\t\t\t\t\t\t\t>\n\t\t\t\t\t\t\t\t\t\tOutlook Live\t\t\t\t\t\t\t\t\t<\/a>\n\t\t\t\t\t\t\t\t<\/li>\n\t\t\t\t\t\t\t\t\t\t\t\t\t<\/ul>\n\t\t\t\t\t<\/div>\n\t\t\t\t<\/div>\n\t\t\t<\/div>\n\t\t<\/div>\n\t<\/div>","excerpt":"","slug":"o-som-dos-meninos-quietos","image":{"url":"https:\/\/circonavegador.com.br\/wp-content\/uploads\/2025\/09\/2025-10-11_show_jean_sonia.png","id":4881,"extension":"png","width":1080,"height":1350,"filesize":2863151,"sizes":{"medium":{"width":240,"height":300,"mime-type":"image\/png","filesize":49014,"url":"https:\/\/circonavegador.com.br\/wp-content\/uploads\/2025\/09\/2025-10-11_show_jean_sonia-240x300.png"},"large":{"width":819,"height":1024,"mime-type":"image\/png","filesize":401332,"url":"https:\/\/circonavegador.com.br\/wp-content\/uploads\/2025\/09\/2025-10-11_show_jean_sonia-819x1024.png"},"thumbnail":{"width":150,"height":150,"mime-type":"image\/png","filesize":19082,"url":"https:\/\/circonavegador.com.br\/wp-content\/uploads\/2025\/09\/2025-10-11_show_jean_sonia-150x150.png"},"medium_large":{"width":768,"height":960,"mime-type":"image\/png","filesize":357485,"url":"https:\/\/circonavegador.com.br\/wp-content\/uploads\/2025\/09\/2025-10-11_show_jean_sonia-768x960.png"},"ocean-thumb-m":{"width":600,"height":600,"mime-type":"image\/png","filesize":196921,"url":"https:\/\/circonavegador.com.br\/wp-content\/uploads\/2025\/09\/2025-10-11_show_jean_sonia-600x600.png"},"ocean-thumb-ml":{"width":800,"height":450,"mime-type":"image\/png","filesize":219575,"url":"https:\/\/circonavegador.com.br\/wp-content\/uploads\/2025\/09\/2025-10-11_show_jean_sonia-800x450.png"},"ocean-thumb-l":{"width":1080,"height":700,"mime-type":"image\/png","filesize":491006,"url":"https:\/\/circonavegador.com.br\/wp-content\/uploads\/2025\/09\/2025-10-11_show_jean_sonia-1080x700.png"}}},"all_day":false,"start_date":"2025-10-11 17:00:00","start_date_details":{"year":"2025","month":"10","day":"11","hour":"17","minutes":"00","seconds":"00"},"end_date":"2025-10-11 17:00:00","end_date_details":{"year":"2025","month":"10","day":"11","hour":"17","minutes":"00","seconds":"00"},"utc_start_date":"2025-10-11 20:00:00","utc_start_date_details":{"year":"2025","month":"10","day":"11","hour":"20","minutes":"00","seconds":"00"},"utc_end_date":"2025-10-11 20:00:00","utc_end_date_details":{"year":"2025","month":"10","day":"11","hour":"20","minutes":"00","seconds":"00"},"timezone":"America\/Sao_Paulo","timezone_abbr":"","cost":"$20","cost_details":{"currency_symbol":"$","currency_code":"Rea","currency_position":"prefix","values":["20"]},"website":"","show_map":false,"show_map_link":false,"hide_from_listings":false,"sticky":false,"featured":false,"categories":[],"tags":[],"venue":[],"organizer":[],"custom_fields":[],"json_ld":{"@context":"http:\/\/schema.org","@type":"Event","name":"O Som dos Meninos Quietos","description":"&lt;p&gt;Dia 11 (s\u00e1bado), \u00e0s 17h, em comemora\u00e7\u00e3o ao Dia da Crian\u00e7a, Jean Garfunkel e Sonia Lopes apresentam o show po\u00e9tico musical dedicado aos pequenos.&nbsp; Inspirado na seguinte declara\u00e7\u00e3o do escritor Jo\u00e3o Guimar\u00e3es Rosa: \u201cAinda hei de escrever um pequeno tratado de brinquedos para meninos quietos\u201d, o compositor, poeta, cantor, int\u00e9rprete e contador de hist\u00f3rias Jean Garfunkel, concebeu em parceria com a pesquisadora da obra rosiana Selma Maria, este espet\u00e1culo l\u00edtero musical que contempla imagens e mem\u00f3rias da inf\u00e2ncia sertaneja, encontradas na literatura do mestre.&nbsp; O menino quieto sempre observando, criando seus pr\u00f3prios brinquedos, brincando de imaginar \u00e9 o protagonista desta m\u00e1gica aventura. O Som dos Meninos Quietos conta com a participa\u00e7\u00e3o especial\u00edssima da compositora, int\u00e9rprete, contadora de hist\u00f3rias e not\u00f3ria entusiasta da cultura cai\u00e7ara Sonia Lopes. Jean Garfunkel \u00e9 compositor e int\u00e9rprete, com tr\u00eas CDs gravados em parceria com seu irm\u00e3o Paulo Garfunkel, e m\u00fasicas nas vozes de grandes nomes da MPB tais como: Zizi Possi, Pena Branca e Xavantinho, Elis Regina e Maria Rita. O Som dos Meninos Quietos j\u00e1 foi apresentado nas unidades do SESC, SESI, C\u00c9U, Bibliotecas, Escolas e Teatros da Caixa Econ\u00f4mica Federal e no Museu da Casa Guimar\u00e3es Rosa em Cordisburgo (terra natal do escritor). Os ingressos promocionais podem ser adquiridos antecipadamente por R$20,00 pelo WhatsApp: (12) 2101-8249.&lt;\/p&gt;\\n","image":"https:\/\/circonavegador.com.br\/wp-content\/uploads\/2025\/09\/2025-10-11_show_jean_sonia.png","url":"https:\/\/circonavegador.com.br\/?tribe_events=o-som-dos-meninos-quietos","eventAttendanceMode":"https:\/\/schema.org\/OfflineEventAttendanceMode","eventStatus":"https:\/\/schema.org\/EventScheduled","startDate":"2025-10-11T17:00:00-03:00","endDate":"2025-10-11T17:00:00-03:00","offers":{"@type":"Offer","price":"20","priceCurrency":"Rea","url":"https:\/\/circonavegador.com.br\/?tribe_events=o-som-dos-meninos-quietos","category":"primary","availability":"inStock","validFrom":"1970-01-01T00:00:00+00:00"},"performer":"Organization"}}