{"id":4571,"global_id":"circonavegador.com.br?id=4571","global_id_lineage":["circonavegador.com.br?id=4571"],"author":"1","status":"publish","date":"2025-06-12 15:25:22","date_utc":"2025-06-12 18:25:22","modified":"2025-06-12 15:30:11","modified_utc":"2025-06-12 18:30:11","url":"https:\/\/circonavegador.com.br\/?tribe_events=oficina-teima-atelie-de-criacao","rest_url":"https:\/\/circonavegador.com.br\/index.php?rest_route=\/tribe\/events\/v1\/events\/4571","title":"Oficina \u2018Teima &#8211; Ateli\u00ea de Cria\u00e7\u00e3o\u2019","description":"<div  class=\"tribe-events-schedule tribe-clearfix\" >\n\t<p class=\"tribe-events-schedule__datetime\">\n\t\t<span class=\"tribe-events-schedule__date tribe-events-schedule__date--start\">\n\t\t\t\t\t<\/span>\n\n\t\t\t\t\t<span class=\"tribe-events-schedule__separator tribe-events-schedule__separator--date\">\n\t\t\t\t @ \t\t\t<\/span>\n\t\t\t<span class=\"tribe-events-schedule__time tribe-events-schedule__time--start\">\n\t\t\t\t\t\t\t<\/span>\n\t\t\n\t\t\t<\/p>\n<\/div>\n\n\n\n<p>A proposta da oficina \u201cTeima &#8211; Ateli\u00ea de Cria\u00e7\u00e3o\u201d \u00e9 criar novas formas, acessar<br>refer\u00eancias art\u00edsticas e t\u00e9cnicas, para alcan\u00e7ar novos olhares para a criatividade. A<br>atividade acontece no Espa\u00e7o Cultural Circo Navegador nos dias 17 e 24\/06 e 1 e<br>8\/7, sempre das 19h \u00e0s 21h.<br>As pessoas interessadas podem se inscrever pelo formul\u00e1rio online. Ser\u00e1 oferecida<br>uma bolsa social e, na escolha das candidaturas, ter\u00e3o prioridade m\u00e3es, pessoas<br>negras, ind\u00edgenas, LGBTQIAPN+, perif\u00e9ricas, em situa\u00e7\u00e3o de vulnerabilidade social<br>e PcDs. N\u00e3o \u00e9 preciso ter experi\u00eancias art\u00edsticas, apenas desejo, teimosia e tempo<br>para o mergulho criativo. A atividade \u00e9 recomendada para pessoas a partir de 16<br>anos.<\/p>\n\n\n\n<p>Inscreva-se pelo link: https:\/\/docs.google.com\/forms\/d\/e\/1FAIpQLSciiyVBiflQSxiYangv8GzvY_P89hePbbKeJn8FCbx6gstiPw\/viewform<\/p>\n\n\n\n<p><\/p>\n\n\n\n<p><\/p>\n\n\n<div  class=\"tribe-block tribe-block__event-price\" >\n\t\t<\/div>\n\n\n\n\n<div  class=\"tribe-block tribe-block__venue tribe-clearfix tribe-block__venue--has-map\" >\n\t\n\t\t\n<div class=\"tribe-block__venue__map\">\n\t\n<iframe\n  title=\"Google maps iframe displaying the address to Rua Prefeito Mansueto Pierotti, 826, Vila Am\u00e9lia\"\n  aria-label=\"Mapa de localiza\u00e7\u00e3o do local\"\n  width=\"310px\"\n  height=\"256px\"\n  frameborder=\"0\" style=\"border:0\"\n  src=\"https:\/\/www.google.com\/maps\/embed\/v1\/place?key=AIzaSyDNsicAsP6-VuGtAb1O9riI3oc_NOb7IOU&#038;q=Rua+Prefeito+Mansueto+Pierotti%2C+826%2C+Vila+Am%C3%A9lia+S%C3%83O+SEBASTI%C3%83%C6%92O+S%C3%A3o+Paulo+S%C3%A3o+Paulo+11600-000+Brazil+&#038;zoom=10\" allowfullscreen>\n<\/iframe>\n<\/div>\n\n\t<\/div>\n\n\n\n\n\t<div  class=\"tribe-block tribe-block__events-link\" >\n\t\t<div class=\"tribe-events tribe-common\">\n\t\t\t<div class=\"tribe-events-c-subscribe-dropdown__container\">\n\t\t\t\t<div class=\"tribe-events-c-subscribe-dropdown\">\n\t\t\t\t\t<div class=\"tribe-common-c-btn-border tribe-events-c-subscribe-dropdown__button\">\n\t\t\t\t\t\t<svg\n\t class=\"tribe-common-c-svgicon tribe-common-c-svgicon--cal-export tribe-events-c-subscribe-dropdown__export-icon\" \taria-hidden=\"true\"\n\tviewBox=\"0 0 23 17\"\n\txmlns=\"http:\/\/www.w3.org\/2000\/svg\"\n>\n\t<path fill-rule=\"evenodd\" clip-rule=\"evenodd\" d=\"M.128.896V16.13c0 .211.145.383.323.383h15.354c.179 0 .323-.172.323-.383V.896c0-.212-.144-.383-.323-.383H.451C.273.513.128.684.128.896Zm16 6.742h-.901V4.679H1.009v10.729h14.218v-3.336h.901V7.638ZM1.01 1.614h14.218v2.058H1.009V1.614Z\" \/>\n\t<path d=\"M20.5 9.846H8.312M18.524 6.953l2.89 2.909-2.855 2.855\" stroke-width=\"1.2\" stroke-linecap=\"round\" stroke-linejoin=\"round\"\/>\n<\/svg>\n\t\t\t\t\t\t<button\n\t\t\t\t\t\t\tclass=\"tribe-events-c-subscribe-dropdown__button-text\"\n\t\t\t\t\t\t\taria-expanded=\"false\"\n\t\t\t\t\t\t\taria-controls=\"tribe-events-subscribe-dropdown-content\"\n\t\t\t\t\t\t\taria-label=\"View links to add events to your calendar\"\n\t\t\t\t\t\t>\n\t\t\t\t\t\t\tAdicionar ao calend\u00e1rio\t\t\t\t\t\t<\/button>\n\t\t\t\t\t\t<svg\n\t class=\"tribe-common-c-svgicon tribe-common-c-svgicon--caret-down tribe-events-c-subscribe-dropdown__button-icon\" \taria-hidden=\"true\"\n\tviewBox=\"0 0 10 7\"\n\txmlns=\"http:\/\/www.w3.org\/2000\/svg\"\n>\n\t<path fill-rule=\"evenodd\" clip-rule=\"evenodd\" d=\"M1.008.609L5 4.6 8.992.61l.958.958L5 6.517.05 1.566l.958-.958z\" class=\"tribe-common-c-svgicon__svg-fill\"\/>\n<\/svg>\n\t\t\t\t\t<\/div>\n\t\t\t\t\t<div id=\"tribe-events-subscribe-dropdown-content\" class=\"tribe-events-c-subscribe-dropdown__content\">\n\t\t\t\t\t\t<ul class=\"tribe-events-c-subscribe-dropdown__list\">\n\t\t\t\t\t\t\t\t\t\t\t\t\t\t\t<li class=\"tribe-events-c-subscribe-dropdown__list-item tribe-events-c-subscribe-dropdown__list-item--gcal\">\n\t\t\t\t\t\t\t\t\t<a\n\t\t\t\t\t\t\t\t\t\thref=\"\"\n\t\t\t\t\t\t\t\t\t\tclass=\"tribe-events-c-subscribe-dropdown__list-item-link\"\n\t\t\t\t\t\t\t\t\t\ttarget=\"_blank\"\n\t\t\t\t\t\t\t\t\t\trel=\"noopener noreferrer nofollow noindex\"\n\t\t\t\t\t\t\t\t\t>\n\t\t\t\t\t\t\t\t\t\tGoogle Agenda\t\t\t\t\t\t\t\t\t<\/a>\n\t\t\t\t\t\t\t\t<\/li>\n\t\t\t\t\t\t\t\t\t\t\t\t\t\t\t<li class=\"tribe-events-c-subscribe-dropdown__list-item tribe-events-c-subscribe-dropdown__list-item--ical\">\n\t\t\t\t\t\t\t\t\t<a\n\t\t\t\t\t\t\t\t\t\thref=\"\"\n\t\t\t\t\t\t\t\t\t\tclass=\"tribe-events-c-subscribe-dropdown__list-item-link\"\n\t\t\t\t\t\t\t\t\t\ttarget=\"_blank\"\n\t\t\t\t\t\t\t\t\t\trel=\"noopener noreferrer nofollow noindex\"\n\t\t\t\t\t\t\t\t\t>\n\t\t\t\t\t\t\t\t\t\tiCalendar\t\t\t\t\t\t\t\t\t<\/a>\n\t\t\t\t\t\t\t\t<\/li>\n\t\t\t\t\t\t\t\t\t\t\t\t\t\t\t<li class=\"tribe-events-c-subscribe-dropdown__list-item tribe-events-c-subscribe-dropdown__list-item--outlook-365\">\n\t\t\t\t\t\t\t\t\t<a\n\t\t\t\t\t\t\t\t\t\thref=\"\"\n\t\t\t\t\t\t\t\t\t\tclass=\"tribe-events-c-subscribe-dropdown__list-item-link\"\n\t\t\t\t\t\t\t\t\t\ttarget=\"_blank\"\n\t\t\t\t\t\t\t\t\t\trel=\"noopener noreferrer nofollow noindex\"\n\t\t\t\t\t\t\t\t\t>\n\t\t\t\t\t\t\t\t\t\tOutlook 365\t\t\t\t\t\t\t\t\t<\/a>\n\t\t\t\t\t\t\t\t<\/li>\n\t\t\t\t\t\t\t\t\t\t\t\t\t\t\t<li class=\"tribe-events-c-subscribe-dropdown__list-item tribe-events-c-subscribe-dropdown__list-item--outlook-live\">\n\t\t\t\t\t\t\t\t\t<a\n\t\t\t\t\t\t\t\t\t\thref=\"\"\n\t\t\t\t\t\t\t\t\t\tclass=\"tribe-events-c-subscribe-dropdown__list-item-link\"\n\t\t\t\t\t\t\t\t\t\ttarget=\"_blank\"\n\t\t\t\t\t\t\t\t\t\trel=\"noopener noreferrer nofollow noindex\"\n\t\t\t\t\t\t\t\t\t>\n\t\t\t\t\t\t\t\t\t\tOutlook Live\t\t\t\t\t\t\t\t\t<\/a>\n\t\t\t\t\t\t\t\t<\/li>\n\t\t\t\t\t\t\t\t\t\t\t\t\t<\/ul>\n\t\t\t\t\t<\/div>\n\t\t\t\t<\/div>\n\t\t\t<\/div>\n\t\t<\/div>\n\t<\/div>","excerpt":"","slug":"oficina-teima-atelie-de-criacao","image":{"url":"https:\/\/circonavegador.com.br\/wp-content\/uploads\/2025\/06\/2025-05-30-oficina-teima-scaled.jpg","id":4572,"extension":"jpg","width":2047,"height":2560,"filesize":411889,"sizes":{"medium":{"width":240,"height":300,"mime-type":"image\/jpeg","filesize":26301,"url":"https:\/\/circonavegador.com.br\/wp-content\/uploads\/2025\/06\/2025-05-30-oficina-teima-240x300.jpg"},"large":{"width":819,"height":1024,"mime-type":"image\/jpeg","filesize":129993,"url":"https:\/\/circonavegador.com.br\/wp-content\/uploads\/2025\/06\/2025-05-30-oficina-teima-819x1024.jpg"},"thumbnail":{"width":150,"height":150,"mime-type":"image\/jpeg","filesize":13296,"url":"https:\/\/circonavegador.com.br\/wp-content\/uploads\/2025\/06\/2025-05-30-oficina-teima-150x150.jpg"},"medium_large":{"width":768,"height":961,"mime-type":"image\/jpeg","filesize":119854,"url":"https:\/\/circonavegador.com.br\/wp-content\/uploads\/2025\/06\/2025-05-30-oficina-teima-768x961.jpg"},"1536x1536":{"width":1228,"height":1536,"mime-type":"image\/jpeg","filesize":219221,"url":"https:\/\/circonavegador.com.br\/wp-content\/uploads\/2025\/06\/2025-05-30-oficina-teima-1228x1536.jpg"},"2048x2048":{"width":1637,"height":2048,"mime-type":"image\/jpeg","filesize":312646,"url":"https:\/\/circonavegador.com.br\/wp-content\/uploads\/2025\/06\/2025-05-30-oficina-teima-1637x2048.jpg"},"ocean-thumb-m":{"width":600,"height":600,"mime-type":"image\/jpeg","filesize":71345,"url":"https:\/\/circonavegador.com.br\/wp-content\/uploads\/2025\/06\/2025-05-30-oficina-teima-600x600.jpg"},"ocean-thumb-ml":{"width":800,"height":450,"mime-type":"image\/jpeg","filesize":62393,"url":"https:\/\/circonavegador.com.br\/wp-content\/uploads\/2025\/06\/2025-05-30-oficina-teima-800x450.jpg"},"ocean-thumb-l":{"width":1200,"height":700,"mime-type":"image\/jpeg","filesize":106065,"url":"https:\/\/circonavegador.com.br\/wp-content\/uploads\/2025\/06\/2025-05-30-oficina-teima-1200x700.jpg"}},"original_image":"2025-05-30-oficina-teima.jpg"},"all_day":false,"start_date":"2025-06-17 08:00:00","start_date_details":{"year":"2025","month":"06","day":"17","hour":"08","minutes":"00","seconds":"00"},"end_date":"2025-06-17 17:00:00","end_date_details":{"year":"2025","month":"06","day":"17","hour":"17","minutes":"00","seconds":"00"},"utc_start_date":"2025-06-17 11:00:00","utc_start_date_details":{"year":"2025","month":"06","day":"17","hour":"11","minutes":"00","seconds":"00"},"utc_end_date":"2025-06-17 20:00:00","utc_end_date_details":{"year":"2025","month":"06","day":"17","hour":"20","minutes":"00","seconds":"00"},"timezone":"America\/Sao_Paulo","timezone_abbr":"","cost":"","cost_details":{"currency_symbol":"$","currency_code":"Rea","currency_position":"prefix","values":[]},"website":"","show_map":false,"show_map_link":false,"hide_from_listings":false,"sticky":false,"featured":false,"categories":[],"tags":[],"venue":{"id":4576,"author":"1","status":"publish","date":"2025-06-12 15:29:54","date_utc":"0000-00-00 00:00:00","modified":"2025-06-12 15:29:54","modified_utc":"2025-06-12 18:29:54","url":"https:\/\/circonavegador.com.br\/?tribe_venue","venue":"Rua Prefeito Mansueto Pierotti, 826, Vila Am\u00e9lia","address":"Rua Prefeito Mansueto Pierotti, 826, Vila Am\u00e9lia","city":"S\u00c3O SEBASTI\u00c3\u0192O","country":"Brazil","province":"S\u00e3o Paulo","state":"S\u00e3o Paulo","zip":"11600-000","stateprovince":"S\u00e3o Paulo","json_ld":{"@type":"Place","name":"Rua Prefeito Mansueto Pierotti, 826, Vila Am\u00e9lia","description":"","url":"","address":{"@type":"PostalAddress","streetAddress":"Rua Prefeito Mansueto Pierotti, 826, Vila Am\u00e9lia","addressLocality":"S\u00c3O SEBASTI\u00c3\u0192O","addressRegion":"S\u00e3o Paulo","postalCode":"11600-000","addressCountry":"Brazil"},"telephone":"","sameAs":""},"show_map":true,"show_map_link":true,"global_id":"circonavegador.com.br?id=4576","global_id_lineage":["circonavegador.com.br?id=4576"]},"organizer":[],"custom_fields":[],"json_ld":{"@context":"http:\/\/schema.org","@type":"Event","name":"Oficina \u2018Teima &#8211; Ateli\u00ea de Cria\u00e7\u00e3o\u2019","description":"&lt;p&gt;A proposta da oficina \u201cTeima - Ateli\u00ea de Cria\u00e7\u00e3o\u201d \u00e9 criar novas formas, acessarrefer\u00eancias art\u00edsticas e t\u00e9cnicas, para alcan\u00e7ar novos olhares para a criatividade. Aatividade acontece no Espa\u00e7o Cultural Circo Navegador nos dias 17 e 24\/06 e 1 e8\/7, sempre das 19h \u00e0s 21h.As pessoas interessadas podem se inscrever pelo formul\u00e1rio online. Ser\u00e1 oferecidauma bolsa social e, na escolha das candidaturas, ter\u00e3o prioridade m\u00e3es, pessoasnegras, ind\u00edgenas, LGBTQIAPN+, perif\u00e9ricas, em situa\u00e7\u00e3o de vulnerabilidade sociale PcDs. N\u00e3o \u00e9 preciso ter experi\u00eancias art\u00edsticas, apenas desejo, teimosia e tempopara o mergulho criativo. A atividade \u00e9 recomendada para pessoas a partir de 16anos. Inscreva-se pelo link: https:\/\/docs.google.com\/forms\/d\/e\/1FAIpQLSciiyVBiflQSxiYangv8GzvY_P89hePbbKeJn8FCbx6gstiPw\/viewform&lt;\/p&gt;\\n","image":"https:\/\/circonavegador.com.br\/wp-content\/uploads\/2025\/06\/2025-05-30-oficina-teima-scaled.jpg","url":"https:\/\/circonavegador.com.br\/?tribe_events=oficina-teima-atelie-de-criacao","eventAttendanceMode":"https:\/\/schema.org\/OfflineEventAttendanceMode","eventStatus":"https:\/\/schema.org\/EventScheduled","startDate":"2025-06-17T08:00:00-03:00","endDate":"2025-06-17T17:00:00-03:00","location":{"@type":"Place","name":"Rua Prefeito Mansueto Pierotti, 826, Vila Am\u00e9lia","description":"","url":"","address":{"@type":"PostalAddress","streetAddress":"Rua Prefeito Mansueto Pierotti, 826, Vila Am\u00e9lia","addressLocality":"S\u00c3O SEBASTI\u00c3\u0192O","addressRegion":"S\u00e3o Paulo","postalCode":"11600-000","addressCountry":"Brazil"},"telephone":"","sameAs":""},"performer":"Organization"}}