{"id":4245,"global_id":"circonavegador.com.br?id=4245","global_id_lineage":["circonavegador.com.br?id=4245"],"author":"1","status":"publish","date":"2024-09-05 17:17:20","date_utc":"2024-09-05 20:17:20","modified":"2024-09-10 16:16:48","modified_utc":"2024-09-10 19:16:48","url":"https:\/\/circonavegador.com.br\/?tribe_events=show-banda-clarena","rest_url":"https:\/\/circonavegador.com.br\/index.php?rest_route=\/tribe\/events\/v1\/events\/4245","title":"Show Banda Clarena \u00e0s 20h","description":"<div  class=\"tribe-events-schedule tribe-clearfix\" >\n\t<p class=\"tribe-events-schedule__datetime\">\n\t\t<span class=\"tribe-events-schedule__date tribe-events-schedule__date--start\">\n\t\t\t\t\t<\/span>\n\n\t\t\t\t\t<span class=\"tribe-events-schedule__separator tribe-events-schedule__separator--date\">\n\t\t\t\t @ \t\t\t<\/span>\n\t\t\t<span class=\"tribe-events-schedule__time tribe-events-schedule__time--start\">\n\t\t\t\t\t\t\t<\/span>\n\t\t\n\t\t\t<\/p>\n<\/div>\n\n\n\n<p>O Ponto de Cultura tem o prazer de receber a banda Clarena no dia 28\/09 (s\u00e1bado),<br>\u00e0s 20h, que apresenta um show de composi\u00e7\u00f5es autorais e lan\u00e7a um single e seu<br>terceiro v\u00eddeo clipe. Os ingressos custam R$ 20 e est\u00e3o dispon\u00edveis pelo whatsapp<br>12-2101-8249.<br>A banda explora a diversidade musical brasileira em seu trabalho autoral. Com<br>maior influ\u00eancia nos ritmos afro, como ijex\u00e1, barravento, aguer\u00e9, samba de terreiro e<br>cabula, traz tamb\u00e9m a mescla do bai\u00e3o com reggae, groove e jazz, al\u00e9m das<br>pitadas de rock.<br>As harmonias de vozes e viol\u00e3o s\u00e3o permeadas por letras que sa\u00fadam nossas<br>ra\u00edzes e belezas. A banda est\u00e1 com nova forma\u00e7\u00e3o, novas m\u00fasicas e um show<br>in\u00e9dito. O show convida o p\u00fablico para dan\u00e7ar, cantar e agradecer nossos<br>antepassados e seus ensinamentos atrav\u00e9s da sonoridade marcante e sua poesia.<\/p>\n\n\n<div  class=\"tribe-block tribe-block__event-price\" >\n\t\t<\/div>\n\n\n\n\n<div  class=\"tribe-block tribe-block__venue tribe-clearfix tribe-block__venue--has-map\" >\n\t\n\t\t\n<div class=\"tribe-block__venue__map\">\n\t\n<iframe\n  title=\"Google maps iframe displaying the address to Ponto de Cultura\"\n  aria-label=\"Mapa de localiza\u00e7\u00e3o do local\"\n  width=\"310px\"\n  height=\"256px\"\n  frameborder=\"0\" style=\"border:0\"\n  src=\"https:\/\/www.google.com\/maps\/embed\/v1\/place?key=AIzaSyDNsicAsP6-VuGtAb1O9riI3oc_NOb7IOU&#038;q=Rua+Prefeito+Mansueto+Pierotti%2C+826+S%C3%A3o+Sebasti%C3%A3o+SP+SP+11609-003+Brazil+&#038;zoom=10\" allowfullscreen>\n<\/iframe>\n<\/div>\n\n\t<\/div>\n\n\n\n\n\t<div  class=\"tribe-block tribe-block__events-link\" >\n\t\t<div class=\"tribe-events tribe-common\">\n\t\t\t<div class=\"tribe-events-c-subscribe-dropdown__container\">\n\t\t\t\t<div class=\"tribe-events-c-subscribe-dropdown\">\n\t\t\t\t\t<div class=\"tribe-common-c-btn-border tribe-events-c-subscribe-dropdown__button\">\n\t\t\t\t\t\t<svg\n\t class=\"tribe-common-c-svgicon tribe-common-c-svgicon--cal-export tribe-events-c-subscribe-dropdown__export-icon\" \taria-hidden=\"true\"\n\tviewBox=\"0 0 23 17\"\n\txmlns=\"http:\/\/www.w3.org\/2000\/svg\"\n>\n\t<path fill-rule=\"evenodd\" clip-rule=\"evenodd\" d=\"M.128.896V16.13c0 .211.145.383.323.383h15.354c.179 0 .323-.172.323-.383V.896c0-.212-.144-.383-.323-.383H.451C.273.513.128.684.128.896Zm16 6.742h-.901V4.679H1.009v10.729h14.218v-3.336h.901V7.638ZM1.01 1.614h14.218v2.058H1.009V1.614Z\" \/>\n\t<path d=\"M20.5 9.846H8.312M18.524 6.953l2.89 2.909-2.855 2.855\" stroke-width=\"1.2\" stroke-linecap=\"round\" stroke-linejoin=\"round\"\/>\n<\/svg>\n\t\t\t\t\t\t<button\n\t\t\t\t\t\t\tclass=\"tribe-events-c-subscribe-dropdown__button-text\"\n\t\t\t\t\t\t\taria-expanded=\"false\"\n\t\t\t\t\t\t\taria-controls=\"tribe-events-subscribe-dropdown-content\"\n\t\t\t\t\t\t\taria-label=\"View links to add events to your calendar\"\n\t\t\t\t\t\t>\n\t\t\t\t\t\t\tAdicionar ao calend\u00e1rio\t\t\t\t\t\t<\/button>\n\t\t\t\t\t\t<svg\n\t class=\"tribe-common-c-svgicon tribe-common-c-svgicon--caret-down tribe-events-c-subscribe-dropdown__button-icon\" \taria-hidden=\"true\"\n\tviewBox=\"0 0 10 7\"\n\txmlns=\"http:\/\/www.w3.org\/2000\/svg\"\n>\n\t<path fill-rule=\"evenodd\" clip-rule=\"evenodd\" d=\"M1.008.609L5 4.6 8.992.61l.958.958L5 6.517.05 1.566l.958-.958z\" class=\"tribe-common-c-svgicon__svg-fill\"\/>\n<\/svg>\n\t\t\t\t\t<\/div>\n\t\t\t\t\t<div id=\"tribe-events-subscribe-dropdown-content\" class=\"tribe-events-c-subscribe-dropdown__content\">\n\t\t\t\t\t\t<ul class=\"tribe-events-c-subscribe-dropdown__list\">\n\t\t\t\t\t\t\t\t\t\t\t\t\t\t\t<li class=\"tribe-events-c-subscribe-dropdown__list-item tribe-events-c-subscribe-dropdown__list-item--gcal\">\n\t\t\t\t\t\t\t\t\t<a\n\t\t\t\t\t\t\t\t\t\thref=\"\"\n\t\t\t\t\t\t\t\t\t\tclass=\"tribe-events-c-subscribe-dropdown__list-item-link\"\n\t\t\t\t\t\t\t\t\t\ttarget=\"_blank\"\n\t\t\t\t\t\t\t\t\t\trel=\"noopener noreferrer nofollow noindex\"\n\t\t\t\t\t\t\t\t\t>\n\t\t\t\t\t\t\t\t\t\tGoogle Agenda\t\t\t\t\t\t\t\t\t<\/a>\n\t\t\t\t\t\t\t\t<\/li>\n\t\t\t\t\t\t\t\t\t\t\t\t\t\t\t<li class=\"tribe-events-c-subscribe-dropdown__list-item tribe-events-c-subscribe-dropdown__list-item--ical\">\n\t\t\t\t\t\t\t\t\t<a\n\t\t\t\t\t\t\t\t\t\thref=\"\"\n\t\t\t\t\t\t\t\t\t\tclass=\"tribe-events-c-subscribe-dropdown__list-item-link\"\n\t\t\t\t\t\t\t\t\t\ttarget=\"_blank\"\n\t\t\t\t\t\t\t\t\t\trel=\"noopener noreferrer nofollow noindex\"\n\t\t\t\t\t\t\t\t\t>\n\t\t\t\t\t\t\t\t\t\tiCalendar\t\t\t\t\t\t\t\t\t<\/a>\n\t\t\t\t\t\t\t\t<\/li>\n\t\t\t\t\t\t\t\t\t\t\t\t\t\t\t<li class=\"tribe-events-c-subscribe-dropdown__list-item tribe-events-c-subscribe-dropdown__list-item--outlook-365\">\n\t\t\t\t\t\t\t\t\t<a\n\t\t\t\t\t\t\t\t\t\thref=\"\"\n\t\t\t\t\t\t\t\t\t\tclass=\"tribe-events-c-subscribe-dropdown__list-item-link\"\n\t\t\t\t\t\t\t\t\t\ttarget=\"_blank\"\n\t\t\t\t\t\t\t\t\t\trel=\"noopener noreferrer nofollow noindex\"\n\t\t\t\t\t\t\t\t\t>\n\t\t\t\t\t\t\t\t\t\tOutlook 365\t\t\t\t\t\t\t\t\t<\/a>\n\t\t\t\t\t\t\t\t<\/li>\n\t\t\t\t\t\t\t\t\t\t\t\t\t\t\t<li class=\"tribe-events-c-subscribe-dropdown__list-item tribe-events-c-subscribe-dropdown__list-item--outlook-live\">\n\t\t\t\t\t\t\t\t\t<a\n\t\t\t\t\t\t\t\t\t\thref=\"\"\n\t\t\t\t\t\t\t\t\t\tclass=\"tribe-events-c-subscribe-dropdown__list-item-link\"\n\t\t\t\t\t\t\t\t\t\ttarget=\"_blank\"\n\t\t\t\t\t\t\t\t\t\trel=\"noopener noreferrer nofollow noindex\"\n\t\t\t\t\t\t\t\t\t>\n\t\t\t\t\t\t\t\t\t\tOutlook Live\t\t\t\t\t\t\t\t\t<\/a>\n\t\t\t\t\t\t\t\t<\/li>\n\t\t\t\t\t\t\t\t\t\t\t\t\t<\/ul>\n\t\t\t\t\t<\/div>\n\t\t\t\t<\/div>\n\t\t\t<\/div>\n\t\t<\/div>\n\t<\/div>","excerpt":"","slug":"show-banda-clarena","image":{"url":"https:\/\/circonavegador.com.br\/wp-content\/uploads\/2024\/09\/Captura-de-tela-2024-09-04-140601-1.png","id":4247,"extension":"png","width":1121,"height":817,"filesize":2063940,"sizes":{"medium":{"width":300,"height":219,"mime-type":"image\/png","filesize":154174,"url":"https:\/\/circonavegador.com.br\/wp-content\/uploads\/2024\/09\/Captura-de-tela-2024-09-04-140601-1-300x219.png"},"large":{"width":1024,"height":746,"mime-type":"image\/png","filesize":1491209,"url":"https:\/\/circonavegador.com.br\/wp-content\/uploads\/2024\/09\/Captura-de-tela-2024-09-04-140601-1-1024x746.png"},"thumbnail":{"width":150,"height":150,"mime-type":"image\/png","filesize":56536,"url":"https:\/\/circonavegador.com.br\/wp-content\/uploads\/2024\/09\/Captura-de-tela-2024-09-04-140601-1-150x150.png"},"medium_large":{"width":768,"height":560,"mime-type":"image\/png","filesize":884929,"url":"https:\/\/circonavegador.com.br\/wp-content\/uploads\/2024\/09\/Captura-de-tela-2024-09-04-140601-1-768x560.png"},"ocean-thumb-m":{"width":600,"height":600,"mime-type":"image\/png","filesize":746216,"url":"https:\/\/circonavegador.com.br\/wp-content\/uploads\/2024\/09\/Captura-de-tela-2024-09-04-140601-1-600x600.png"},"ocean-thumb-ml":{"width":800,"height":450,"mime-type":"image\/png","filesize":748129,"url":"https:\/\/circonavegador.com.br\/wp-content\/uploads\/2024\/09\/Captura-de-tela-2024-09-04-140601-1-800x450.png"},"ocean-thumb-l":{"width":1121,"height":700,"mime-type":"image\/png","filesize":1666128,"url":"https:\/\/circonavegador.com.br\/wp-content\/uploads\/2024\/09\/Captura-de-tela-2024-09-04-140601-1-1121x700.png"}}},"all_day":false,"start_date":"2024-09-28 20:00:00","start_date_details":{"year":"2024","month":"09","day":"28","hour":"20","minutes":"00","seconds":"00"},"end_date":"2024-09-28 21:00:00","end_date_details":{"year":"2024","month":"09","day":"28","hour":"21","minutes":"00","seconds":"00"},"utc_start_date":"2024-09-28 23:00:00","utc_start_date_details":{"year":"2024","month":"09","day":"28","hour":"23","minutes":"00","seconds":"00"},"utc_end_date":"2024-09-29 00:00:00","utc_end_date_details":{"year":"2024","month":"09","day":"29","hour":"00","minutes":"00","seconds":"00"},"timezone":"America\/Sao_Paulo","timezone_abbr":"","cost":"$20","cost_details":{"currency_symbol":"$","currency_code":"Rea","currency_position":"prefix","values":["20"]},"website":"","show_map":false,"show_map_link":false,"hide_from_listings":false,"sticky":false,"featured":false,"categories":[],"tags":[],"venue":{"id":4246,"author":"1","status":"publish","date":"2024-09-05 17:16:31","date_utc":"0000-00-00 00:00:00","modified":"2024-09-05 17:16:31","modified_utc":"0000-00-00 00:00:00","url":"https:\/\/circonavegador.com.br\/?tribe_venue","venue":"Ponto de Cultura","address":"Rua Prefeito Mansueto Pierotti, 826","city":"S\u00e3o Sebasti\u00e3o","country":"Brazil","province":"SP","state":"SP","zip":"11609-003","phone":"1221018249","stateprovince":"SP","json_ld":{"@type":"Place","name":"Ponto de Cultura","description":"","url":"","address":{"@type":"PostalAddress","streetAddress":"Rua Prefeito Mansueto Pierotti, 826","addressLocality":"S\u00e3o Sebasti\u00e3o","addressRegion":"SP","postalCode":"11609-003","addressCountry":"Brazil"},"telephone":"1221018249","sameAs":""},"show_map":true,"show_map_link":true,"global_id":"circonavegador.com.br?id=4246","global_id_lineage":["circonavegador.com.br?id=4246"]},"organizer":[],"custom_fields":[],"json_ld":{"@context":"http:\/\/schema.org","@type":"Event","name":"Show Banda Clarena \u00e0s 20h","description":"&lt;p&gt;O Ponto de Cultura tem o prazer de receber a banda Clarena no dia 28\/09 (s\u00e1bado),\u00e0s 20h, que apresenta um show de composi\u00e7\u00f5es autorais e lan\u00e7a um single e seuterceiro v\u00eddeo clipe. Os ingressos custam R$ 20 e est\u00e3o dispon\u00edveis pelo whatsapp12-2101-8249.A banda explora a diversidade musical brasileira em seu trabalho autoral. Commaior influ\u00eancia nos ritmos afro, como ijex\u00e1, barravento, aguer\u00e9, samba de terreiro ecabula, traz tamb\u00e9m a mescla do bai\u00e3o com reggae, groove e jazz, al\u00e9m daspitadas de rock.As harmonias de vozes e viol\u00e3o s\u00e3o permeadas por letras que sa\u00fadam nossasra\u00edzes e belezas. A banda est\u00e1 com nova forma\u00e7\u00e3o, novas m\u00fasicas e um showin\u00e9dito. O show convida o p\u00fablico para dan\u00e7ar, cantar e agradecer nossosantepassados e seus ensinamentos atrav\u00e9s da sonoridade marcante e sua poesia.&lt;\/p&gt;\\n","image":"https:\/\/circonavegador.com.br\/wp-content\/uploads\/2024\/09\/Captura-de-tela-2024-09-04-140601-1.png","url":"https:\/\/circonavegador.com.br\/?tribe_events=show-banda-clarena","eventAttendanceMode":"https:\/\/schema.org\/OfflineEventAttendanceMode","eventStatus":"https:\/\/schema.org\/EventScheduled","startDate":"2024-09-28T20:00:00-03:00","endDate":"2024-09-28T21:00:00-03:00","location":{"@type":"Place","name":"Ponto de Cultura","description":"","url":"","address":{"@type":"PostalAddress","streetAddress":"Rua Prefeito Mansueto Pierotti, 826","addressLocality":"S\u00e3o Sebasti\u00e3o","addressRegion":"SP","postalCode":"11609-003","addressCountry":"Brazil"},"telephone":"1221018249","sameAs":""},"offers":{"@type":"Offer","price":"20","priceCurrency":"Rea","url":"https:\/\/circonavegador.com.br\/?tribe_events=show-banda-clarena","category":"primary","availability":"inStock","validFrom":"1970-01-01T00:00:00+00:00"},"performer":"Organization"}}