{"id":3668,"global_id":"circonavegador.com.br?id=3668","global_id_lineage":["circonavegador.com.br?id=3668"],"author":"1","status":"publish","date":"2024-04-01 13:07:22","date_utc":"2024-04-01 16:07:22","modified":"2024-04-01 13:59:24","modified_utc":"2024-04-01 16:59:24","url":"https:\/\/circonavegador.com.br\/?tribe_events=cirquim-do-serafim-na-vila-sahy","rest_url":"https:\/\/circonavegador.com.br\/index.php?rest_route=\/tribe\/events\/v1\/events\/3668","title":"\u201cCirquim do Serafim\u201d na Vila Sahy","description":"<div  class=\"tribe-events-schedule tribe-clearfix\" >\n\t<p class=\"tribe-events-schedule__datetime\">\n\t\t<span class=\"tribe-events-schedule__date tribe-events-schedule__date--start\">\n\t\t\t\t\t<\/span>\n\n\t\t\t\t\t<span class=\"tribe-events-schedule__separator tribe-events-schedule__separator--date\">\n\t\t\t\t @ \t\t\t<\/span>\n\t\t\t<span class=\"tribe-events-schedule__time tribe-events-schedule__time--start\">\n\t\t\t\t\t\t\t<\/span>\n\t\t\n\t\t\t<\/p>\n<\/div>\n\n\n\n<p>No dia 10 de abril (quarta-feira) \u00e0s 15h, o Instituto Verdescola, na Vila Sahy, ser\u00e1 palco de um encontro m\u00e1gico: a uni\u00e3o da alegria contagiante do Circo Navegador com a miss\u00e3o transformadora da institui\u00e7\u00e3o.<\/p>\n\n\n\n<p>O espet\u00e1culo \u201cCirquim do Serafim\u201d, apresentado em exclusividade para a Institui\u00e7\u00e3o Verdescola, \u00e9 uma ode \u00e0 esperan\u00e7a e \u00e0 perseveran\u00e7a. Atrav\u00e9s da hist\u00f3ria de dois palha\u00e7os que cultuam a imagem do Seu Serafim, o finado dono do circo, e perpetuam a sua presen\u00e7a por meio da cren\u00e7a de que ele ainda pode voltar. A dupla esfarrapada e faminta chega de uma longa jornada e monta um \u201ccirquinho\u201d estilizado.<\/p>\n\n\n<div  class=\"tribe-block tribe-block__event-price\" >\n\t\t<\/div>\n\n\n\n\n<div  class=\"tribe-block tribe-block__venue tribe-clearfix tribe-block__venue--has-map\" >\n\t\n\t\t\n<div class=\"tribe-block__venue__map\">\n\t\n<iframe\n  title=\"Google maps iframe displaying the address to Av. Marginal, 44 &#8211; Praia Barra do Sahy, S\u00e3o Sebasti\u00e3o &#8211; SP\"\n  aria-label=\"Mapa de localiza\u00e7\u00e3o do local\"\n  width=\"310px\"\n  height=\"256px\"\n  frameborder=\"0\" style=\"border:0\"\n  src=\"https:\/\/www.google.com\/maps\/embed\/v1\/place?key=AIzaSyDNsicAsP6-VuGtAb1O9riI3oc_NOb7IOU&#038;q=Av.+Marginal%2C+44+-+Praia+Barra+do+Sahy+S%C3%A3o+Sebasti%C3%A3o+S%C3%A3o+Paulo+S%C3%A3o+Paulo+Brasil+&#038;zoom=10\" allowfullscreen>\n<\/iframe>\n<\/div>\n\n\t<\/div>\n\n\n\n\n\t<div  class=\"tribe-block tribe-block__events-link\" >\n\t\t<div class=\"tribe-events tribe-common\">\n\t\t\t<div class=\"tribe-events-c-subscribe-dropdown__container\">\n\t\t\t\t<div class=\"tribe-events-c-subscribe-dropdown\">\n\t\t\t\t\t<div class=\"tribe-common-c-btn-border tribe-events-c-subscribe-dropdown__button\">\n\t\t\t\t\t\t<svg\n\t class=\"tribe-common-c-svgicon tribe-common-c-svgicon--cal-export tribe-events-c-subscribe-dropdown__export-icon\" \taria-hidden=\"true\"\n\tviewBox=\"0 0 23 17\"\n\txmlns=\"http:\/\/www.w3.org\/2000\/svg\"\n>\n\t<path fill-rule=\"evenodd\" clip-rule=\"evenodd\" d=\"M.128.896V16.13c0 .211.145.383.323.383h15.354c.179 0 .323-.172.323-.383V.896c0-.212-.144-.383-.323-.383H.451C.273.513.128.684.128.896Zm16 6.742h-.901V4.679H1.009v10.729h14.218v-3.336h.901V7.638ZM1.01 1.614h14.218v2.058H1.009V1.614Z\" \/>\n\t<path d=\"M20.5 9.846H8.312M18.524 6.953l2.89 2.909-2.855 2.855\" stroke-width=\"1.2\" stroke-linecap=\"round\" stroke-linejoin=\"round\"\/>\n<\/svg>\n\t\t\t\t\t\t<button\n\t\t\t\t\t\t\tclass=\"tribe-events-c-subscribe-dropdown__button-text\"\n\t\t\t\t\t\t\taria-expanded=\"false\"\n\t\t\t\t\t\t\taria-controls=\"tribe-events-subscribe-dropdown-content\"\n\t\t\t\t\t\t\taria-label=\"View links to add events to your calendar\"\n\t\t\t\t\t\t>\n\t\t\t\t\t\t\tAdicionar ao calend\u00e1rio\t\t\t\t\t\t<\/button>\n\t\t\t\t\t\t<svg\n\t class=\"tribe-common-c-svgicon tribe-common-c-svgicon--caret-down tribe-events-c-subscribe-dropdown__button-icon\" \taria-hidden=\"true\"\n\tviewBox=\"0 0 10 7\"\n\txmlns=\"http:\/\/www.w3.org\/2000\/svg\"\n>\n\t<path fill-rule=\"evenodd\" clip-rule=\"evenodd\" d=\"M1.008.609L5 4.6 8.992.61l.958.958L5 6.517.05 1.566l.958-.958z\" class=\"tribe-common-c-svgicon__svg-fill\"\/>\n<\/svg>\n\t\t\t\t\t<\/div>\n\t\t\t\t\t<div id=\"tribe-events-subscribe-dropdown-content\" class=\"tribe-events-c-subscribe-dropdown__content\">\n\t\t\t\t\t\t<ul class=\"tribe-events-c-subscribe-dropdown__list\">\n\t\t\t\t\t\t\t\t\t\t\t\t\t\t\t<li class=\"tribe-events-c-subscribe-dropdown__list-item tribe-events-c-subscribe-dropdown__list-item--gcal\">\n\t\t\t\t\t\t\t\t\t<a\n\t\t\t\t\t\t\t\t\t\thref=\"\"\n\t\t\t\t\t\t\t\t\t\tclass=\"tribe-events-c-subscribe-dropdown__list-item-link\"\n\t\t\t\t\t\t\t\t\t\ttarget=\"_blank\"\n\t\t\t\t\t\t\t\t\t\trel=\"noopener noreferrer nofollow noindex\"\n\t\t\t\t\t\t\t\t\t>\n\t\t\t\t\t\t\t\t\t\tGoogle Agenda\t\t\t\t\t\t\t\t\t<\/a>\n\t\t\t\t\t\t\t\t<\/li>\n\t\t\t\t\t\t\t\t\t\t\t\t\t\t\t<li class=\"tribe-events-c-subscribe-dropdown__list-item tribe-events-c-subscribe-dropdown__list-item--ical\">\n\t\t\t\t\t\t\t\t\t<a\n\t\t\t\t\t\t\t\t\t\thref=\"\"\n\t\t\t\t\t\t\t\t\t\tclass=\"tribe-events-c-subscribe-dropdown__list-item-link\"\n\t\t\t\t\t\t\t\t\t\ttarget=\"_blank\"\n\t\t\t\t\t\t\t\t\t\trel=\"noopener noreferrer nofollow noindex\"\n\t\t\t\t\t\t\t\t\t>\n\t\t\t\t\t\t\t\t\t\tiCalendar\t\t\t\t\t\t\t\t\t<\/a>\n\t\t\t\t\t\t\t\t<\/li>\n\t\t\t\t\t\t\t\t\t\t\t\t\t\t\t<li class=\"tribe-events-c-subscribe-dropdown__list-item tribe-events-c-subscribe-dropdown__list-item--outlook-365\">\n\t\t\t\t\t\t\t\t\t<a\n\t\t\t\t\t\t\t\t\t\thref=\"\"\n\t\t\t\t\t\t\t\t\t\tclass=\"tribe-events-c-subscribe-dropdown__list-item-link\"\n\t\t\t\t\t\t\t\t\t\ttarget=\"_blank\"\n\t\t\t\t\t\t\t\t\t\trel=\"noopener noreferrer nofollow noindex\"\n\t\t\t\t\t\t\t\t\t>\n\t\t\t\t\t\t\t\t\t\tOutlook 365\t\t\t\t\t\t\t\t\t<\/a>\n\t\t\t\t\t\t\t\t<\/li>\n\t\t\t\t\t\t\t\t\t\t\t\t\t\t\t<li class=\"tribe-events-c-subscribe-dropdown__list-item tribe-events-c-subscribe-dropdown__list-item--outlook-live\">\n\t\t\t\t\t\t\t\t\t<a\n\t\t\t\t\t\t\t\t\t\thref=\"\"\n\t\t\t\t\t\t\t\t\t\tclass=\"tribe-events-c-subscribe-dropdown__list-item-link\"\n\t\t\t\t\t\t\t\t\t\ttarget=\"_blank\"\n\t\t\t\t\t\t\t\t\t\trel=\"noopener noreferrer nofollow noindex\"\n\t\t\t\t\t\t\t\t\t>\n\t\t\t\t\t\t\t\t\t\tOutlook Live\t\t\t\t\t\t\t\t\t<\/a>\n\t\t\t\t\t\t\t\t<\/li>\n\t\t\t\t\t\t\t\t\t\t\t\t\t<\/ul>\n\t\t\t\t\t<\/div>\n\t\t\t\t<\/div>\n\t\t\t<\/div>\n\t\t<\/div>\n\t<\/div>","excerpt":"","slug":"cirquim-do-serafim-na-vila-sahy","image":{"url":"https:\/\/circonavegador.com.br\/wp-content\/uploads\/2024\/04\/post7-sebastiao-urgente-cirquim-do-serafim_corrigido_provisorio.png","id":3664,"extension":"png","width":4725,"height":4726,"filesize":15823325,"sizes":{"medium":{"width":300,"height":300,"mime-type":"image\/png","filesize":129684,"url":"https:\/\/circonavegador.com.br\/wp-content\/uploads\/2024\/04\/post7-sebastiao-urgente-cirquim-do-serafim_corrigido_provisorio-300x300.png"},"large":{"width":1024,"height":1024,"mime-type":"image\/png","filesize":1212705,"url":"https:\/\/circonavegador.com.br\/wp-content\/uploads\/2024\/04\/post7-sebastiao-urgente-cirquim-do-serafim_corrigido_provisorio-1024x1024.png"},"thumbnail":{"width":150,"height":150,"mime-type":"image\/png","filesize":37048,"url":"https:\/\/circonavegador.com.br\/wp-content\/uploads\/2024\/04\/post7-sebastiao-urgente-cirquim-do-serafim_corrigido_provisorio-150x150.png"},"medium_large":{"width":768,"height":768,"mime-type":"image\/png","filesize":737818,"url":"https:\/\/circonavegador.com.br\/wp-content\/uploads\/2024\/04\/post7-sebastiao-urgente-cirquim-do-serafim_corrigido_provisorio-768x768.png"},"1536x1536":{"width":1536,"height":1536,"mime-type":"image\/png","filesize":2687268,"url":"https:\/\/circonavegador.com.br\/wp-content\/uploads\/2024\/04\/post7-sebastiao-urgente-cirquim-do-serafim_corrigido_provisorio-1536x1536.png"},"2048x2048":{"width":2048,"height":2048,"mime-type":"image\/png","filesize":4080090,"url":"https:\/\/circonavegador.com.br\/wp-content\/uploads\/2024\/04\/post7-sebastiao-urgente-cirquim-do-serafim_corrigido_provisorio-2048x2048.png"},"ocean-thumb-m":{"width":600,"height":600,"mime-type":"image\/png","filesize":455550,"url":"https:\/\/circonavegador.com.br\/wp-content\/uploads\/2024\/04\/post7-sebastiao-urgente-cirquim-do-serafim_corrigido_provisorio-600x600.png"},"ocean-thumb-ml":{"width":800,"height":450,"mime-type":"image\/png","filesize":527020,"url":"https:\/\/circonavegador.com.br\/wp-content\/uploads\/2024\/04\/post7-sebastiao-urgente-cirquim-do-serafim_corrigido_provisorio-800x450.png"},"ocean-thumb-l":{"width":1200,"height":700,"mime-type":"image\/png","filesize":1114719,"url":"https:\/\/circonavegador.com.br\/wp-content\/uploads\/2024\/04\/post7-sebastiao-urgente-cirquim-do-serafim_corrigido_provisorio-1200x700.png"}}},"all_day":false,"start_date":"2024-04-10 15:00:00","start_date_details":{"year":"2024","month":"04","day":"10","hour":"15","minutes":"00","seconds":"00"},"end_date":"2024-04-10 16:00:00","end_date_details":{"year":"2024","month":"04","day":"10","hour":"16","minutes":"00","seconds":"00"},"utc_start_date":"2024-04-10 18:00:00","utc_start_date_details":{"year":"2024","month":"04","day":"10","hour":"18","minutes":"00","seconds":"00"},"utc_end_date":"2024-04-10 19:00:00","utc_end_date_details":{"year":"2024","month":"04","day":"10","hour":"19","minutes":"00","seconds":"00"},"timezone":"America\/Sao_Paulo","timezone_abbr":"","cost":"Livre","cost_details":{"currency_symbol":"$","currency_code":"Rea","currency_position":"prefix","values":["livre"]},"website":"","show_map":false,"show_map_link":false,"hide_from_listings":false,"sticky":false,"featured":false,"categories":[],"tags":[],"venue":{"id":3678,"author":"1","status":"publish","date":"2024-04-01 13:23:38","date_utc":"0000-00-00 00:00:00","modified":"2024-04-01 13:23:38","modified_utc":"0000-00-00 00:00:00","url":"https:\/\/circonavegador.com.br\/?tribe_venue","venue":"Av. Marginal, 44 &#8211; Praia Barra do Sahy, S\u00e3o Sebasti\u00e3o &#8211; SP","address":"Av. Marginal, 44 - Praia Barra do Sahy","city":"S\u00e3o Sebasti\u00e3o","country":"Brasil","province":"S\u00e3o Paulo","state":"S\u00e3o Paulo","stateprovince":"S\u00e3o Paulo","json_ld":{"@type":"Place","name":"Av. Marginal, 44 &#8211; Praia Barra do Sahy, S\u00e3o Sebasti\u00e3o &#8211; SP","description":"","url":"","address":{"@type":"PostalAddress","streetAddress":"Av. Marginal, 44 - Praia Barra do Sahy","addressLocality":"S\u00e3o Sebasti\u00e3o","addressRegion":"S\u00e3o Paulo","addressCountry":"Brasil"},"telephone":"","sameAs":""},"show_map":true,"show_map_link":true,"global_id":"circonavegador.com.br?id=3678","global_id_lineage":["circonavegador.com.br?id=3678"]},"organizer":[],"custom_fields":[],"json_ld":{"@context":"http:\/\/schema.org","@type":"Event","name":"\u201cCirquim do Serafim\u201d na Vila Sahy","description":"&lt;p&gt;No dia 10 de abril (quarta-feira) \u00e0s 15h, o Instituto Verdescola, na Vila Sahy, ser\u00e1 palco de um encontro m\u00e1gico: a uni\u00e3o da alegria contagiante do Circo Navegador com a miss\u00e3o transformadora da institui\u00e7\u00e3o. O espet\u00e1culo \u201cCirquim do Serafim\u201d, apresentado em exclusividade para a Institui\u00e7\u00e3o Verdescola, \u00e9 uma ode \u00e0 esperan\u00e7a e \u00e0 perseveran\u00e7a. Atrav\u00e9s da hist\u00f3ria de dois palha\u00e7os que cultuam a imagem do Seu Serafim, o finado dono do circo, e perpetuam a sua presen\u00e7a por meio da cren\u00e7a de que ele ainda pode voltar. A dupla esfarrapada e faminta chega de uma longa jornada e monta um \u201ccirquinho\u201d estilizado.&lt;\/p&gt;\\n","image":"https:\/\/circonavegador.com.br\/wp-content\/uploads\/2024\/04\/post7-sebastiao-urgente-cirquim-do-serafim_corrigido_provisorio.png","url":"https:\/\/circonavegador.com.br\/?tribe_events=cirquim-do-serafim-na-vila-sahy","eventAttendanceMode":"https:\/\/schema.org\/OfflineEventAttendanceMode","eventStatus":"https:\/\/schema.org\/EventScheduled","startDate":"2024-04-10T15:00:00-03:00","endDate":"2024-04-10T16:00:00-03:00","location":{"@type":"Place","name":"Av. Marginal, 44 &#8211; Praia Barra do Sahy, S\u00e3o Sebasti\u00e3o &#8211; SP","description":"","url":"","address":{"@type":"PostalAddress","streetAddress":"Av. Marginal, 44 - Praia Barra do Sahy","addressLocality":"S\u00e3o Sebasti\u00e3o","addressRegion":"S\u00e3o Paulo","addressCountry":"Brasil"},"telephone":"","sameAs":""},"offers":{"@type":"Offer","price":"0","priceCurrency":"Rea","url":"https:\/\/circonavegador.com.br\/?tribe_events=cirquim-do-serafim-na-vila-sahy","category":"primary","availability":"inStock","validFrom":"1970-01-01T00:00:00+00:00"},"performer":"Organization"}}