{"id":3649,"global_id":"circonavegador.com.br?id=3649","global_id_lineage":["circonavegador.com.br?id=3649"],"author":"1","status":"publish","date":"2024-03-11 12:10:26","date_utc":"2024-03-11 15:10:26","modified":"2024-03-11 12:10:34","modified_utc":"2024-03-11 15:10:34","url":"https:\/\/circonavegador.com.br\/?tribe_events=vies-ideologico-no-espaco-cultural-circo-navegador","rest_url":"https:\/\/circonavegador.com.br\/index.php?rest_route=\/tribe\/events\/v1\/events\/3649","title":"&#8220;Vi\u00e9s Ideol\u00f3gico&#8221; no Espa\u00e7o Cultural Circo Navegador","description":"<div  class=\"tribe-events-schedule tribe-clearfix\" >\n\t<p class=\"tribe-events-schedule__datetime\">\n\t\t<span class=\"tribe-events-schedule__date tribe-events-schedule__date--start\">\n\t\t\t\t\t<\/span>\n\n\t\t\t\t\t<span class=\"tribe-events-schedule__separator tribe-events-schedule__separator--date\">\n\t\t\t\t @ \t\t\t<\/span>\n\t\t\t<span class=\"tribe-events-schedule__time tribe-events-schedule__time--start\">\n\t\t\t\t\t\t\t<\/span>\n\t\t\n\t\t\t<\/p>\n<\/div>\n\n\n\n<p>Reservas no WhatsApp: (12) 2101-8249<\/p>\n\n\n<div  class=\"tribe-block tribe-block__event-price\" >\n\t\t<\/div>\n\n\n\n\n<div  class=\"tribe-block tribe-block__venue tribe-clearfix\" >\n\t\n\t\t\n\t<\/div>\n\n\n\n\n\t<div  class=\"tribe-block tribe-block__events-link\" >\n\t\t<div class=\"tribe-events tribe-common\">\n\t\t\t<div class=\"tribe-events-c-subscribe-dropdown__container\">\n\t\t\t\t<div class=\"tribe-events-c-subscribe-dropdown\">\n\t\t\t\t\t<div class=\"tribe-common-c-btn-border tribe-events-c-subscribe-dropdown__button\">\n\t\t\t\t\t\t<svg\n\t class=\"tribe-common-c-svgicon tribe-common-c-svgicon--cal-export tribe-events-c-subscribe-dropdown__export-icon\" \taria-hidden=\"true\"\n\tviewBox=\"0 0 23 17\"\n\txmlns=\"http:\/\/www.w3.org\/2000\/svg\"\n>\n\t<path fill-rule=\"evenodd\" clip-rule=\"evenodd\" d=\"M.128.896V16.13c0 .211.145.383.323.383h15.354c.179 0 .323-.172.323-.383V.896c0-.212-.144-.383-.323-.383H.451C.273.513.128.684.128.896Zm16 6.742h-.901V4.679H1.009v10.729h14.218v-3.336h.901V7.638ZM1.01 1.614h14.218v2.058H1.009V1.614Z\" \/>\n\t<path d=\"M20.5 9.846H8.312M18.524 6.953l2.89 2.909-2.855 2.855\" stroke-width=\"1.2\" stroke-linecap=\"round\" stroke-linejoin=\"round\"\/>\n<\/svg>\n\t\t\t\t\t\t<button\n\t\t\t\t\t\t\tclass=\"tribe-events-c-subscribe-dropdown__button-text\"\n\t\t\t\t\t\t\taria-expanded=\"false\"\n\t\t\t\t\t\t\taria-controls=\"tribe-events-subscribe-dropdown-content\"\n\t\t\t\t\t\t\taria-label=\"View links to add events to your calendar\"\n\t\t\t\t\t\t>\n\t\t\t\t\t\t\tAdicionar ao calend\u00e1rio\t\t\t\t\t\t<\/button>\n\t\t\t\t\t\t<svg\n\t class=\"tribe-common-c-svgicon tribe-common-c-svgicon--caret-down tribe-events-c-subscribe-dropdown__button-icon\" \taria-hidden=\"true\"\n\tviewBox=\"0 0 10 7\"\n\txmlns=\"http:\/\/www.w3.org\/2000\/svg\"\n>\n\t<path fill-rule=\"evenodd\" clip-rule=\"evenodd\" d=\"M1.008.609L5 4.6 8.992.61l.958.958L5 6.517.05 1.566l.958-.958z\" class=\"tribe-common-c-svgicon__svg-fill\"\/>\n<\/svg>\n\t\t\t\t\t<\/div>\n\t\t\t\t\t<div id=\"tribe-events-subscribe-dropdown-content\" class=\"tribe-events-c-subscribe-dropdown__content\">\n\t\t\t\t\t\t<ul class=\"tribe-events-c-subscribe-dropdown__list\">\n\t\t\t\t\t\t\t\t\t\t\t\t\t\t\t<li class=\"tribe-events-c-subscribe-dropdown__list-item tribe-events-c-subscribe-dropdown__list-item--gcal\">\n\t\t\t\t\t\t\t\t\t<a\n\t\t\t\t\t\t\t\t\t\thref=\"\"\n\t\t\t\t\t\t\t\t\t\tclass=\"tribe-events-c-subscribe-dropdown__list-item-link\"\n\t\t\t\t\t\t\t\t\t\ttarget=\"_blank\"\n\t\t\t\t\t\t\t\t\t\trel=\"noopener noreferrer nofollow noindex\"\n\t\t\t\t\t\t\t\t\t>\n\t\t\t\t\t\t\t\t\t\tGoogle Agenda\t\t\t\t\t\t\t\t\t<\/a>\n\t\t\t\t\t\t\t\t<\/li>\n\t\t\t\t\t\t\t\t\t\t\t\t\t\t\t<li class=\"tribe-events-c-subscribe-dropdown__list-item tribe-events-c-subscribe-dropdown__list-item--ical\">\n\t\t\t\t\t\t\t\t\t<a\n\t\t\t\t\t\t\t\t\t\thref=\"\"\n\t\t\t\t\t\t\t\t\t\tclass=\"tribe-events-c-subscribe-dropdown__list-item-link\"\n\t\t\t\t\t\t\t\t\t\ttarget=\"_blank\"\n\t\t\t\t\t\t\t\t\t\trel=\"noopener noreferrer nofollow noindex\"\n\t\t\t\t\t\t\t\t\t>\n\t\t\t\t\t\t\t\t\t\tiCalendar\t\t\t\t\t\t\t\t\t<\/a>\n\t\t\t\t\t\t\t\t<\/li>\n\t\t\t\t\t\t\t\t\t\t\t\t\t\t\t<li class=\"tribe-events-c-subscribe-dropdown__list-item tribe-events-c-subscribe-dropdown__list-item--outlook-365\">\n\t\t\t\t\t\t\t\t\t<a\n\t\t\t\t\t\t\t\t\t\thref=\"\"\n\t\t\t\t\t\t\t\t\t\tclass=\"tribe-events-c-subscribe-dropdown__list-item-link\"\n\t\t\t\t\t\t\t\t\t\ttarget=\"_blank\"\n\t\t\t\t\t\t\t\t\t\trel=\"noopener noreferrer nofollow noindex\"\n\t\t\t\t\t\t\t\t\t>\n\t\t\t\t\t\t\t\t\t\tOutlook 365\t\t\t\t\t\t\t\t\t<\/a>\n\t\t\t\t\t\t\t\t<\/li>\n\t\t\t\t\t\t\t\t\t\t\t\t\t\t\t<li class=\"tribe-events-c-subscribe-dropdown__list-item tribe-events-c-subscribe-dropdown__list-item--outlook-live\">\n\t\t\t\t\t\t\t\t\t<a\n\t\t\t\t\t\t\t\t\t\thref=\"\"\n\t\t\t\t\t\t\t\t\t\tclass=\"tribe-events-c-subscribe-dropdown__list-item-link\"\n\t\t\t\t\t\t\t\t\t\ttarget=\"_blank\"\n\t\t\t\t\t\t\t\t\t\trel=\"noopener noreferrer nofollow noindex\"\n\t\t\t\t\t\t\t\t\t>\n\t\t\t\t\t\t\t\t\t\tOutlook Live\t\t\t\t\t\t\t\t\t<\/a>\n\t\t\t\t\t\t\t\t<\/li>\n\t\t\t\t\t\t\t\t\t\t\t\t\t<\/ul>\n\t\t\t\t\t<\/div>\n\t\t\t\t<\/div>\n\t\t\t<\/div>\n\t\t<\/div>\n\t<\/div>","excerpt":"","slug":"vies-ideologico-no-espaco-cultural-circo-navegador","image":{"url":"https:\/\/circonavegador.com.br\/wp-content\/uploads\/2024\/03\/vies_ideologico2-e1709916432407.jpg","id":3596,"extension":"jpg","width":844,"height":640,"filesize":83049,"sizes":{"medium":{"width":300,"height":227,"mime-type":"image\/jpeg","filesize":17287,"url":"https:\/\/circonavegador.com.br\/wp-content\/uploads\/2024\/03\/vies_ideologico2-e1709916432407-300x227.jpg"},"large":{"width":1024,"height":615,"mime-type":"image\/jpeg","filesize":88667,"url":"https:\/\/circonavegador.com.br\/wp-content\/uploads\/2024\/03\/vies_ideologico2-1024x615.jpg"},"thumbnail":{"width":150,"height":150,"mime-type":"image\/jpeg","filesize":7294,"url":"https:\/\/circonavegador.com.br\/wp-content\/uploads\/2024\/03\/vies_ideologico2-e1709916432407-150x150.jpg"},"medium_large":{"width":768,"height":582,"mime-type":"image\/jpeg","filesize":69183,"url":"https:\/\/circonavegador.com.br\/wp-content\/uploads\/2024\/03\/vies_ideologico2-e1709916432407-768x582.jpg"},"ocean-thumb-m":{"width":600,"height":600,"mime-type":"image\/jpeg","filesize":57852,"url":"https:\/\/circonavegador.com.br\/wp-content\/uploads\/2024\/03\/vies_ideologico2-e1709916432407-600x600.jpg"},"ocean-thumb-ml":{"width":800,"height":450,"mime-type":"image\/jpeg","filesize":55868,"url":"https:\/\/circonavegador.com.br\/wp-content\/uploads\/2024\/03\/vies_ideologico2-e1709916432407-800x450.jpg"}}},"all_day":false,"start_date":"2024-03-28 20:00:00","start_date_details":{"year":"2024","month":"03","day":"28","hour":"20","minutes":"00","seconds":"00"},"end_date":"2024-03-28 21:00:00","end_date_details":{"year":"2024","month":"03","day":"28","hour":"21","minutes":"00","seconds":"00"},"utc_start_date":"2024-03-28 23:00:00","utc_start_date_details":{"year":"2024","month":"03","day":"28","hour":"23","minutes":"00","seconds":"00"},"utc_end_date":"2024-03-29 00:00:00","utc_end_date_details":{"year":"2024","month":"03","day":"29","hour":"00","minutes":"00","seconds":"00"},"timezone":"America\/Sao_Paulo","timezone_abbr":"","cost":"$20","cost_details":{"currency_symbol":"$","currency_code":"Rea","currency_position":"prefix","values":["20"]},"website":"","show_map":false,"show_map_link":false,"hide_from_listings":false,"sticky":false,"featured":false,"categories":[],"tags":[],"venue":[],"organizer":[],"custom_fields":[],"json_ld":{"@context":"http:\/\/schema.org","@type":"Event","name":"&#8220;Vi\u00e9s Ideol\u00f3gico&#8221; no Espa\u00e7o Cultural Circo Navegador","description":"&lt;p&gt;Reservas no WhatsApp: (12) 2101-8249&lt;\/p&gt;\\n","image":"https:\/\/circonavegador.com.br\/wp-content\/uploads\/2024\/03\/vies_ideologico2-e1709916432407.jpg","url":"https:\/\/circonavegador.com.br\/?tribe_events=vies-ideologico-no-espaco-cultural-circo-navegador","eventAttendanceMode":"https:\/\/schema.org\/OfflineEventAttendanceMode","eventStatus":"https:\/\/schema.org\/EventScheduled","startDate":"2024-03-28T20:00:00-03:00","endDate":"2024-03-28T21:00:00-03:00","offers":{"@type":"Offer","price":"20","priceCurrency":"Rea","url":"https:\/\/circonavegador.com.br\/?tribe_events=vies-ideologico-no-espaco-cultural-circo-navegador","category":"primary","availability":"inStock","validFrom":"1970-01-01T00:00:00+00:00"},"performer":"Organization"}}