{"id":3426,"global_id":"circonavegador.com.br?id=3426","global_id_lineage":["circonavegador.com.br?id=3426"],"author":"1","status":"publish","date":"2023-10-17 11:14:56","date_utc":"2023-10-17 14:14:56","modified":"2023-10-17 11:15:00","modified_utc":"2023-10-17 14:15:00","url":"https:\/\/circonavegador.com.br\/?tribe_events=exibicao-do-terceiro-episodio-da-roda-cidada-2023","rest_url":"https:\/\/circonavegador.com.br\/index.php?rest_route=\/tribe\/events\/v1\/events\/3426","title":"Exibi\u00e7\u00e3o do terceiro epis\u00f3dio da Roda Cidad\u00e3 2023","description":"<div  class=\"tribe-events-schedule tribe-clearfix\" >\n\t<p class=\"tribe-events-schedule__datetime\">\n\t\t<span class=\"tribe-events-schedule__date tribe-events-schedule__date--start\">\n\t\t\t\t\t<\/span>\n\n\t\t\t\t\t<span class=\"tribe-events-schedule__separator tribe-events-schedule__separator--date\">\n\t\t\t\t @ \t\t\t<\/span>\n\t\t\t<span class=\"tribe-events-schedule__time tribe-events-schedule__time--start\">\n\t\t\t\t\t\t\t<\/span>\n\t\t\n\t\t\t<\/p>\n<\/div>\n\n\n\n<p>E pra fechar com chave de ouro, neste s\u00e1bado 21\/10 \u00e0s 14h exibiremos no Espa\u00e7o Cultural Circo Navegador o TERCEIRO e \u00daLTIMO da temporada Roda Cidad\u00e3 com o tema: Democracia racial: Igualdade X Equidade<\/p>\n\n\n\n<p>A exibi\u00e7\u00e3o ocorre simultaneamente no Espa\u00e7o Cultural Circo Navegador, de forma presencial e atrav\u00e9s do YouTube no Circo Navegador. Ao final do v\u00eddeo, teremos uma conversa bem legal sobre os t\u00f3picos abordados<\/p>\n\n\n\n<p>14h00: Chegada no Espa\u00e7o Cultural Circo Navegador<\/p>\n\n\n\n<p>14h30: In\u00edcio da transmiss\u00e3o simult\u00e2nea do epis\u00f3dio<\/p>\n\n\n\n<p>15h00: Conversa presencial e on-line atrav\u00e9s do Google Meet<\/p>\n\n\n\n<p>Espa\u00e7o Cultural Circo Navegador<\/p>\n\n\n\n<p>Rua Prefeito Mansueto Pierotti, 826 &#8211; Vila Am\u00e9lia<\/p>\n\n\n\n<p>S\u00e3o Sebasti\u00e3o &#8211; SP<\/p>\n\n\n\n<p>Este projeto conta com o apoio do Edital de Fomento do Fundo Municipal de Cultura de S\u00e3o Sebasti\u00e3o @fundass.cultura<\/p>\n\n\n\n<p>@arthuamacfadem @___c4du @harlenmendes_ @joseamericocamera @juniormarquesluiz @corpo_ancestral @mariateresacruz_ @regianiabreu @talitapassos20 @thais.navas @vaniacavalcante @manifestando_belezas @malumoreira.mm @datllip @priscilagurski<\/p>\n\n\n\n<p>@dj_pipoo @emerson_samurai @b.boy_feio_cris @negraneia2013 @negah_rose @saruemc @valdemir.santos.1804 @tcharlietuna @davi.ras @bruxacris<\/p>\n\n\n\n<p>@lippi07 @_marcelo_artesanato @mariaangelicamouramiranda @mariacecilianobreborges @rosineagarcon @comicscrewguava @vaxcomunicar @vaniacavalcante<\/p>\n\n\n\n<p>#rodacidada #litoralnorte #saosebastiao #fundass #fundomunicipaldeculturasaosebastiao<\/p>\n\n\n<div  class=\"tribe-block tribe-block__event-price\" >\n\t\t<\/div>\n\n\n\n\n<div  class=\"tribe-block tribe-block__venue tribe-clearfix tribe-block__venue--has-map\" >\n\t\n\t\t\n<div class=\"tribe-block__venue__map\">\n\t\n<iframe\n  title=\"Google maps iframe displaying the address to Espa\u00e7o Cultural Circo Navegador\"\n  aria-label=\"Mapa de localiza\u00e7\u00e3o do local\"\n  width=\"310px\"\n  height=\"256px\"\n  frameborder=\"0\" style=\"border:0\"\n  src=\"https:\/\/www.google.com\/maps\/embed\/v1\/place?key=AIzaSyDNsicAsP6-VuGtAb1O9riI3oc_NOb7IOU&#038;q=Rua+Prefeito+Mansueto+Pierotti%2C+826.+Vila+Am%C3%A9lia+S%C3%A3o+Sebasti%C3%A3o+SP+Brasil+&#038;zoom=10\" allowfullscreen>\n<\/iframe>\n<\/div>\n\n\t<\/div>\n\n\n\n\n\t<div  class=\"tribe-block tribe-block__events-link\" >\n\t\t<div class=\"tribe-events tribe-common\">\n\t\t\t<div class=\"tribe-events-c-subscribe-dropdown__container\">\n\t\t\t\t<div class=\"tribe-events-c-subscribe-dropdown\">\n\t\t\t\t\t<div class=\"tribe-common-c-btn-border tribe-events-c-subscribe-dropdown__button\">\n\t\t\t\t\t\t<svg\n\t class=\"tribe-common-c-svgicon tribe-common-c-svgicon--cal-export tribe-events-c-subscribe-dropdown__export-icon\" \taria-hidden=\"true\"\n\tviewBox=\"0 0 23 17\"\n\txmlns=\"http:\/\/www.w3.org\/2000\/svg\"\n>\n\t<path fill-rule=\"evenodd\" clip-rule=\"evenodd\" d=\"M.128.896V16.13c0 .211.145.383.323.383h15.354c.179 0 .323-.172.323-.383V.896c0-.212-.144-.383-.323-.383H.451C.273.513.128.684.128.896Zm16 6.742h-.901V4.679H1.009v10.729h14.218v-3.336h.901V7.638ZM1.01 1.614h14.218v2.058H1.009V1.614Z\" \/>\n\t<path d=\"M20.5 9.846H8.312M18.524 6.953l2.89 2.909-2.855 2.855\" stroke-width=\"1.2\" stroke-linecap=\"round\" stroke-linejoin=\"round\"\/>\n<\/svg>\n\t\t\t\t\t\t<button\n\t\t\t\t\t\t\tclass=\"tribe-events-c-subscribe-dropdown__button-text\"\n\t\t\t\t\t\t\taria-expanded=\"false\"\n\t\t\t\t\t\t\taria-controls=\"tribe-events-subscribe-dropdown-content\"\n\t\t\t\t\t\t\taria-label=\"View links to add events to your calendar\"\n\t\t\t\t\t\t>\n\t\t\t\t\t\t\tAdicionar ao calend\u00e1rio\t\t\t\t\t\t<\/button>\n\t\t\t\t\t\t<svg\n\t class=\"tribe-common-c-svgicon tribe-common-c-svgicon--caret-down tribe-events-c-subscribe-dropdown__button-icon\" \taria-hidden=\"true\"\n\tviewBox=\"0 0 10 7\"\n\txmlns=\"http:\/\/www.w3.org\/2000\/svg\"\n>\n\t<path fill-rule=\"evenodd\" clip-rule=\"evenodd\" d=\"M1.008.609L5 4.6 8.992.61l.958.958L5 6.517.05 1.566l.958-.958z\" class=\"tribe-common-c-svgicon__svg-fill\"\/>\n<\/svg>\n\t\t\t\t\t<\/div>\n\t\t\t\t\t<div id=\"tribe-events-subscribe-dropdown-content\" class=\"tribe-events-c-subscribe-dropdown__content\">\n\t\t\t\t\t\t<ul class=\"tribe-events-c-subscribe-dropdown__list\">\n\t\t\t\t\t\t\t\t\t\t\t\t\t\t\t<li class=\"tribe-events-c-subscribe-dropdown__list-item tribe-events-c-subscribe-dropdown__list-item--gcal\">\n\t\t\t\t\t\t\t\t\t<a\n\t\t\t\t\t\t\t\t\t\thref=\"\"\n\t\t\t\t\t\t\t\t\t\tclass=\"tribe-events-c-subscribe-dropdown__list-item-link\"\n\t\t\t\t\t\t\t\t\t\ttarget=\"_blank\"\n\t\t\t\t\t\t\t\t\t\trel=\"noopener noreferrer nofollow noindex\"\n\t\t\t\t\t\t\t\t\t>\n\t\t\t\t\t\t\t\t\t\tGoogle Agenda\t\t\t\t\t\t\t\t\t<\/a>\n\t\t\t\t\t\t\t\t<\/li>\n\t\t\t\t\t\t\t\t\t\t\t\t\t\t\t<li class=\"tribe-events-c-subscribe-dropdown__list-item tribe-events-c-subscribe-dropdown__list-item--ical\">\n\t\t\t\t\t\t\t\t\t<a\n\t\t\t\t\t\t\t\t\t\thref=\"\"\n\t\t\t\t\t\t\t\t\t\tclass=\"tribe-events-c-subscribe-dropdown__list-item-link\"\n\t\t\t\t\t\t\t\t\t\ttarget=\"_blank\"\n\t\t\t\t\t\t\t\t\t\trel=\"noopener noreferrer nofollow noindex\"\n\t\t\t\t\t\t\t\t\t>\n\t\t\t\t\t\t\t\t\t\tiCalendar\t\t\t\t\t\t\t\t\t<\/a>\n\t\t\t\t\t\t\t\t<\/li>\n\t\t\t\t\t\t\t\t\t\t\t\t\t\t\t<li class=\"tribe-events-c-subscribe-dropdown__list-item tribe-events-c-subscribe-dropdown__list-item--outlook-365\">\n\t\t\t\t\t\t\t\t\t<a\n\t\t\t\t\t\t\t\t\t\thref=\"\"\n\t\t\t\t\t\t\t\t\t\tclass=\"tribe-events-c-subscribe-dropdown__list-item-link\"\n\t\t\t\t\t\t\t\t\t\ttarget=\"_blank\"\n\t\t\t\t\t\t\t\t\t\trel=\"noopener noreferrer nofollow noindex\"\n\t\t\t\t\t\t\t\t\t>\n\t\t\t\t\t\t\t\t\t\tOutlook 365\t\t\t\t\t\t\t\t\t<\/a>\n\t\t\t\t\t\t\t\t<\/li>\n\t\t\t\t\t\t\t\t\t\t\t\t\t\t\t<li class=\"tribe-events-c-subscribe-dropdown__list-item tribe-events-c-subscribe-dropdown__list-item--outlook-live\">\n\t\t\t\t\t\t\t\t\t<a\n\t\t\t\t\t\t\t\t\t\thref=\"\"\n\t\t\t\t\t\t\t\t\t\tclass=\"tribe-events-c-subscribe-dropdown__list-item-link\"\n\t\t\t\t\t\t\t\t\t\ttarget=\"_blank\"\n\t\t\t\t\t\t\t\t\t\trel=\"noopener noreferrer nofollow noindex\"\n\t\t\t\t\t\t\t\t\t>\n\t\t\t\t\t\t\t\t\t\tOutlook Live\t\t\t\t\t\t\t\t\t<\/a>\n\t\t\t\t\t\t\t\t<\/li>\n\t\t\t\t\t\t\t\t\t\t\t\t\t<\/ul>\n\t\t\t\t\t<\/div>\n\t\t\t\t<\/div>\n\t\t\t<\/div>\n\t\t<\/div>\n\t<\/div>","excerpt":"","slug":"exibicao-do-terceiro-episodio-da-roda-cidada-2023","image":{"url":"https:\/\/circonavegador.com.br\/wp-content\/uploads\/2023\/10\/2023-10-17_roda_ep3_exibicao.jpg","id":3415,"extension":"jpg","width":1080,"height":1080,"filesize":181059,"sizes":{"medium":{"width":300,"height":300,"mime-type":"image\/jpeg","filesize":29211,"url":"https:\/\/circonavegador.com.br\/wp-content\/uploads\/2023\/10\/2023-10-17_roda_ep3_exibicao-300x300.jpg"},"large":{"width":1024,"height":1024,"mime-type":"image\/jpeg","filesize":159686,"url":"https:\/\/circonavegador.com.br\/wp-content\/uploads\/2023\/10\/2023-10-17_roda_ep3_exibicao-1024x1024.jpg"},"thumbnail":{"width":150,"height":150,"mime-type":"image\/jpeg","filesize":10207,"url":"https:\/\/circonavegador.com.br\/wp-content\/uploads\/2023\/10\/2023-10-17_roda_ep3_exibicao-150x150.jpg"},"medium_large":{"width":768,"height":768,"mime-type":"image\/jpeg","filesize":107398,"url":"https:\/\/circonavegador.com.br\/wp-content\/uploads\/2023\/10\/2023-10-17_roda_ep3_exibicao-768x768.jpg"},"ocean-thumb-m":{"width":600,"height":600,"mime-type":"image\/jpeg","filesize":77683,"url":"https:\/\/circonavegador.com.br\/wp-content\/uploads\/2023\/10\/2023-10-17_roda_ep3_exibicao-600x600.jpg"},"ocean-thumb-ml":{"width":800,"height":450,"mime-type":"image\/jpeg","filesize":61982,"url":"https:\/\/circonavegador.com.br\/wp-content\/uploads\/2023\/10\/2023-10-17_roda_ep3_exibicao-800x450.jpg"},"ocean-thumb-l":{"width":1080,"height":700,"mime-type":"image\/jpeg","filesize":112567,"url":"https:\/\/circonavegador.com.br\/wp-content\/uploads\/2023\/10\/2023-10-17_roda_ep3_exibicao-1080x700.jpg"}}},"all_day":false,"start_date":"2023-10-21 14:00:00","start_date_details":{"year":"2023","month":"10","day":"21","hour":"14","minutes":"00","seconds":"00"},"end_date":"2023-10-21 16:00:00","end_date_details":{"year":"2023","month":"10","day":"21","hour":"16","minutes":"00","seconds":"00"},"utc_start_date":"2023-10-21 17:00:00","utc_start_date_details":{"year":"2023","month":"10","day":"21","hour":"17","minutes":"00","seconds":"00"},"utc_end_date":"2023-10-21 19:00:00","utc_end_date_details":{"year":"2023","month":"10","day":"21","hour":"19","minutes":"00","seconds":"00"},"timezone":"America\/Sao_Paulo","timezone_abbr":"","cost":"Livre","cost_details":{"currency_symbol":"$","currency_code":"Rea","currency_position":"prefix","values":["0"]},"website":"","show_map":false,"show_map_link":false,"hide_from_listings":false,"sticky":false,"featured":false,"categories":[],"tags":[],"venue":{"id":2189,"author":"1","status":"publish","date":"2023-02-04 22:36:47","date_utc":"2023-02-05 01:36:47","modified":"2023-02-04 22:36:47","modified_utc":"2023-02-05 01:36:47","url":"https:\/\/circonavegador.com.br\/?tribe_venue=espaco-cultural-circo-navegador","venue":"Espa\u00e7o Cultural Circo Navegador","slug":"espaco-cultural-circo-navegador","address":"Rua Prefeito Mansueto Pierotti, 826. Vila Am\u00e9lia","city":"S\u00e3o Sebasti\u00e3o","country":"Brasil","province":"SP","phone":"+551221018249","website":"https:\/\/circonavegador.com.br\/","stateprovince":"SP","json_ld":{"@type":"Place","name":"Espa\u00e7o Cultural Circo Navegador","description":"","url":"","address":{"@type":"PostalAddress","streetAddress":"Rua Prefeito Mansueto Pierotti, 826. Vila Am\u00e9lia","addressLocality":"S\u00e3o Sebasti\u00e3o","addressRegion":"SP","addressCountry":"Brasil"},"telephone":"+551221018249","sameAs":"https:\/\/circonavegador.com.br\/"},"show_map":true,"show_map_link":true,"global_id":"circonavegador.com.br?id=2189","global_id_lineage":["circonavegador.com.br?id=2189"]},"organizer":[],"custom_fields":[],"json_ld":{"@context":"http:\/\/schema.org","@type":"Event","name":"Exibi\u00e7\u00e3o do terceiro epis\u00f3dio da Roda Cidad\u00e3 2023","description":"&lt;p&gt;E pra fechar com chave de ouro, neste s\u00e1bado 21\/10 \u00e0s 14h exibiremos no Espa\u00e7o Cultural Circo Navegador o TERCEIRO e \u00daLTIMO da temporada Roda Cidad\u00e3 com o tema: Democracia racial: Igualdade X Equidade A exibi\u00e7\u00e3o ocorre simultaneamente no Espa\u00e7o Cultural Circo Navegador, de forma presencial e atrav\u00e9s do YouTube no Circo Navegador. Ao final do v\u00eddeo, teremos uma conversa bem legal sobre os t\u00f3picos abordados 14h00: Chegada no Espa\u00e7o Cultural Circo Navegador 14h30: In\u00edcio da transmiss\u00e3o simult\u00e2nea do epis\u00f3dio 15h00: Conversa presencial e on-line atrav\u00e9s do Google Meet Espa\u00e7o Cultural Circo Navegador Rua Prefeito Mansueto Pierotti, 826 - Vila Am\u00e9lia S\u00e3o Sebasti\u00e3o - SP Este projeto conta com o apoio do Edital de Fomento do Fundo Municipal de Cultura de S\u00e3o Sebasti\u00e3o @fundass.cultura @arthuamacfadem @___c4du @harlenmendes_ @joseamericocamera @juniormarquesluiz @corpo_ancestral @mariateresacruz_ @regianiabreu @talitapassos20 @thais.navas @vaniacavalcante @manifestando_belezas @malumoreira.mm @datllip @priscilagurski @dj_pipoo @emerson_samurai @b.boy_feio_cris @negraneia2013 @negah_rose @saruemc @valdemir.santos.1804 @tcharlietuna @davi.ras @bruxacris @lippi07 @_marcelo_artesanato @mariaangelicamouramiranda @mariacecilianobreborges @rosineagarcon @comicscrewguava @vaxcomunicar @vaniacavalcante #rodacidada #litoralnorte #saosebastiao #fundass #fundomunicipaldeculturasaosebastiao&lt;\/p&gt;\\n","image":"https:\/\/circonavegador.com.br\/wp-content\/uploads\/2023\/10\/2023-10-17_roda_ep3_exibicao.jpg","url":"https:\/\/circonavegador.com.br\/?tribe_events=exibicao-do-terceiro-episodio-da-roda-cidada-2023","eventAttendanceMode":"https:\/\/schema.org\/OfflineEventAttendanceMode","eventStatus":"https:\/\/schema.org\/EventScheduled","startDate":"2023-10-21T14:00:00-03:00","endDate":"2023-10-21T16:00:00-03:00","location":{"@type":"Place","name":"Espa\u00e7o Cultural Circo Navegador","description":"","url":"","address":{"@type":"PostalAddress","streetAddress":"Rua Prefeito Mansueto Pierotti, 826. Vila Am\u00e9lia","addressLocality":"S\u00e3o Sebasti\u00e3o","addressRegion":"SP","addressCountry":"Brasil"},"telephone":"+551221018249","sameAs":"https:\/\/circonavegador.com.br\/"},"offers":{"@type":"Offer","price":"0","priceCurrency":"Rea","url":"https:\/\/circonavegador.com.br\/?tribe_events=exibicao-do-terceiro-episodio-da-roda-cidada-2023","category":"primary","availability":"inStock","validFrom":"1970-01-01T00:00:00+00:00"},"performer":"Organization"}}