{"id":3361,"global_id":"circonavegador.com.br?id=3361","global_id_lineage":["circonavegador.com.br?id=3361"],"author":"1","status":"publish","date":"2023-09-27 10:06:21","date_utc":"2023-09-27 13:06:21","modified":"2023-09-27 10:06:25","modified_utc":"2023-09-27 13:06:25","url":"https:\/\/circonavegador.com.br\/?tribe_events=circo-navegador-no-fli-festival-literario-sao-sebastiao-literaria","rest_url":"https:\/\/circonavegador.com.br\/index.php?rest_route=\/tribe\/events\/v1\/events\/3361","title":"Circo Navegador no FLI, Festival Liter\u00e1rio &#038; S\u00e3o Sebasti\u00e3o Liter\u00e1ria","description":"<div  class=\"tribe-events-schedule tribe-clearfix\" >\n\t<p class=\"tribe-events-schedule__datetime\">\n\t\t<span class=\"tribe-events-schedule__date tribe-events-schedule__date--start\">\n\t\t\t\t\t<\/span>\n\n\t\t\t\t\t<span class=\"tribe-events-schedule__separator tribe-events-schedule__separator--date\">\n\t\t\t\t @ \t\t\t<\/span>\n\t\t\t<span class=\"tribe-events-schedule__time tribe-events-schedule__time--start\">\n\t\t\t\t\t\t\t<\/span>\n\t\t\n\t\t\t<\/p>\n<\/div>\n\n\n\n<p>O Circo Navegador participa da programa\u00e7\u00e3o do FLI, Festival Liter\u00e1rio &amp; S\u00e3o Sebasti\u00e3o Liter\u00e1ria, realizado desde 2013, e que neste ano acontece em S\u00e3o Sebasti\u00e3o. O grupo apresenta o espet\u00e1culo <em>Om Co T\u00f4? Quem Co S\u00f4? Prom Co V\u00f4?<\/em> no Complexo Tur\u00edstico da Rua da Praia, no Centro Hist\u00f3rico, no dia 07\/10 (s\u00e1bado), \u00e0s 13h40. A participa\u00e7\u00e3o \u00e9 gratuita.&nbsp;<\/p>\n\n\n\n<p>A pe\u00e7a mostra um encontro inusitado, em que o palha\u00e7o Surubim encanta a plateia com sua ingenuidade em situa\u00e7\u00f5es de tens\u00e3o, emo\u00e7\u00e3o, t\u00e9cnica e muita gra\u00e7a. De maneira bastante irreverente, provoca o p\u00fablico para uma viv\u00eancia por meio das rotinas de um show circense, se equilibrando entre o deboche e a eleg\u00e2ncia.<\/p>\n\n\n\n<p>A programa\u00e7\u00e3o completa pode ser acompanhada nas redes sociais: @cultura.fundass e @oficinasculturais. Tamb\u00e9m acontecer\u00e3o uma roda de conversa com Ailton Krenak e Dona Neide Palumbo, al\u00e9m do show de Tulipa, Ju\u00e7ara Mar\u00e7al e Assucena.<\/p>\n\n\n<div  class=\"tribe-block tribe-block__event-price\" >\n\t\t<\/div>\n\n\n<div  class=\"tribe-block tribe-block__organizer__details tribe-clearfix\" >\n\t<div class=\"tribe-block__organizer__title\">\n\t\t<h3>Oficinas Culturais<\/h3>\n\t<\/div>\n\t\t\t<\/div>\n\n\n<div  class=\"tribe-block tribe-block__venue tribe-clearfix tribe-block__venue--has-map\" >\n\t\n\t\t\n\t<\/div>\n\n\n\n\n\t<div  class=\"tribe-block tribe-block__events-link\" >\n\t\t<div class=\"tribe-events tribe-common\">\n\t\t\t<div class=\"tribe-events-c-subscribe-dropdown__container\">\n\t\t\t\t<div class=\"tribe-events-c-subscribe-dropdown\">\n\t\t\t\t\t<div class=\"tribe-common-c-btn-border tribe-events-c-subscribe-dropdown__button\">\n\t\t\t\t\t\t<svg\n\t class=\"tribe-common-c-svgicon tribe-common-c-svgicon--cal-export tribe-events-c-subscribe-dropdown__export-icon\" \taria-hidden=\"true\"\n\tviewBox=\"0 0 23 17\"\n\txmlns=\"http:\/\/www.w3.org\/2000\/svg\"\n>\n\t<path fill-rule=\"evenodd\" clip-rule=\"evenodd\" d=\"M.128.896V16.13c0 .211.145.383.323.383h15.354c.179 0 .323-.172.323-.383V.896c0-.212-.144-.383-.323-.383H.451C.273.513.128.684.128.896Zm16 6.742h-.901V4.679H1.009v10.729h14.218v-3.336h.901V7.638ZM1.01 1.614h14.218v2.058H1.009V1.614Z\" \/>\n\t<path d=\"M20.5 9.846H8.312M18.524 6.953l2.89 2.909-2.855 2.855\" stroke-width=\"1.2\" stroke-linecap=\"round\" stroke-linejoin=\"round\"\/>\n<\/svg>\n\t\t\t\t\t\t<button\n\t\t\t\t\t\t\tclass=\"tribe-events-c-subscribe-dropdown__button-text\"\n\t\t\t\t\t\t\taria-expanded=\"false\"\n\t\t\t\t\t\t\taria-controls=\"tribe-events-subscribe-dropdown-content\"\n\t\t\t\t\t\t\taria-label=\"View links to add events to your calendar\"\n\t\t\t\t\t\t>\n\t\t\t\t\t\t\tAdicionar ao calend\u00e1rio\t\t\t\t\t\t<\/button>\n\t\t\t\t\t\t<svg\n\t class=\"tribe-common-c-svgicon tribe-common-c-svgicon--caret-down tribe-events-c-subscribe-dropdown__button-icon\" \taria-hidden=\"true\"\n\tviewBox=\"0 0 10 7\"\n\txmlns=\"http:\/\/www.w3.org\/2000\/svg\"\n>\n\t<path fill-rule=\"evenodd\" clip-rule=\"evenodd\" d=\"M1.008.609L5 4.6 8.992.61l.958.958L5 6.517.05 1.566l.958-.958z\" class=\"tribe-common-c-svgicon__svg-fill\"\/>\n<\/svg>\n\t\t\t\t\t<\/div>\n\t\t\t\t\t<div id=\"tribe-events-subscribe-dropdown-content\" class=\"tribe-events-c-subscribe-dropdown__content\">\n\t\t\t\t\t\t<ul class=\"tribe-events-c-subscribe-dropdown__list\">\n\t\t\t\t\t\t\t\t\t\t\t\t\t\t\t<li class=\"tribe-events-c-subscribe-dropdown__list-item tribe-events-c-subscribe-dropdown__list-item--gcal\">\n\t\t\t\t\t\t\t\t\t<a\n\t\t\t\t\t\t\t\t\t\thref=\"\"\n\t\t\t\t\t\t\t\t\t\tclass=\"tribe-events-c-subscribe-dropdown__list-item-link\"\n\t\t\t\t\t\t\t\t\t\ttarget=\"_blank\"\n\t\t\t\t\t\t\t\t\t\trel=\"noopener noreferrer nofollow noindex\"\n\t\t\t\t\t\t\t\t\t>\n\t\t\t\t\t\t\t\t\t\tGoogle Agenda\t\t\t\t\t\t\t\t\t<\/a>\n\t\t\t\t\t\t\t\t<\/li>\n\t\t\t\t\t\t\t\t\t\t\t\t\t\t\t<li class=\"tribe-events-c-subscribe-dropdown__list-item tribe-events-c-subscribe-dropdown__list-item--ical\">\n\t\t\t\t\t\t\t\t\t<a\n\t\t\t\t\t\t\t\t\t\thref=\"\"\n\t\t\t\t\t\t\t\t\t\tclass=\"tribe-events-c-subscribe-dropdown__list-item-link\"\n\t\t\t\t\t\t\t\t\t\ttarget=\"_blank\"\n\t\t\t\t\t\t\t\t\t\trel=\"noopener noreferrer nofollow noindex\"\n\t\t\t\t\t\t\t\t\t>\n\t\t\t\t\t\t\t\t\t\tiCalendar\t\t\t\t\t\t\t\t\t<\/a>\n\t\t\t\t\t\t\t\t<\/li>\n\t\t\t\t\t\t\t\t\t\t\t\t\t\t\t<li class=\"tribe-events-c-subscribe-dropdown__list-item tribe-events-c-subscribe-dropdown__list-item--outlook-365\">\n\t\t\t\t\t\t\t\t\t<a\n\t\t\t\t\t\t\t\t\t\thref=\"\"\n\t\t\t\t\t\t\t\t\t\tclass=\"tribe-events-c-subscribe-dropdown__list-item-link\"\n\t\t\t\t\t\t\t\t\t\ttarget=\"_blank\"\n\t\t\t\t\t\t\t\t\t\trel=\"noopener noreferrer nofollow noindex\"\n\t\t\t\t\t\t\t\t\t>\n\t\t\t\t\t\t\t\t\t\tOutlook 365\t\t\t\t\t\t\t\t\t<\/a>\n\t\t\t\t\t\t\t\t<\/li>\n\t\t\t\t\t\t\t\t\t\t\t\t\t\t\t<li class=\"tribe-events-c-subscribe-dropdown__list-item tribe-events-c-subscribe-dropdown__list-item--outlook-live\">\n\t\t\t\t\t\t\t\t\t<a\n\t\t\t\t\t\t\t\t\t\thref=\"\"\n\t\t\t\t\t\t\t\t\t\tclass=\"tribe-events-c-subscribe-dropdown__list-item-link\"\n\t\t\t\t\t\t\t\t\t\ttarget=\"_blank\"\n\t\t\t\t\t\t\t\t\t\trel=\"noopener noreferrer nofollow noindex\"\n\t\t\t\t\t\t\t\t\t>\n\t\t\t\t\t\t\t\t\t\tOutlook Live\t\t\t\t\t\t\t\t\t<\/a>\n\t\t\t\t\t\t\t\t<\/li>\n\t\t\t\t\t\t\t\t\t\t\t\t\t<\/ul>\n\t\t\t\t\t<\/div>\n\t\t\t\t<\/div>\n\t\t\t<\/div>\n\t\t<\/div>\n\t<\/div>","excerpt":"","slug":"circo-navegador-no-fli-festival-literario-sao-sebastiao-literaria","image":{"url":"https:\/\/circonavegador.com.br\/wp-content\/uploads\/2023\/09\/2023-09-21_fli.png","id":3357,"extension":"png","width":1500,"height":1500,"filesize":556164,"sizes":{"medium":{"width":300,"height":300,"mime-type":"image\/png","filesize":57209,"url":"https:\/\/circonavegador.com.br\/wp-content\/uploads\/2023\/09\/2023-09-21_fli-300x300.png"},"large":{"width":1024,"height":1024,"mime-type":"image\/png","filesize":454227,"url":"https:\/\/circonavegador.com.br\/wp-content\/uploads\/2023\/09\/2023-09-21_fli-1024x1024.png"},"thumbnail":{"width":150,"height":150,"mime-type":"image\/png","filesize":19156,"url":"https:\/\/circonavegador.com.br\/wp-content\/uploads\/2023\/09\/2023-09-21_fli-150x150.png"},"medium_large":{"width":768,"height":768,"mime-type":"image\/png","filesize":286951,"url":"https:\/\/circonavegador.com.br\/wp-content\/uploads\/2023\/09\/2023-09-21_fli-768x768.png"},"ocean-thumb-m":{"width":600,"height":600,"mime-type":"image\/png","filesize":186674,"url":"https:\/\/circonavegador.com.br\/wp-content\/uploads\/2023\/09\/2023-09-21_fli-600x600.png"},"ocean-thumb-ml":{"width":800,"height":450,"mime-type":"image\/png","filesize":266876,"url":"https:\/\/circonavegador.com.br\/wp-content\/uploads\/2023\/09\/2023-09-21_fli-800x450.png"},"ocean-thumb-l":{"width":1200,"height":700,"mime-type":"image\/png","filesize":474149,"url":"https:\/\/circonavegador.com.br\/wp-content\/uploads\/2023\/09\/2023-09-21_fli-1200x700.png"}}},"all_day":false,"start_date":"2023-10-07 13:30:00","start_date_details":{"year":"2023","month":"10","day":"07","hour":"13","minutes":"30","seconds":"00"},"end_date":"2023-10-07 14:30:00","end_date_details":{"year":"2023","month":"10","day":"07","hour":"14","minutes":"30","seconds":"00"},"utc_start_date":"2023-10-07 16:30:00","utc_start_date_details":{"year":"2023","month":"10","day":"07","hour":"16","minutes":"30","seconds":"00"},"utc_end_date":"2023-10-07 17:30:00","utc_end_date_details":{"year":"2023","month":"10","day":"07","hour":"17","minutes":"30","seconds":"00"},"timezone":"America\/Sao_Paulo","timezone_abbr":"","cost":"Livre","cost_details":{"currency_symbol":"$","currency_code":"Rea","currency_position":"prefix","values":["0"]},"website":"","show_map":false,"show_map_link":false,"hide_from_listings":false,"sticky":false,"featured":false,"categories":[],"tags":[],"venue":{"id":3365,"author":"1","status":"publish","date":"2023-09-27 10:05:28","date_utc":"0000-00-00 00:00:00","modified":"2023-09-27 10:05:28","modified_utc":"0000-00-00 00:00:00","url":"https:\/\/circonavegador.com.br\/?tribe_venue","venue":"Complexo Tur\u00edstico &#8211; Rua da Praia","json_ld":{"@type":"Place","name":"Complexo Tur\u00edstico &#8211; Rua da Praia","description":"","url":"","address":{"@type":"PostalAddress"},"telephone":"","sameAs":""},"show_map":true,"show_map_link":true,"global_id":"circonavegador.com.br?id=3365","global_id_lineage":["circonavegador.com.br?id=3365"]},"organizer":[{"id":3362,"author":"1","status":"publish","date":"2023-09-27 10:00:40","date_utc":"0000-00-00 00:00:00","modified":"2023-09-27 10:00:40","modified_utc":"0000-00-00 00:00:00","url":"https:\/\/circonavegador.com.br\/?tribe_organizer","organizer":"Oficinas Culturais","json_ld":{"@type":"Person","name":"Oficinas Culturais","description":"","url":"","telephone":"","email":"","sameAs":""},"global_id":"circonavegador.com.br?id=3362","global_id_lineage":["circonavegador.com.br?id=3362"]}],"custom_fields":[],"json_ld":{"@context":"http:\/\/schema.org","@type":"Event","name":"Circo Navegador no FLI, Festival Liter\u00e1rio &#038; S\u00e3o Sebasti\u00e3o Liter\u00e1ria","description":"&lt;p&gt;O Circo Navegador participa da programa\u00e7\u00e3o do FLI, Festival Liter\u00e1rio &amp; S\u00e3o Sebasti\u00e3o Liter\u00e1ria, realizado desde 2013, e que neste ano acontece em S\u00e3o Sebasti\u00e3o. O grupo apresenta o espet\u00e1culo Om Co T\u00f4? Quem Co S\u00f4? Prom Co V\u00f4? no Complexo Tur\u00edstico da Rua da Praia, no Centro Hist\u00f3rico, no dia 07\/10 (s\u00e1bado), \u00e0s 13h40. A participa\u00e7\u00e3o \u00e9 gratuita.&nbsp; A pe\u00e7a mostra um encontro inusitado, em que o palha\u00e7o Surubim encanta a plateia com sua ingenuidade em situa\u00e7\u00f5es de tens\u00e3o, emo\u00e7\u00e3o, t\u00e9cnica e muita gra\u00e7a. De maneira bastante irreverente, provoca o p\u00fablico para uma viv\u00eancia por meio das rotinas de um show circense, se equilibrando entre o deboche e a eleg\u00e2ncia. A programa\u00e7\u00e3o completa pode ser acompanhada nas redes sociais: @cultura.fundass e @oficinasculturais. Tamb\u00e9m acontecer\u00e3o uma roda de conversa com Ailton Krenak e Dona Neide Palumbo, al\u00e9m do show de Tulipa, Ju\u00e7ara Mar\u00e7al e Assucena.&lt;\/p&gt;\\n","image":"https:\/\/circonavegador.com.br\/wp-content\/uploads\/2023\/09\/2023-09-21_fli.png","url":"https:\/\/circonavegador.com.br\/?tribe_events=circo-navegador-no-fli-festival-literario-sao-sebastiao-literaria","eventAttendanceMode":"https:\/\/schema.org\/OfflineEventAttendanceMode","eventStatus":"https:\/\/schema.org\/EventScheduled","startDate":"2023-10-07T13:30:00-03:00","endDate":"2023-10-07T14:30:00-03:00","location":{"@type":"Place","name":"Complexo Tur\u00edstico &#8211; Rua da Praia","description":"","url":"","address":{"@type":"PostalAddress"},"telephone":"","sameAs":""},"organizer":{"@type":"Person","name":"Oficinas Culturais","description":"","url":"","telephone":"","email":"","sameAs":""},"offers":{"@type":"Offer","price":"0","priceCurrency":"Rea","url":"https:\/\/circonavegador.com.br\/?tribe_events=circo-navegador-no-fli-festival-literario-sao-sebastiao-literaria","category":"primary","availability":"inStock","validFrom":"1970-01-01T00:00:00+00:00"},"performer":"Organization"}}