{"id":2492,"global_id":"circonavegador.com.br?id=2492","global_id_lineage":["circonavegador.com.br?id=2492"],"author":"1","status":"publish","date":"2023-03-08 16:54:41","date_utc":"2023-03-08 19:54:41","modified":"2023-03-08 16:54:45","modified_utc":"2023-03-08 19:54:45","url":"https:\/\/circonavegador.com.br\/?tribe_events=show-ana-maria-carvalho","rest_url":"https:\/\/circonavegador.com.br\/index.php?rest_route=\/tribe\/events\/v1\/events\/2492","title":"Show: Ana Maria Carvalho","description":"<div  class=\"tribe-events-schedule tribe-clearfix\" >\n\t<p class=\"tribe-events-schedule__datetime\">\n\t\t<span class=\"tribe-events-schedule__date tribe-events-schedule__date--start\">\n\t\t\t\t\t<\/span>\n\n\t\t\t\t\t<span class=\"tribe-events-schedule__separator tribe-events-schedule__separator--date\">\n\t\t\t\t @ \t\t\t<\/span>\n\t\t\t<span class=\"tribe-events-schedule__time tribe-events-schedule__time--start\">\n\t\t\t\t\t\t\t<\/span>\n\t\t\n\t\t\t<\/p>\n<\/div>\n\n\n\n<p><p dir=\"ltr\" style=\"line-height:1.38;text-align: justify;margin-top:0pt;margin-bottom:10pt;\" id=\"docs-internal-guid-be967489-7fff-ffd1-8071-7a19d122bc75\"><span style=\"font-size:12pt;font-family:Arial;color:#000000;background-color:transparent;font-weight:400;font-style:normal;font-variant:normal;text-decoration:none;vertical-align:baseline;white-space:pre;white-space:pre-wrap;\">No dia 26\/03, domingo, \u00e0s 19h, acontece o show de Ana Maria Carvalho, que \u00e9 cantora, arte educadora e brincante da cultura popular brasileira. Contando com ritmos tradicionais, a artista maranhense ir\u00e1 apresentar o seu repert\u00f3rio, que inclui performances inspiradas no Bumba Meu Boi, Cacuri\u00e1, Ladainhas do Divino Esp\u00edrito Santo, cirandas, acalantos e cantigas de roda. Ela foi premiada como Mestre de Cultura Popular em 2018 pelo Minist\u00e9rio da Cultura, e percorreu o Brasil atuando em espet\u00e1culos e ministrando oficinas em diversos espa\u00e7os culturais.<\/span><\/p><p dir=\"ltr\" style=\"line-height:1.38;text-align: justify;margin-top:0pt;margin-bottom:10pt;\"><span style=\"font-size:12pt;font-family:Arial;color:#000000;background-color:transparent;font-weight:400;font-style:normal;font-variant:normal;text-decoration:none;vertical-align:baseline;white-space:pre;white-space:pre-wrap;\">A mestra realiza show exclusivo com a participa\u00e7\u00e3o do DJ Pipoo. O encontro provoca a conflu\u00eancia da cultura urbana (hip hop) com as ra\u00edzes e ritmos da cultura popular brasileira. Numa experi\u00eancia ousada ser\u00e3o unidos os beats das pick-ups do DJ com a beleza da voz, dos instrumentos ac\u00fasticos e ritmos da cultura ancestral. Promovendo, ent\u00e3o, um encontro entre o passado, o presente e compondo o futuro.<\/span><\/p><\/p>\n\n\n<div  class=\"tribe-block tribe-block__event-price\" >\n\t\t\t\t<span class=\"tribe-block__event-price__description\">Gratuito<\/span>\n\t<\/div>\n\n\n\n\n<div  class=\"tribe-block tribe-block__venue tribe-clearfix\" >\n\t\n\t\t\n\t<\/div>\n\n\n\n\n\t<div  class=\"tribe-block tribe-block__events-link\" >\n\t\t<div class=\"tribe-events tribe-common\">\n\t\t\t<div class=\"tribe-events-c-subscribe-dropdown__container\">\n\t\t\t\t<div class=\"tribe-events-c-subscribe-dropdown\">\n\t\t\t\t\t<div class=\"tribe-common-c-btn-border tribe-events-c-subscribe-dropdown__button\">\n\t\t\t\t\t\t<svg\n\t class=\"tribe-common-c-svgicon tribe-common-c-svgicon--cal-export tribe-events-c-subscribe-dropdown__export-icon\" \taria-hidden=\"true\"\n\tviewBox=\"0 0 23 17\"\n\txmlns=\"http:\/\/www.w3.org\/2000\/svg\"\n>\n\t<path fill-rule=\"evenodd\" clip-rule=\"evenodd\" d=\"M.128.896V16.13c0 .211.145.383.323.383h15.354c.179 0 .323-.172.323-.383V.896c0-.212-.144-.383-.323-.383H.451C.273.513.128.684.128.896Zm16 6.742h-.901V4.679H1.009v10.729h14.218v-3.336h.901V7.638ZM1.01 1.614h14.218v2.058H1.009V1.614Z\" \/>\n\t<path d=\"M20.5 9.846H8.312M18.524 6.953l2.89 2.909-2.855 2.855\" stroke-width=\"1.2\" stroke-linecap=\"round\" stroke-linejoin=\"round\"\/>\n<\/svg>\n\t\t\t\t\t\t<button\n\t\t\t\t\t\t\tclass=\"tribe-events-c-subscribe-dropdown__button-text\"\n\t\t\t\t\t\t\taria-expanded=\"false\"\n\t\t\t\t\t\t\taria-controls=\"tribe-events-subscribe-dropdown-content\"\n\t\t\t\t\t\t\taria-label=\"View links to add events to your calendar\"\n\t\t\t\t\t\t>\n\t\t\t\t\t\t\tAdicionar ao calend\u00e1rio\t\t\t\t\t\t<\/button>\n\t\t\t\t\t\t<svg\n\t class=\"tribe-common-c-svgicon tribe-common-c-svgicon--caret-down tribe-events-c-subscribe-dropdown__button-icon\" \taria-hidden=\"true\"\n\tviewBox=\"0 0 10 7\"\n\txmlns=\"http:\/\/www.w3.org\/2000\/svg\"\n>\n\t<path fill-rule=\"evenodd\" clip-rule=\"evenodd\" d=\"M1.008.609L5 4.6 8.992.61l.958.958L5 6.517.05 1.566l.958-.958z\" class=\"tribe-common-c-svgicon__svg-fill\"\/>\n<\/svg>\n\t\t\t\t\t<\/div>\n\t\t\t\t\t<div id=\"tribe-events-subscribe-dropdown-content\" class=\"tribe-events-c-subscribe-dropdown__content\">\n\t\t\t\t\t\t<ul class=\"tribe-events-c-subscribe-dropdown__list\">\n\t\t\t\t\t\t\t\t\t\t\t\t\t\t\t<li class=\"tribe-events-c-subscribe-dropdown__list-item tribe-events-c-subscribe-dropdown__list-item--gcal\">\n\t\t\t\t\t\t\t\t\t<a\n\t\t\t\t\t\t\t\t\t\thref=\"\"\n\t\t\t\t\t\t\t\t\t\tclass=\"tribe-events-c-subscribe-dropdown__list-item-link\"\n\t\t\t\t\t\t\t\t\t\ttarget=\"_blank\"\n\t\t\t\t\t\t\t\t\t\trel=\"noopener noreferrer nofollow noindex\"\n\t\t\t\t\t\t\t\t\t>\n\t\t\t\t\t\t\t\t\t\tGoogle Agenda\t\t\t\t\t\t\t\t\t<\/a>\n\t\t\t\t\t\t\t\t<\/li>\n\t\t\t\t\t\t\t\t\t\t\t\t\t\t\t<li class=\"tribe-events-c-subscribe-dropdown__list-item tribe-events-c-subscribe-dropdown__list-item--ical\">\n\t\t\t\t\t\t\t\t\t<a\n\t\t\t\t\t\t\t\t\t\thref=\"\"\n\t\t\t\t\t\t\t\t\t\tclass=\"tribe-events-c-subscribe-dropdown__list-item-link\"\n\t\t\t\t\t\t\t\t\t\ttarget=\"_blank\"\n\t\t\t\t\t\t\t\t\t\trel=\"noopener noreferrer nofollow noindex\"\n\t\t\t\t\t\t\t\t\t>\n\t\t\t\t\t\t\t\t\t\tiCalendar\t\t\t\t\t\t\t\t\t<\/a>\n\t\t\t\t\t\t\t\t<\/li>\n\t\t\t\t\t\t\t\t\t\t\t\t\t\t\t<li class=\"tribe-events-c-subscribe-dropdown__list-item tribe-events-c-subscribe-dropdown__list-item--outlook-365\">\n\t\t\t\t\t\t\t\t\t<a\n\t\t\t\t\t\t\t\t\t\thref=\"\"\n\t\t\t\t\t\t\t\t\t\tclass=\"tribe-events-c-subscribe-dropdown__list-item-link\"\n\t\t\t\t\t\t\t\t\t\ttarget=\"_blank\"\n\t\t\t\t\t\t\t\t\t\trel=\"noopener noreferrer nofollow noindex\"\n\t\t\t\t\t\t\t\t\t>\n\t\t\t\t\t\t\t\t\t\tOutlook 365\t\t\t\t\t\t\t\t\t<\/a>\n\t\t\t\t\t\t\t\t<\/li>\n\t\t\t\t\t\t\t\t\t\t\t\t\t\t\t<li class=\"tribe-events-c-subscribe-dropdown__list-item tribe-events-c-subscribe-dropdown__list-item--outlook-live\">\n\t\t\t\t\t\t\t\t\t<a\n\t\t\t\t\t\t\t\t\t\thref=\"\"\n\t\t\t\t\t\t\t\t\t\tclass=\"tribe-events-c-subscribe-dropdown__list-item-link\"\n\t\t\t\t\t\t\t\t\t\ttarget=\"_blank\"\n\t\t\t\t\t\t\t\t\t\trel=\"noopener noreferrer nofollow noindex\"\n\t\t\t\t\t\t\t\t\t>\n\t\t\t\t\t\t\t\t\t\tOutlook Live\t\t\t\t\t\t\t\t\t<\/a>\n\t\t\t\t\t\t\t\t<\/li>\n\t\t\t\t\t\t\t\t\t\t\t\t\t<\/ul>\n\t\t\t\t\t<\/div>\n\t\t\t\t<\/div>\n\t\t\t<\/div>\n\t\t<\/div>\n\t<\/div>","excerpt":"","slug":"show-ana-maria-carvalho","image":{"url":"https:\/\/circonavegador.com.br\/wp-content\/uploads\/2023\/03\/ana-e-convidados.jpg","id":2493,"extension":"jpg","width":1080,"height":1080,"filesize":179799,"sizes":{"medium":{"width":300,"height":300,"mime-type":"image\/jpeg","filesize":24319,"url":"https:\/\/circonavegador.com.br\/wp-content\/uploads\/2023\/03\/ana-e-convidados-300x300.jpg"},"large":{"width":1024,"height":1024,"mime-type":"image\/jpeg","filesize":157531,"url":"https:\/\/circonavegador.com.br\/wp-content\/uploads\/2023\/03\/ana-e-convidados-1024x1024.jpg"},"thumbnail":{"width":150,"height":150,"mime-type":"image\/jpeg","filesize":8202,"url":"https:\/\/circonavegador.com.br\/wp-content\/uploads\/2023\/03\/ana-e-convidados-150x150.jpg"},"medium_large":{"width":768,"height":768,"mime-type":"image\/jpeg","filesize":101655,"url":"https:\/\/circonavegador.com.br\/wp-content\/uploads\/2023\/03\/ana-e-convidados-768x768.jpg"},"ocean-thumb-m":{"width":600,"height":600,"mime-type":"image\/jpeg","filesize":71390,"url":"https:\/\/circonavegador.com.br\/wp-content\/uploads\/2023\/03\/ana-e-convidados-600x600.jpg"},"ocean-thumb-ml":{"width":800,"height":450,"mime-type":"image\/jpeg","filesize":66488,"url":"https:\/\/circonavegador.com.br\/wp-content\/uploads\/2023\/03\/ana-e-convidados-800x450.jpg"},"ocean-thumb-l":{"width":1080,"height":700,"mime-type":"image\/jpeg","filesize":124884,"url":"https:\/\/circonavegador.com.br\/wp-content\/uploads\/2023\/03\/ana-e-convidados-1080x700.jpg"}}},"all_day":false,"start_date":"2023-03-26 19:00:00","start_date_details":{"year":"2023","month":"03","day":"26","hour":"19","minutes":"00","seconds":"00"},"end_date":"2023-03-26 19:00:00","end_date_details":{"year":"2023","month":"03","day":"26","hour":"19","minutes":"00","seconds":"00"},"utc_start_date":"2023-03-26 22:00:00","utc_start_date_details":{"year":"2023","month":"03","day":"26","hour":"22","minutes":"00","seconds":"00"},"utc_end_date":"2023-03-26 22:00:00","utc_end_date_details":{"year":"2023","month":"03","day":"26","hour":"22","minutes":"00","seconds":"00"},"timezone":"America\/Sao_Paulo","timezone_abbr":"","cost":"","cost_details":{"currency_symbol":"$","currency_code":"USD","currency_position":"prefix","values":[]},"website":"","show_map":true,"show_map_link":true,"hide_from_listings":false,"sticky":false,"featured":false,"categories":[],"tags":[],"venue":{"id":2189,"author":"1","status":"publish","date":"2023-02-04 22:36:47","date_utc":"2023-02-05 01:36:47","modified":"2023-02-04 22:36:47","modified_utc":"2023-02-05 01:36:47","url":"https:\/\/circonavegador.com.br\/?tribe_venue=espaco-cultural-circo-navegador","venue":"Espa\u00e7o Cultural Circo Navegador","slug":"espaco-cultural-circo-navegador","address":"Rua Prefeito Mansueto Pierotti, 826. Vila Am\u00e9lia","city":"S\u00e3o Sebasti\u00e3o","country":"Brasil","province":"SP","phone":"+551221018249","website":"https:\/\/circonavegador.com.br\/","stateprovince":"SP","json_ld":{"@type":"Place","name":"Espa\u00e7o Cultural Circo Navegador","description":"","url":"","address":{"@type":"PostalAddress","streetAddress":"Rua Prefeito Mansueto Pierotti, 826. Vila Am\u00e9lia","addressLocality":"S\u00e3o Sebasti\u00e3o","addressRegion":"SP","addressCountry":"Brasil"},"telephone":"+551221018249","sameAs":"https:\/\/circonavegador.com.br\/"},"show_map":true,"show_map_link":true,"global_id":"circonavegador.com.br?id=2189","global_id_lineage":["circonavegador.com.br?id=2189"]},"organizer":[],"custom_fields":[],"json_ld":{"@context":"http:\/\/schema.org","@type":"Event","name":"Show: Ana Maria Carvalho","description":"&lt;p&gt;No dia 26\/03, domingo, \u00e0s 19h, acontece o show de Ana Maria Carvalho, que \u00e9 cantora, arte educadora e brincante da cultura popular brasileira. Contando com ritmos tradicionais, a artista maranhense ir\u00e1 apresentar o seu repert\u00f3rio, que inclui performances inspiradas no Bumba Meu Boi, Cacuri\u00e1, Ladainhas do Divino Esp\u00edrito Santo, cirandas, acalantos e cantigas de roda. Ela foi premiada como Mestre de Cultura Popular em 2018 pelo Minist\u00e9rio da Cultura, e percorreu o Brasil atuando em espet\u00e1culos e ministrando oficinas em diversos espa\u00e7os culturais.A mestra realiza show exclusivo com a participa\u00e7\u00e3o do DJ Pipoo. O encontro provoca a conflu\u00eancia da cultura urbana (hip hop) com as ra\u00edzes e ritmos da cultura popular brasileira. Numa experi\u00eancia ousada ser\u00e3o unidos os beats das pick-ups do DJ com a beleza da voz, dos instrumentos ac\u00fasticos e ritmos da cultura ancestral. Promovendo, ent\u00e3o, um encontro entre o passado, o presente e compondo o futuro.&lt;\/p&gt;\\n","image":"https:\/\/circonavegador.com.br\/wp-content\/uploads\/2023\/03\/ana-e-convidados.jpg","url":"https:\/\/circonavegador.com.br\/?tribe_events=show-ana-maria-carvalho","eventAttendanceMode":"https:\/\/schema.org\/OfflineEventAttendanceMode","eventStatus":"https:\/\/schema.org\/EventScheduled","startDate":"2023-03-26T19:00:00-03:00","endDate":"2023-03-26T19:00:00-03:00","location":{"@type":"Place","name":"Espa\u00e7o Cultural Circo Navegador","description":"","url":"","address":{"@type":"PostalAddress","streetAddress":"Rua Prefeito Mansueto Pierotti, 826. Vila Am\u00e9lia","addressLocality":"S\u00e3o Sebasti\u00e3o","addressRegion":"SP","addressCountry":"Brasil"},"telephone":"+551221018249","sameAs":"https:\/\/circonavegador.com.br\/"},"performer":"Organization"}}